{"id":90089,"date":"2024-09-09T09:58:35","date_gmt":"2024-09-09T12:58:35","guid":{"rendered":"https:\/\/catolicanet.net\/wp-cnet\/?p=90089"},"modified":"2024-09-09T14:59:30","modified_gmt":"2024-09-09T17:59:30","slug":"pontificio-pio-brasileiro-em-roma-retiro-espiritual-marca-acolhida-dos-novos-alunos-em-colegio-da-cnbb","status":"publish","type":"post","link":"https:\/\/catolicanet.net\/wp-cnet\/pontificio-pio-brasileiro-em-roma-retiro-espiritual-marca-acolhida-dos-novos-alunos-em-colegio-da-cnbb\/","title":{"rendered":"PONTIF\u00cdCIO PIO BRASILEIRO EM ROMA: RETIRO ESPIRITUAL MARCA ACOLHIDA DOS NOVOS ALUNOS EM COL\u00c9GIO DA CNBB"},"content":{"rendered":"<p style=\"text-align: justify;\">No \u00faltimo s\u00e1bado, 7 de setembro, o Pontif\u00edcio Col\u00e9gio Pio Brasileiro, espa\u00e7o de forma\u00e7\u00e3o da Confer\u00eancia Nacional dos Bispos do Brasil (CNBB) em Roma, foi palco do Retiro Espiritual para os 28 padres alunos que passaram a residir na institui\u00e7\u00e3o neste ano de 2024.<\/p>\n<p style=\"text-align: justify;\">O encontro foi conduzido pelo diretor espiritual do col\u00e9gio, dom Armando Bucciol, e faz parte do processo de integra\u00e7\u00e3o dos novos membros da comunidade acad\u00eamica e sacerdotal. Ao longo do ano, o Col\u00e9gio receber\u00e1 ao todo 32 novos alunos, elevando o n\u00famero total de presb\u00edteros residentes para 103.<\/p>\n<p style=\"text-align: justify;\">Durante o retiro, dom Armando destacou a import\u00e2ncia da espiritualidade evang\u00e9lica como base da vida acad\u00eamica e eclesial, frisando: \u201ca primazia da espiritualidade evang\u00e9lica deve definir as coordenadas do estudo acad\u00eamico e orientar a vida eclesial, mission\u00e1ria e apost\u00f3lica. Essa primazia precisa permear e compenetrar o nosso ser e agir, tornando essencial, madura e encarnada a viv\u00eancia espiritual, a vida segundo o divino Esp\u00edrito\u201d.<\/p>\n<p style=\"text-align: justify;\">Ele tamb\u00e9m convidou os padres a refletirem sobre sua voca\u00e7\u00e3o \u00e0 luz do amor divino, afirmando: \u201cao longo da vida, devemos aprender a procurar a medida certa para nossos projetos, passando da santidade idealizada \u00e0 santidade vivida, entre os altos e baixos da jornada terrena, entre prop\u00f3sitos e incoer\u00eancias, sempre recome\u00e7ando\u201d.<\/p>\n<p style=\"text-align: justify;\">O retiro foi conclu\u00eddo com uma Missa Votiva a Nossa Senhora, celebrada no fim da tarde. Em seguida, a comunidade sacerdotal se reuniu para um jantar festivo em comemora\u00e7\u00e3o ao Dia da Independ\u00eancia do Brasil, celebrado em 7 de setembro.<\/p>\n<p style=\"text-align: justify;\">O Reitor do Pontif\u00edcio Col\u00e9gio Pio Brasileiro, padre Valdir C\u00e2ndido, destacou a import\u00e2ncia do evento: \u201ceste \u00e9 um passo significativo para fortalecer os la\u00e7os de comunh\u00e3o entre os novos membros de nossa comunidade sacerdotal. Que cada um trace seu caminho de estudos, sempre guiado pela Luz da vontade do Senhor, que nos chama\u201d.<\/p>\n<p>&nbsp;<\/p>\n<p><img loading=\"lazy\" decoding=\"async\" class=\"aligncenter wp-image-970072 size-large\" src=\"https:\/\/www.cnbb.org.br\/wp-content\/uploads\/2024\/09\/Pio-Brasileiro-1024x576.jpeg\" sizes=\"auto, (max-width: 1024px) 100vw, 1024px\" srcset=\"https:\/\/www.cnbb.org.br\/wp-content\/uploads\/2024\/09\/Pio-Brasileiro-1024x576.jpeg 1024w, https:\/\/www.cnbb.org.br\/wp-content\/uploads\/2024\/09\/Pio-Brasileiro-300x169.jpeg 300w, https:\/\/www.cnbb.org.br\/wp-content\/uploads\/2024\/09\/Pio-Brasileiro-768x432.jpeg 768w, https:\/\/www.cnbb.org.br\/wp-content\/uploads\/2024\/09\/Pio-Brasileiro-500x281.jpeg 500w, https:\/\/www.cnbb.org.br\/wp-content\/uploads\/2024\/09\/Pio-Brasileiro.jpeg 1280w\" alt=\"\" width=\"1024\" height=\"576\" \/><\/p>\n<p><strong>Para saber mais sobre o Pontif\u00edcio Col\u00e9gio Pio Brasileiro<\/strong>, acesse:\u00a0<a href=\"https:\/\/www.piobrasileiro.com\/site\/\" target=\"_blank\" rel=\"noopener\">piobrasileiro.com<\/a><\/p>\n","protected":false},"excerpt":{"rendered":"<p>No \u00faltimo s\u00e1bado, 7 de setembro, o Pontif\u00edcio Col\u00e9gio Pio Brasileiro, espa\u00e7o de forma\u00e7\u00e3o da Confer\u00eancia Nacional dos Bispos do Brasil (CNBB) em Roma, foi palco do Retiro Espiritual para os 28 padres alunos que passaram a residir na institui\u00e7\u00e3o neste ano de 2024. O encontro foi conduzido pelo diretor espiritual do col\u00e9gio, dom Armando [&hellip;]<\/p>\n","protected":false},"author":1,"featured_media":90090,"comment_status":"open","ping_status":"closed","sticky":false,"template":"","format":"standard","meta":{"footnotes":""},"categories":[7],"tags":[],"class_list":["post-90089","post","type-post","status-publish","format-standard","has-post-thumbnail","hentry","category-cnbb"],"_links":{"self":[{"href":"https:\/\/catolicanet.net\/wp-cnet\/wp-json\/wp\/v2\/posts\/90089","targetHints":{"allow":["GET"]}}],"collection":[{"href":"https:\/\/catolicanet.net\/wp-cnet\/wp-json\/wp\/v2\/posts"}],"about":[{"href":"https:\/\/catolicanet.net\/wp-cnet\/wp-json\/wp\/v2\/types\/post"}],"author":[{"embeddable":true,"href":"https:\/\/catolicanet.net\/wp-cnet\/wp-json\/wp\/v2\/users\/1"}],"replies":[{"embeddable":true,"href":"https:\/\/catolicanet.net\/wp-cnet\/wp-json\/wp\/v2\/comments?post=90089"}],"version-history":[{"count":1,"href":"https:\/\/catolicanet.net\/wp-cnet\/wp-json\/wp\/v2\/posts\/90089\/revisions"}],"predecessor-version":[{"id":90092,"href":"https:\/\/catolicanet.net\/wp-cnet\/wp-json\/wp\/v2\/posts\/90089\/revisions\/90092"}],"wp:featuredmedia":[{"embeddable":true,"href":"https:\/\/catolicanet.net\/wp-cnet\/wp-json\/wp\/v2\/media\/90090"}],"wp:attachment":[{"href":"https:\/\/catolicanet.net\/wp-cnet\/wp-json\/wp\/v2\/media?parent=90089"}],"wp:term":[{"taxonomy":"category","embeddable":true,"href":"https:\/\/catolicanet.net\/wp-cnet\/wp-json\/wp\/v2\/categories?post=90089"},{"taxonomy":"post_tag","embeddable":true,"href":"https:\/\/catolicanet.net\/wp-cnet\/wp-json\/wp\/v2\/tags?post=90089"}],"curies":[{"name":"wp","href":"https:\/\/api.w.org\/{rel}","templated":true}]}}