{"id":90041,"date":"2024-09-05T09:03:47","date_gmt":"2024-09-05T12:03:47","guid":{"rendered":"https:\/\/catolicanet.net\/wp-cnet\/?p=90041"},"modified":"2024-09-05T16:06:45","modified_gmt":"2024-09-05T19:06:45","slug":"o-papa-lancar-corajosamente-as-redes-do-evangelho-no-meio-do-mar-do-mundo","status":"publish","type":"post","link":"https:\/\/catolicanet.net\/wp-cnet\/o-papa-lancar-corajosamente-as-redes-do-evangelho-no-meio-do-mar-do-mundo\/","title":{"rendered":"O Papa: lan\u00e7ar corajosamente as redes do Evangelho no meio do mar do mundo"},"content":{"rendered":"<div class=\"article__subTitle\" style=\"text-align: justify;\">Em sua homilia, na missa celebrada no Est\u00e1dio Gelora Bung Karno, em Jacarta, Francisco citou duas atitudes fundamentais que o encontro com Jesus nos convida a viver e que nos tornam seus disc\u00edpulos: escutar a Palavra e viver a Palavra.<\/div>\n<div class=\"title__separator\" style=\"text-align: justify;\"><\/div>\n<div class=\"article__text\">\n<p style=\"text-align: justify;\"><b>Mariangela Jaguraba &#8211; Vatican News<\/b><\/p>\n<p><iframe loading=\"lazy\" title=\"Jacarta, chegada e Santa Missa, 5 de setembro de 2024, Papa Francisco\" width=\"696\" height=\"392\" src=\"https:\/\/www.youtube.com\/embed\/bMk0pr3nQU8?feature=oembed\" frameborder=\"0\" allow=\"accelerometer; autoplay; clipboard-write; encrypted-media; gyroscope; picture-in-picture; web-share\" referrerpolicy=\"strict-origin-when-cross-origin\" allowfullscreen><\/iframe><\/p>\n<p style=\"text-align: justify;\">O Papa Francisco celebrou a primeira missa p\u00fablica de sua 45\u00aa Viagem Apost\u00f3lica Internacional, no Est\u00e1dio Gelora Bung Karno, em Jacarta, na Indon\u00e9sia, nesta quinta-feira (05\/09).<\/p>\n<div style=\"text-align: justify;\">\n<div class=\"article__embed article__embed--unwrap article__embed--dark\">\n<div class=\"article__innerTitle\">Ou\u00e7a e compartilhe<\/div>\n<div>\n<!--[if lt IE 9]><script>document.createElement('audio');<\/script><![endif]-->\n<audio class=\"wp-audio-shortcode\" id=\"audio-90041-1\" preload=\"none\" style=\"width: 100%;\" controls=\"controls\"><source type=\"audio\/mpeg\" src=\"https:\/\/media.vaticannews.va\/media\/audio\/s1\/2024\/09\/05\/15\/138249191_F138249191.mp3?_=1\" \/><a href=\"https:\/\/media.vaticannews.va\/media\/audio\/s1\/2024\/09\/05\/15\/138249191_F138249191.mp3\">https:\/\/media.vaticannews.va\/media\/audio\/s1\/2024\/09\/05\/15\/138249191_F138249191.mp3<\/a><\/audio>\n<\/div>\n<\/div>\n<\/div>\n<p style=\"text-align: justify;\">Francisco iniciou sua homilia, citando duas atitudes fundamentais que o encontro com Jesus nos convida a viver e que nos tornam seus disc\u00edpulos:\u00a0<b>escutar a Palavra e viver a Palavra.<\/b><\/p>\n<p style=\"text-align: justify;\"><b>Escutar a Palavra.<\/b> O evangelista Lucas conta que muitas pessoas acorriam a Jesus e que a multid\u00e3o se comprimia \u00e0 volta dele \u00abpara escutar a palavra de Deus\u00bb. Procuravam-no, tinham fome e sede da Palavra do Senhor, que ouviam ressoar nas palavras de Jesus.<\/p>\n<div style=\"text-align: justify;\">\n<div class=\"article__embed article__embed--unwrap article__embed--photo\">\n<figure><picture><img decoding=\"async\" class=\"loaded\" src=\"https:\/\/www.vaticannews.va\/content\/dam\/vaticannews\/agenzie\/images\/srv\/2024\/09\/05\/2024-09-05-viaggio-apostolico-in-indonesia---santa-messa-nello-s\/1725535004929.JPG\/_jcr_content\/renditions\/cq5dam.thumbnail.cropped.750.422.jpeg\" alt=\"Fi\u00e9is durante a missa celebrada pelo Papa Francisco, em Jacarta\" data-original=\"\/content\/dam\/vaticannews\/agenzie\/images\/srv\/2024\/09\/05\/2024-09-05-viaggio-apostolico-in-indonesia---santa-messa-nello-s\/1725535004929.JPG\/_jcr_content\/renditions\/cq5dam.thumbnail.cropped.750.422.jpeg\" data-was-processed=\"true\" \/><\/picture><\/figure>\n<div class=\"photo_embed--Title\" style=\"text-align: center;\">Fi\u00e9is durante a missa celebrada pelo Papa Francisco, em Jacarta<\/div>\n<\/div>\n<\/div>\n<h2 style=\"text-align: justify;\">Palavra de Deus, \u00fanica b\u00fassola para o nosso caminho<\/h2>\n<p style=\"text-align: justify;\"><i>Por isso, este epis\u00f3dio, que se repete tantas vezes no Evangelho, nos diz que o cora\u00e7\u00e3o do homem est\u00e1 sempre \u00e0 procura de uma verdade que possa aplacar e alimentar o seu desejo de felicidade; que n\u00e3o podemos contentar-nos apenas com as palavras humanas, os crit\u00e9rios deste mundo e os ju\u00edzos terrenos.<\/i><\/p>\n<div style=\"text-align: justify;\">\n<div class=\"article__embed article__embed--border embed_style\">\n<blockquote><p>\u201cPrecisamos sempre de uma luz do alto para iluminar os nossos passos, de uma \u00e1gua viva que possa irrigar os desertos da alma, de uma consola\u00e7\u00e3o que n\u00e3o desiluda porque prov\u00e9m do c\u00e9u e n\u00e3o das coisas passageiras deste mundo.\u201d<\/p><\/blockquote>\n<\/div>\n<\/div>\n<p style=\"text-align: justify;\">&#8220;<b>Perante o entontecimento e a vaidade das palavras humanas, faz falta a Palavra de Deus, a \u00fanica que \u00e9 b\u00fassola para o nosso caminho e \u00e9 capaz de, no meio de tantas feridas e perplexidades, nos reconduzir ao verdadeiro sentido da vida<\/b>&#8220;, disse ainda o Papa.<\/p>\n<p style=\"text-align: justify;\">Segundo Francisco, &#8220;a primeira tarefa do disc\u00edpulo n\u00e3o \u00e9 vestir o h\u00e1bito de uma religiosidade exteriormente perfeita, fazer coisas extraordin\u00e1rias ou envolver-se em projetos grandiosos. Pelo contr\u00e1rio, o primeiro passo consiste em saber escutar a \u00fanica Palavra que salva, que \u00e9 a de Jesus, como podemos ver no epis\u00f3dio evang\u00e9lico, o Mestre sobe para a barca de Pedro a fim de se afastar um pouco da margem e, assim, pregar melhor ao povo. A nossa vida de f\u00e9 come\u00e7a quando, acolhendo humildemente Jesus na barca da nossa vida, lhe damos espa\u00e7o, escutamos a sua Palavra e, por ela, nos deixamos interpelar, estremecer e transformar&#8221;.<\/p>\n<div style=\"text-align: justify;\">\n<div class=\"article__embed article__embed--unwrap article__embed--photo\">\n<figure><picture><img decoding=\"async\" class=\"loaded\" src=\"https:\/\/www.vaticannews.va\/content\/dam\/vaticannews\/agenzie\/images\/srv\/2024\/09\/05\/2024-09-05-viaggio-apostolico-in-indonesia---santa-messa-nello-s\/1725532297113.JPG\/_jcr_content\/renditions\/cq5dam.thumbnail.cropped.750.422.jpeg\" alt=\"O Papa durante a missa no Est\u00e1dio Gelora Bung Karno, em Jacarta\" data-original=\"\/content\/dam\/vaticannews\/agenzie\/images\/srv\/2024\/09\/05\/2024-09-05-viaggio-apostolico-in-indonesia---santa-messa-nello-s\/1725532297113.JPG\/_jcr_content\/renditions\/cq5dam.thumbnail.cropped.750.422.jpeg\" data-was-processed=\"true\" \/><\/picture><\/figure>\n<div class=\"photo_embed--Title\" style=\"text-align: center;\">O Papa durante a missa no Est\u00e1dio Gelora Bung Karno, em Jacarta<\/div>\n<\/div>\n<\/div>\n<h2 style=\"text-align: justify;\">Ousar uma vida nova<\/h2>\n<p style=\"text-align: justify;\">Ao mesmo tempo, a Palavra do Senhor pede para ser encarnada concretamente em n\u00f3s: somos chamados a\u00a0<b>viver a Palavra.<\/b>\u00a0Quando terminou de pregar \u00e0s multid\u00f5es a partir da barca, Jesus dirige-se a Pedro, exortando-o a arriscar e a apostar nesta Palavra: \u00abFaz-te ao largo; e v\u00f3s, lan\u00e7ai as redes para a pesca\u00bb.<\/p>\n<p style=\"text-align: justify;\"><i>A Palavra do Senhor n\u00e3o pode permanecer uma linda ideia abstrata ou suscitar apenas a emo\u00e7\u00e3o de um momento; ela exige-nos que mudemos o olhar, que deixemos o cora\u00e7\u00e3o transformar-se \u00e0 imagem do cora\u00e7\u00e3o de Cristo; ela nos chama a lan\u00e7ar corajosamente as redes do Evangelho no meio do mar do mundo, \u201ccorrendo o risco\u201d de viver o amor que Ele nos ensinou e viveu em primeiro lugar.<\/i><\/p>\n<div style=\"text-align: justify;\">\n<div class=\"article__embed article__embed--border embed_style\">\n<blockquote><p>\u201cTamb\u00e9m a n\u00f3s o Senhor, com a for\u00e7a ardente da sua Palavra, nos pede para avan\u00e7ar para \u00e1guas mais profundas, para sairmos das margens estagnadas dos maus h\u00e1bitos, dos medos e da mediocridade, para ousarmos uma vida nova.\u201d<\/p><\/blockquote>\n<\/div>\n<\/div>\n<h2 style=\"text-align: justify;\">Ter a mesma humildade e f\u00e9 de Pedro<\/h2>\n<p style=\"text-align: justify;\">De acordo com Francisco, &#8220;existem sempre obst\u00e1culos e desculpas no sentido de dizermos \u201cn\u00e3o\u201d; mas olhemos de novo para a atitude de Pedro: tinha vindo de uma noite dif\u00edcil, em que n\u00e3o tinha pescado nada, estava cansado e desiludido, e no entanto, em vez de ficar paralisado naquele vazio e bloqueado pelo seu pr\u00f3prio fracasso, diz: \u00abMestre, trabalhamos durante toda a noite e nada pescamos; mas, porque Tu o dizes, lan\u00e7arei as redes\u00bb. Porque Tu o dizes, lan\u00e7arei as redes. E ent\u00e3o se realiza o inaudito: o milagre de uma barca que se enche de peixes a ponto de quase afundar&#8221;.<\/p>\n<p style=\"text-align: justify;\"><i>Irm\u00e3os e irm\u00e3s, perante as muitas tarefas da nossa vida quotidiana; perante o apelo, que todos sentimos, de construir uma sociedade mais justa, de avan\u00e7ar no caminho da paz e do di\u00e1logo \u2013 que aqui na Indon\u00e9sia j\u00e1 foi tra\u00e7ado h\u00e1 muito tempo \u2013, podemos por vezes julgar-nos inadequados, sentir o peso de tanto esfor\u00e7o que nem sempre d\u00e1 os frutos esperados, ou o peso dos nossos erros que parecem impedir o caminho.<\/i><\/p>\n<div style=\"text-align: justify;\">\n<div class=\"article__embed article__embed--border embed_style\">\n<blockquote><p>\u201cMas, com a mesma humildade e f\u00e9 de Pedro, tamb\u00e9m nos \u00e9 pedido para n\u00e3o ficarmos prisioneiros dos nossos fracassos e, em vez de permanecermos com os olhos fixos nas nossas redes vazias, olharmos para Jesus e confiarmos nele.\u201d<\/p><\/blockquote>\n<\/div>\n<\/div>\n<p style=\"text-align: justify;\"><i>Podemos sempre arriscar, avan\u00e7ando-nos ao mar e lan\u00e7ando de novo as redes, mesmo depois de termos atravessado a noite do fracasso, o tempo da desilus\u00e3o, em que n\u00e3o pescamos nada.<\/i><\/p>\n<div style=\"text-align: justify;\">\n<div class=\"article__embed article__embed--unwrap article__embed--photo\">\n<figure><picture><img decoding=\"async\" class=\"loaded\" src=\"https:\/\/www.vaticannews.va\/content\/dam\/vaticannews\/agenzie\/images\/srv\/2024\/09\/05\/2024-09-05-viaggio-apostolico-in-indonesia---santa-messa-nello-s\/1725532184220.JPG\/_jcr_content\/renditions\/cq5dam.thumbnail.cropped.750.422.jpeg\" alt=\"Missa no Est\u00e1dio Gelora Bung Karno, em Jacarta\" data-original=\"\/content\/dam\/vaticannews\/agenzie\/images\/srv\/2024\/09\/05\/2024-09-05-viaggio-apostolico-in-indonesia---santa-messa-nello-s\/1725532184220.JPG\/_jcr_content\/renditions\/cq5dam.thumbnail.cropped.750.422.jpeg\" data-was-processed=\"true\" \/><\/picture><\/figure>\n<div class=\"photo_embed--Title\" style=\"text-align: center;\">Missa no Est\u00e1dio Gelora Bung Karno, em Jacarta<\/div>\n<\/div>\n<\/div>\n<h2 style=\"text-align: justify;\">Percorrer com confian\u00e7a o caminho do di\u00e1logo<\/h2>\n<p style=\"text-align: justify;\">O Papa citou as palavras de\u00a0<b>Santa Teresa de Calcut\u00e1,<\/b>\u00a0cuja mem\u00f3ria celebramos hoje, que se dedicou incansavelmente aos mais pobres e se tornou uma promotora da paz e do di\u00e1logo: \u201cQuando nada tivermos para dar, demos esse nada. E lembra-te: nunca te canses de semear, mesmo se n\u00e3o vieres a colher nada\u201d.<\/p>\n<p style=\"text-align: justify;\">Francisco exortou os indon\u00e9sios a ousarem sempre o sonho da fraternidade que \u00e9 &#8220;um verdadeiro tesouro&#8221; entre eles. &#8220;Com a Palavra do Senhor encorajo-vos a semear o amor, a percorrer com confian\u00e7a o caminho do di\u00e1logo, a praticar continuamente a bondade e amabilidade com o sorriso que vos caracteriza, a serem construtores de unidade e de paz. Sede construtores de esperan\u00e7a, daquela esperan\u00e7a do Evangelho que n\u00e3o desilude e abre a uma alegria sem fim&#8221;, concluiu.<\/p>\n<\/div>\n","protected":false},"excerpt":{"rendered":"<p>Em sua homilia, na missa celebrada no Est\u00e1dio Gelora Bung Karno, em Jacarta, Francisco citou duas atitudes fundamentais que o encontro com Jesus nos convida a viver e que nos tornam seus disc\u00edpulos: escutar a Palavra e viver a Palavra. Mariangela Jaguraba &#8211; Vatican News O Papa Francisco celebrou a primeira missa p\u00fablica de sua [&hellip;]<\/p>\n","protected":false},"author":1,"featured_media":90042,"comment_status":"open","ping_status":"closed","sticky":false,"template":"","format":"standard","meta":{"footnotes":""},"categories":[13,3],"tags":[],"class_list":["post-90041","post","type-post","status-publish","format-standard","has-post-thumbnail","hentry","category-featured","category-vaticano"],"_links":{"self":[{"href":"https:\/\/catolicanet.net\/wp-cnet\/wp-json\/wp\/v2\/posts\/90041","targetHints":{"allow":["GET"]}}],"collection":[{"href":"https:\/\/catolicanet.net\/wp-cnet\/wp-json\/wp\/v2\/posts"}],"about":[{"href":"https:\/\/catolicanet.net\/wp-cnet\/wp-json\/wp\/v2\/types\/post"}],"author":[{"embeddable":true,"href":"https:\/\/catolicanet.net\/wp-cnet\/wp-json\/wp\/v2\/users\/1"}],"replies":[{"embeddable":true,"href":"https:\/\/catolicanet.net\/wp-cnet\/wp-json\/wp\/v2\/comments?post=90041"}],"version-history":[{"count":1,"href":"https:\/\/catolicanet.net\/wp-cnet\/wp-json\/wp\/v2\/posts\/90041\/revisions"}],"predecessor-version":[{"id":90044,"href":"https:\/\/catolicanet.net\/wp-cnet\/wp-json\/wp\/v2\/posts\/90041\/revisions\/90044"}],"wp:featuredmedia":[{"embeddable":true,"href":"https:\/\/catolicanet.net\/wp-cnet\/wp-json\/wp\/v2\/media\/90042"}],"wp:attachment":[{"href":"https:\/\/catolicanet.net\/wp-cnet\/wp-json\/wp\/v2\/media?parent=90041"}],"wp:term":[{"taxonomy":"category","embeddable":true,"href":"https:\/\/catolicanet.net\/wp-cnet\/wp-json\/wp\/v2\/categories?post=90041"},{"taxonomy":"post_tag","embeddable":true,"href":"https:\/\/catolicanet.net\/wp-cnet\/wp-json\/wp\/v2\/tags?post=90041"}],"curies":[{"name":"wp","href":"https:\/\/api.w.org\/{rel}","templated":true}]}}