{"id":90022,"date":"2024-09-02T09:26:02","date_gmt":"2024-09-02T12:26:02","guid":{"rendered":"https:\/\/catolicanet.net\/wp-cnet\/?p=90022"},"modified":"2024-09-02T15:27:05","modified_gmt":"2024-09-02T18:27:05","slug":"papa-francisco-inicia-sua-45o-viagem-apostolica-na-qual-visitara-4-paises-em-13-dias","status":"publish","type":"post","link":"https:\/\/catolicanet.net\/wp-cnet\/papa-francisco-inicia-sua-45o-viagem-apostolica-na-qual-visitara-4-paises-em-13-dias\/","title":{"rendered":"PAPA FRANCISCO INICIA SUA 45\u00ba VIAGEM APOST\u00d3LICA NA QUAL VISITAR\u00c1 4 PA\u00cdSES EM 13 DIAS"},"content":{"rendered":"<p style=\"text-align: justify;\">O Papa embarcou para Jacarta, Indon\u00e9sia, iniciando sua 45\u00aa Viagem Apost\u00f3lica, a mais longa de seu pontificado. Antes de partir, Francisco recebeu um grupo de sem-teto no Vaticano, acompanhado pelo cardeal Konrad Krajewski. Durante a viagem de 32.814 quil\u00f4metros, que tamb\u00e9m inclui visitas a Timor-Leste, Papua-Nova Guin\u00e9 e Singapura, o Santo Padre abordar\u00e1 temas como paz, di\u00e1logo inter-religioso, reconcilia\u00e7\u00e3o social e mudan\u00e7a clim\u00e1tica.<\/p>\n<p style=\"text-align: justify;\">Sorridente, o Papa Francisco embarcou no voo que o levar\u00e1 a Jacarta, na Indon\u00e9sia, primeira etapa de sua 45\u00aa Viagem Apost\u00f3lica internacional. O avi\u00e3o, que leva o Santo Padre ao continente asi\u00e1tico, decolou nesta segunda-feira, 2 de setembro, \u00e0s 17h32, hor\u00e1rio de Roma.<\/p>\n<p style=\"text-align: justify;\">Antes de deixar o Vaticano, conforme informou a Sala de Imprensa da Santa S\u00e9, \u201cpouco depois das 16 horas locais, cerca de quinze pessoas em situa\u00e7\u00e3o de rua, homens e mulheres, acompanhadas pelo cardeal Konrad Krajewski, Esmoleiro de Sua Santidade, visitaram o Papa Francisco na Casa Santa Marta antes de sua partida para a pr\u00f3xima Viagem Apost\u00f3lica pela \u00c1sia e Oceania\u201d.<\/p>\n<p style=\"text-align: justify;\"><img loading=\"lazy\" decoding=\"async\" class=\"aligncenter wp-image-969752 size-large\" src=\"https:\/\/www.cnbb.org.br\/wp-content\/uploads\/2024\/09\/Papa-sem-Teto-1024x576.jpeg\" sizes=\"auto, (max-width: 1024px) 100vw, 1024px\" srcset=\"https:\/\/www.cnbb.org.br\/wp-content\/uploads\/2024\/09\/Papa-sem-Teto-1024x576.jpeg 1024w, https:\/\/www.cnbb.org.br\/wp-content\/uploads\/2024\/09\/Papa-sem-Teto-300x169.jpeg 300w, https:\/\/www.cnbb.org.br\/wp-content\/uploads\/2024\/09\/Papa-sem-Teto-768x432.jpeg 768w, https:\/\/www.cnbb.org.br\/wp-content\/uploads\/2024\/09\/Papa-sem-Teto-500x281.jpeg 500w, https:\/\/www.cnbb.org.br\/wp-content\/uploads\/2024\/09\/Papa-sem-Teto.jpeg 1500w\" alt=\"\" width=\"1024\" height=\"576\" \/><\/p>\n<h3 style=\"text-align: justify;\"><\/h3>\n<h3 style=\"text-align: justify;\">A viagem mais longa do seu Pontificado<\/h3>\n<p style=\"text-align: justify;\">F\u00e9, ora\u00e7\u00e3o, compaix\u00e3o, fraternidade, harmonia e esperan\u00e7a s\u00e3o os temas presentes nos lemas e nos logotipos da Viagem Apost\u00f3lica. Ser\u00e3o percorridos 32.814 quil\u00f4metros, atravessando quatro fusos hor\u00e1rios diferentes, desde a partida do Aeroporto Fiumicino at\u00e9 o retorno a Roma na sexta-feira, 13 de setembro. Al\u00e9m da Indon\u00e9sia, Timor-Leste, Papua-Nova Guin\u00e9 e Singapura s\u00e3o as outras etapas desta peregrina\u00e7\u00e3o.<\/p>\n<p style=\"text-align: justify;\">Nos 16 discursos e homilias a serem pronunciados em italiano e espanhol, o Papa abordar\u00e1 temas como o di\u00e1logo e a conviv\u00eancia harmoniosa entre as religi\u00f5es, a reconcilia\u00e7\u00e3o social, a mudan\u00e7a clim\u00e1tica e seus efeitos devastadores em regi\u00f5es de oceanos e vulc\u00f5es, al\u00e9m do equil\u00edbrio entre o desenvolvimento econ\u00f4mico e tecnol\u00f3gico e o desenvolvimento humano, social e espiritual das comunidades.<\/p>\n<p style=\"text-align: justify;\">Adicionalmente, ser\u00e1 abordada a evangeliza\u00e7\u00e3o, tanto antiga quanto moderna, em regi\u00f5es onde as comunidades crist\u00e3s vivem em condi\u00e7\u00f5es semelhantes \u00e0s da Igreja primitiva, o acolhimento de refugiados e o incentivo aos jovens a se engajarem nos processos pol\u00edticos e sociais.<\/p>\n<h2 style=\"text-align: justify;\"><b>Indon\u00e9sia: o primeiro destino<\/b><\/h2>\n<p style=\"text-align: justify;\">Em um per\u00edodo hist\u00f3rico marcado por guerras, o Papa Francisco reiterar\u00e1 em diversos encontros seu apelo pela paz e pelos esfor\u00e7os em andamento para alcan\u00e7\u00e1-la. Dois momentos simb\u00f3licos em Jacarta, a capital da Indon\u00e9sia, evidenciar\u00e3o esse compromisso. A cidade, que no passado recente foi atingida pelo terrorismo religioso e pela tentativa de estabelecer um Isl\u00e3 transnacional no modelo do ISIS \u2014 rejeitado pela \u201cPancasila\u201d indon\u00e9sia, com seus cinco pilares de respeito \u00e0s cren\u00e7as, culturas, religi\u00f5es e l\u00ednguas, conforme estabelecido na Constitui\u00e7\u00e3o \u2014, acolher\u00e1 o Papa em sua mensagem de paz.<\/p>\n<p style=\"text-align: justify;\">O primeiro momento ser\u00e1 a visita \u00e0 mesquita Istiq\u2019lal, o maior edif\u00edcio de culto isl\u00e2mico do Sudeste Asi\u00e1tico, projetado na d\u00e9cada de 1950 por um arquiteto crist\u00e3o e, desde 2019, conectado \u00e0 Catedral da Assun\u00e7\u00e3o pelo chamado \u201ct\u00fanel da fraternidade\u201d.<\/p>\n<p style=\"text-align: justify;\">A R\u00e1dio Vaticano\/Vatican News acompanhar\u00e1 passo a passo mais esta peregrina\u00e7\u00e3o de Francisco, transmitindo tamb\u00e9m em portugu\u00eas os eventos com o Santo Padre.<\/p>\n<pre>Com informa\u00e7\u00f5es do<a href=\"https:\/\/www.vaticannews.va\/pt\/papa\/news\/2024-09\/papa-inicio-45-viagem-apostolica-com-destino-a-asia-e-oceania.html\" target=\"_blank\" rel=\"noopener\"> VaticanNews<\/a><\/pre>\n","protected":false},"excerpt":{"rendered":"<p>O Papa embarcou para Jacarta, Indon\u00e9sia, iniciando sua 45\u00aa Viagem Apost\u00f3lica, a mais longa de seu pontificado. Antes de partir, Francisco recebeu um grupo de sem-teto no Vaticano, acompanhado pelo cardeal Konrad Krajewski. Durante a viagem de 32.814 quil\u00f4metros, que tamb\u00e9m inclui visitas a Timor-Leste, Papua-Nova Guin\u00e9 e Singapura, o Santo Padre abordar\u00e1 temas como [&hellip;]<\/p>\n","protected":false},"author":1,"featured_media":90023,"comment_status":"open","ping_status":"closed","sticky":false,"template":"","format":"standard","meta":{"footnotes":""},"categories":[7],"tags":[],"class_list":["post-90022","post","type-post","status-publish","format-standard","has-post-thumbnail","hentry","category-cnbb"],"_links":{"self":[{"href":"https:\/\/catolicanet.net\/wp-cnet\/wp-json\/wp\/v2\/posts\/90022","targetHints":{"allow":["GET"]}}],"collection":[{"href":"https:\/\/catolicanet.net\/wp-cnet\/wp-json\/wp\/v2\/posts"}],"about":[{"href":"https:\/\/catolicanet.net\/wp-cnet\/wp-json\/wp\/v2\/types\/post"}],"author":[{"embeddable":true,"href":"https:\/\/catolicanet.net\/wp-cnet\/wp-json\/wp\/v2\/users\/1"}],"replies":[{"embeddable":true,"href":"https:\/\/catolicanet.net\/wp-cnet\/wp-json\/wp\/v2\/comments?post=90022"}],"version-history":[{"count":1,"href":"https:\/\/catolicanet.net\/wp-cnet\/wp-json\/wp\/v2\/posts\/90022\/revisions"}],"predecessor-version":[{"id":90025,"href":"https:\/\/catolicanet.net\/wp-cnet\/wp-json\/wp\/v2\/posts\/90022\/revisions\/90025"}],"wp:featuredmedia":[{"embeddable":true,"href":"https:\/\/catolicanet.net\/wp-cnet\/wp-json\/wp\/v2\/media\/90023"}],"wp:attachment":[{"href":"https:\/\/catolicanet.net\/wp-cnet\/wp-json\/wp\/v2\/media?parent=90022"}],"wp:term":[{"taxonomy":"category","embeddable":true,"href":"https:\/\/catolicanet.net\/wp-cnet\/wp-json\/wp\/v2\/categories?post=90022"},{"taxonomy":"post_tag","embeddable":true,"href":"https:\/\/catolicanet.net\/wp-cnet\/wp-json\/wp\/v2\/tags?post=90022"}],"curies":[{"name":"wp","href":"https:\/\/api.w.org\/{rel}","templated":true}]}}