{"id":89965,"date":"2024-08-26T10:10:48","date_gmt":"2024-08-26T13:10:48","guid":{"rendered":"https:\/\/catolicanet.net\/wp-cnet\/?p=89965"},"modified":"2024-08-26T17:11:48","modified_gmt":"2024-08-26T20:11:48","slug":"na-semana-dedicada-a-vocacao-dos-leigos-dioceses-e-regionais-celebram-instituicao-do-ministerio-de-catequistas","status":"publish","type":"post","link":"https:\/\/catolicanet.net\/wp-cnet\/na-semana-dedicada-a-vocacao-dos-leigos-dioceses-e-regionais-celebram-instituicao-do-ministerio-de-catequistas\/","title":{"rendered":"NA SEMANA DEDICADA \u00c0 VOCA\u00c7\u00c3O DOS LEIGOS, DIOCESES E REGIONAIS CELEBRAM INSTITUI\u00c7\u00c3O DO MINIST\u00c9RIO DE CATEQUISTAS"},"content":{"rendered":"<p style=\"text-align: justify;\">A institui\u00e7\u00e3o do minist\u00e9rio de catequistas come\u00e7a a ser celebrada nas dioceses do Brasil. Ap\u00f3s o primeiro grupo ser investido, durante a Assembleia Geral da Confer\u00eancia Nacional dos Bispos do Brasil (CNBB), em abril, a quarta semana do M\u00eas Vocacional foi a oportunidade para marcar essas celebra\u00e7\u00f5es pelo pa\u00eds. Dedicada \u00e0 celebra\u00e7\u00e3o da voca\u00e7\u00e3o dos crist\u00e3os leigos e leigas, comprometidos na Igreja e na sociedade, essa semana foi aberta com o Dia Nacional do Catequista, uma motiva\u00e7\u00e3o para que dioceses e regionais institu\u00edssem seus ministros.<\/p>\n<p style=\"text-align: justify;\">\n<h3 style=\"text-align: justify;\">Voca\u00e7\u00e3o dos leigos<\/h3>\n<p style=\"text-align: justify;\">Nesta \u00faltima semana do m\u00eas vocacional, a Igreja no Brasil celebra os crist\u00e3os leigos, os quais, atrav\u00e9s do Sacramento do Batismo, s\u00e3o inseridos na vida da Trindade, tendo a miss\u00e3o de anunciar o Reino de Deus no seu cotidiano. Nesta voca\u00e7\u00e3o, alguns homens e mulheres s\u00e3o institu\u00eddos no minist\u00e9rio laical de catequistas, tendo a miss\u00e3o de ensinar o povo de Deus os conte\u00fados fundamentais da doutrina cat\u00f3lica, colaborando na miss\u00e3o evangelizadora da Igreja.<\/p>\n<p style=\"text-align: justify;\">Esse minist\u00e9rio de catequistas foi institu\u00eddo pelo Papa Francisco\u00a0atrav\u00e9s do\u00a0<em>motu proprio Antiquum Ministerium<\/em>, em 10 de maio de 2021. \u00c9 definido como \u201cum servi\u00e7o est\u00e1vel prestado \u00e0 Igreja local de acordo com as exig\u00eancias pastorais identificadas\u201d pelo bispo, e deve ser desempenhado por crist\u00e3os leigos e leigas que recebem este minist\u00e9rio.<\/p>\n<p style=\"text-align: justify;\">O Papa Francisco destacou que o minist\u00e9rio de catequista deve ser conferido a \u201chomens e mulheres de f\u00e9 profunda e maturidade humana, que tenham uma participa\u00e7\u00e3o ativa na vida da comunidade crist\u00e3, sejam capazes de acolhimento, generosidade e vida de comunh\u00e3o fraterna\u201d. Ele tamb\u00e9m enfatizou que esses fi\u00e9is devem receber forma\u00e7\u00e3o b\u00edblica, teol\u00f3gica, pastoral e pedag\u00f3gica adequadas, \u201cpara ser sol\u00edcitos comunicadores da verdade da f\u00e9, e tenham j\u00e1 maturado uma pr\u00e9via experi\u00eancia de catequese\u201d. Outro requisito importante \u00e9 que \u201csejam colaboradores fi\u00e9is dos presb\u00edteros e di\u00e1conos, dispon\u00edveis para exercer o minist\u00e9rio onde for necess\u00e1rio e animados por verdadeiro entusiasmo apost\u00f3lico\u201d.<\/p>\n<p style=\"text-align: justify;\">\n<h3 style=\"text-align: justify;\">Santa Catarina<\/h3>\n<p style=\"text-align: justify;\">No Regional Sul 4 da Confer\u00eancia Nacional dos Bispos do Brasil (CNBB Sul 4), nove catequistas de Santa Catarina foram institu\u00eddos no Minist\u00e9rio de Catequista, em celebra\u00e7\u00e3o realizada na par\u00f3quia Nossa Senhora Consolata, em Rio do Oeste (SC), na \u00faltima sexta-feira. A cidade sediou a 56\u00aa Assembleia Regional de Pastoral, com a presen\u00e7a de 11 bispos do estado, al\u00e9m de padres, religiosos, religiosas, leigos e leigas. Cada uma das nove dioceses do estado indicou um representante para participar da institui\u00e7\u00e3o junto com todo o Regional.<\/p>\n<p style=\"text-align: justify;\">Na homilia da missa, o bispo da diocese de Crici\u00fama (SC) e referencial da Anima\u00e7\u00e3o B\u00edblico-Catequ\u00e9tica na CNBB Sul 4, dom Jacinto In\u00e1cio Flach, lembrou que a miss\u00e3o de um catequista \u00e9 de extrema import\u00e2ncia na Igreja, comparando-a \u00e0 tarefa de encontrar e compartilhar um tesouro, o Reino dos C\u00e9us, com aqueles que ainda n\u00e3o o conhecem. Ele destacou que o verdadeiro valor da miss\u00e3o est\u00e1 na humildade e no servi\u00e7o aos outros, sem vaidade ou orgulho. Os catequistas s\u00e3o chamados a serem exemplos de f\u00e9, mestres e guias para os fi\u00e9is, sempre apoiados por uma vida de ora\u00e7\u00e3o e zelo apost\u00f3lico.<\/p>\n<figure id=\"attachment_969007\" class=\"wp-caption aligncenter\" style=\"text-align: justify;\" aria-describedby=\"caption-attachment-969007\"><img loading=\"lazy\" decoding=\"async\" class=\"size-full wp-image-969007\" src=\"https:\/\/www.cnbb.org.br\/wp-content\/uploads\/2024\/08\/Ministerio-Catequista-Sul-4.jpg\" sizes=\"auto, (max-width: 720px) 100vw, 720px\" srcset=\"https:\/\/www.cnbb.org.br\/wp-content\/uploads\/2024\/08\/Ministerio-Catequista-Sul-4.jpg 720w, https:\/\/www.cnbb.org.br\/wp-content\/uploads\/2024\/08\/Ministerio-Catequista-Sul-4-300x169.jpg 300w, https:\/\/www.cnbb.org.br\/wp-content\/uploads\/2024\/08\/Ministerio-Catequista-Sul-4-500x281.jpg 500w\" alt=\"\" width=\"720\" height=\"405\" \/><figcaption id=\"caption-attachment-969007\" class=\"wp-caption-text\">Foto: CNBB Sul 4<\/figcaption><\/figure>\n<p style=\"text-align: justify;\">Ainda em Santa Catarina, a diocese de Joinville realiza, na pr\u00f3xima quinta-feira, 29, a institui\u00e7\u00e3o do Minist\u00e9rio para mais 53 catequistas, \u201cdestacando a import\u00e2ncia do leigo no trabalho da Evangeliza\u00e7\u00e3o na Igreja\u201d. A Missa de Institui\u00e7\u00e3o do Minist\u00e9rio do Catequista ser\u00e1 transmitida ao vivo pelo\u00a0<a href=\"https:\/\/facebook.com\/diocesejoinville\" target=\"_blank\" rel=\"noopener\">Facebook da diocese<\/a>.<\/p>\n<p style=\"text-align: justify;\">\n<h3 style=\"text-align: justify;\">Distrito Federal<\/h3>\n<p style=\"text-align: justify;\">Em Bras\u00edlia (DF), o arcebispo, cardeal Paulo Cezar Costa, presidiu a Missa com a institui\u00e7\u00e3o de 96 ministros catequistas. No ano passado, foram iniciadas as forma\u00e7\u00f5es sobre o tema e dom Paulo pediu indica\u00e7\u00f5es de nomes para as par\u00f3quias do Distrito Federal, de modo a realizar o itiner\u00e1rio formativo indicado no\u00a0<em><a href=\"https:\/\/www.edicoescnbb.com.br\/criterios-e-itinerarios-para-a-instituicao-do-ministerio-de-catequista-documentos-da-cnbb-112\" target=\"_blank\" rel=\"noopener\"><strong>Documento 112 da CNBB \u2013<\/strong>\u00a0Crit\u00e9rios e itiner\u00e1rios para a Institui\u00e7\u00e3o do Minist\u00e9rio de Catequista<\/a><\/em>. O subsecret\u00e1rio adjunto de Pastoral da Confer\u00eancia, padre J\u00e2nison de S\u00e1 Santos, contribuiu ativamente nesse processo.<\/p>\n<div id=\"gallery-1\" class=\"gallery galleryid-968984 gallery-columns-2 gallery-size-full\" style=\"text-align: justify;\">\n<figure class=\"gallery-item\">\n<div class=\"gallery-icon landscape\"><img loading=\"lazy\" decoding=\"async\" class=\"attachment-full size-full\" src=\"https:\/\/www.cnbb.org.br\/wp-content\/uploads\/2024\/08\/Ministerio-Catequista-DF-Neto-Lima.jpg\" sizes=\"auto, (max-width: 717px) 100vw, 717px\" srcset=\"https:\/\/www.cnbb.org.br\/wp-content\/uploads\/2024\/08\/Ministerio-Catequista-DF-Neto-Lima.jpg 717w, https:\/\/www.cnbb.org.br\/wp-content\/uploads\/2024\/08\/Ministerio-Catequista-DF-Neto-Lima-300x200.jpg 300w, https:\/\/www.cnbb.org.br\/wp-content\/uploads\/2024\/08\/Ministerio-Catequista-DF-Neto-Lima-500x333.jpg 500w\" alt=\"\" width=\"717\" height=\"477\" aria-describedby=\"gallery-1-969005\" \/><\/div><figcaption id=\"gallery-1-969005\" class=\"wp-caption-text gallery-caption\">Foto: Neto Lima<\/figcaption><\/figure>\n<figure class=\"gallery-item\">\n<div class=\"gallery-icon landscape\"><img loading=\"lazy\" decoding=\"async\" class=\"attachment-full size-full\" src=\"https:\/\/www.cnbb.org.br\/wp-content\/uploads\/2024\/08\/Ministerio-Catequista-DF-Neto-Lima-2.jpg\" sizes=\"auto, (max-width: 960px) 100vw, 960px\" srcset=\"https:\/\/www.cnbb.org.br\/wp-content\/uploads\/2024\/08\/Ministerio-Catequista-DF-Neto-Lima-2.jpg 960w, https:\/\/www.cnbb.org.br\/wp-content\/uploads\/2024\/08\/Ministerio-Catequista-DF-Neto-Lima-2-300x200.jpg 300w, https:\/\/www.cnbb.org.br\/wp-content\/uploads\/2024\/08\/Ministerio-Catequista-DF-Neto-Lima-2-768x512.jpg 768w, https:\/\/www.cnbb.org.br\/wp-content\/uploads\/2024\/08\/Ministerio-Catequista-DF-Neto-Lima-2-500x333.jpg 500w\" alt=\"\" width=\"960\" height=\"640\" aria-describedby=\"gallery-1-969004\" \/><\/div><figcaption id=\"gallery-1-969004\" class=\"wp-caption-text gallery-caption\">Foto: Neto Lima<\/figcaption><\/figure>\n<\/div>\n<p style=\"text-align: justify;\">Em sua homilia na missa de ontem, dom Paulo destacou que o catequista \u00e9 como um pedagogo, que \u201cvai conduzindo aquele\/aquela que se encontrou com Cristo no aprofundamento do mist\u00e9rio, formando disc\u00edpulos e disc\u00edpulas, disc\u00edpulos mission\u00e1rios\u201d.<\/p>\n<blockquote><p>\u201cO catequista \u00e9 um servidor do povo de Deus, algu\u00e9m que alargou a sua dimens\u00e3o de servir, de se doar na vida da comunidade. \u00c9 algu\u00e9m que, a partir do momento que afirmou o primado de Deus na sua vida, alargou a sua capacidade de servir, de amar, de se doar, nessa miss\u00e3o bonita e fundamental de formar disc\u00edpulos e disc\u00edpulas\u201d, afirmou.<\/p><\/blockquote>\n<p style=\"text-align: justify;\">A coordenadora arquidiocesana da Catequese, Brasiliana de Castro Pereira, agradeceu em nome do grupo privil\u00e9gio de receber o Minist\u00e9rio de Catequista, num momento hist\u00f3rico para a arquidiocese. \u201cDesejamos manifestar nosso j\u00fabilo por termos sido contemplados pelo amor e pela miseric\u00f3rdia do Senhor, que v\u00ea em n\u00f3s capacidade para assumirmos mais um servi\u00e7o a Deus e a esta Igreja\u201d, afirmou.<\/p>\n<figure id=\"attachment_969006\" class=\"wp-caption aligncenter\" style=\"text-align: justify;\" aria-describedby=\"caption-attachment-969006\"><img loading=\"lazy\" decoding=\"async\" class=\"size-full wp-image-969006\" src=\"https:\/\/www.cnbb.org.br\/wp-content\/uploads\/2024\/08\/Ministerio-Catequista-DF-Neto-Lima-416.jpg\" sizes=\"auto, (max-width: 720px) 100vw, 720px\" srcset=\"https:\/\/www.cnbb.org.br\/wp-content\/uploads\/2024\/08\/Ministerio-Catequista-DF-Neto-Lima-416.jpg 720w, https:\/\/www.cnbb.org.br\/wp-content\/uploads\/2024\/08\/Ministerio-Catequista-DF-Neto-Lima-416-300x200.jpg 300w, https:\/\/www.cnbb.org.br\/wp-content\/uploads\/2024\/08\/Ministerio-Catequista-DF-Neto-Lima-416-500x333.jpg 500w\" alt=\"\" width=\"720\" height=\"480\" \/><figcaption id=\"caption-attachment-969006\" class=\"wp-caption-text\">Dom Paulo entrega a cruz \u00e0 catequista Brasiliana | Foto: Neto Lima\/arquidiocese de Bras\u00edlia<\/figcaption><\/figure>\n<p style=\"text-align: justify;\">\n<h3 style=\"text-align: justify;\">Bahia e Sergipe<\/h3>\n<p style=\"text-align: justify;\"><img loading=\"lazy\" decoding=\"async\" class=\"wp-image-968992 alignleft\" src=\"https:\/\/www.cnbb.org.br\/wp-content\/uploads\/2024\/08\/Ministerio-Catequista-NE3.jpeg\" sizes=\"auto, (max-width: 182px) 100vw, 182px\" srcset=\"https:\/\/www.cnbb.org.br\/wp-content\/uploads\/2024\/08\/Ministerio-Catequista-NE3.jpeg 995w, https:\/\/www.cnbb.org.br\/wp-content\/uploads\/2024\/08\/Ministerio-Catequista-NE3-233x300.jpeg 233w, https:\/\/www.cnbb.org.br\/wp-content\/uploads\/2024\/08\/Ministerio-Catequista-NE3-796x1024.jpeg 796w, https:\/\/www.cnbb.org.br\/wp-content\/uploads\/2024\/08\/Ministerio-Catequista-NE3-768x988.jpeg 768w, https:\/\/www.cnbb.org.br\/wp-content\/uploads\/2024\/08\/Ministerio-Catequista-NE3-500x643.jpeg 500w\" alt=\"\" width=\"182\" height=\"235\" \/>J\u00e1 no Regional Nordeste 3 da CNBB, ser\u00e3o 26 homens e mulheres que se dedicam a anunciar o Reino de Deus nas arquidioceses e dioceses da Bahia e de Sergipe que receber\u00e3o o Minist\u00e9rio de Catequista. A Missa com o rito de Institui\u00e7\u00e3o acontecer\u00e1 nesta segunda-feira, 26 de agosto, \u00e0s 17h, na Bas\u00edlica Santu\u00e1rio Senhor Bom Jesus do Bonfim, em Salvador (BA). Preside a eucaristia o arcebispo de S\u00e3o Salvador da Bahia e primaz do Brasil, cardeal Sergio da Rocha.<\/p>\n<p style=\"text-align: justify;\">A institui\u00e7\u00e3o em \u00e2mbito regional ocorre por ocasi\u00e3o da 61\u00aa Assembleia que reunir\u00e1 os bispos do Regional Nordeste 3 da CNBB. A celebra\u00e7\u00e3o eucar\u00edstica ser\u00e1 transmitida, em tempo real, pelo Youtube:<\/p>\n<div class=\"ast-oembed-container\" style=\"text-align: justify;\"><iframe loading=\"lazy\" title=\"Santa Missa com o rito de Institui\u00e7\u00e3o do Minist\u00e9rio de Catequista\" src=\"https:\/\/www.youtube.com\/embed\/bBUKzKibgug?feature=oembed\" width=\"1200\" height=\"675\" frameborder=\"0\" allowfullscreen=\"allowfullscreen\" data-mce-fragment=\"1\"><\/iframe><\/div>\n<p style=\"text-align: justify;\">\n<pre>Por Luiz Lopes Jr\r\n\r\nCom informa\u00e7\u00f5es: catedral de Bras\u00edlia, diocese de Joinville, CNBB NE3.\r\nFoto de capa: Neto Lima<\/pre>\n","protected":false},"excerpt":{"rendered":"<p>A institui\u00e7\u00e3o do minist\u00e9rio de catequistas come\u00e7a a ser celebrada nas dioceses do Brasil. Ap\u00f3s o primeiro grupo ser investido, durante a Assembleia Geral da Confer\u00eancia Nacional dos Bispos do Brasil (CNBB), em abril, a quarta semana do M\u00eas Vocacional foi a oportunidade para marcar essas celebra\u00e7\u00f5es pelo pa\u00eds. Dedicada \u00e0 celebra\u00e7\u00e3o da voca\u00e7\u00e3o dos [&hellip;]<\/p>\n","protected":false},"author":1,"featured_media":89966,"comment_status":"open","ping_status":"closed","sticky":false,"template":"","format":"standard","meta":{"footnotes":""},"categories":[7],"tags":[],"class_list":["post-89965","post","type-post","status-publish","format-standard","has-post-thumbnail","hentry","category-cnbb"],"_links":{"self":[{"href":"https:\/\/catolicanet.net\/wp-cnet\/wp-json\/wp\/v2\/posts\/89965","targetHints":{"allow":["GET"]}}],"collection":[{"href":"https:\/\/catolicanet.net\/wp-cnet\/wp-json\/wp\/v2\/posts"}],"about":[{"href":"https:\/\/catolicanet.net\/wp-cnet\/wp-json\/wp\/v2\/types\/post"}],"author":[{"embeddable":true,"href":"https:\/\/catolicanet.net\/wp-cnet\/wp-json\/wp\/v2\/users\/1"}],"replies":[{"embeddable":true,"href":"https:\/\/catolicanet.net\/wp-cnet\/wp-json\/wp\/v2\/comments?post=89965"}],"version-history":[{"count":1,"href":"https:\/\/catolicanet.net\/wp-cnet\/wp-json\/wp\/v2\/posts\/89965\/revisions"}],"predecessor-version":[{"id":89968,"href":"https:\/\/catolicanet.net\/wp-cnet\/wp-json\/wp\/v2\/posts\/89965\/revisions\/89968"}],"wp:featuredmedia":[{"embeddable":true,"href":"https:\/\/catolicanet.net\/wp-cnet\/wp-json\/wp\/v2\/media\/89966"}],"wp:attachment":[{"href":"https:\/\/catolicanet.net\/wp-cnet\/wp-json\/wp\/v2\/media?parent=89965"}],"wp:term":[{"taxonomy":"category","embeddable":true,"href":"https:\/\/catolicanet.net\/wp-cnet\/wp-json\/wp\/v2\/categories?post=89965"},{"taxonomy":"post_tag","embeddable":true,"href":"https:\/\/catolicanet.net\/wp-cnet\/wp-json\/wp\/v2\/tags?post=89965"}],"curies":[{"name":"wp","href":"https:\/\/api.w.org\/{rel}","templated":true}]}}