{"id":89957,"date":"2024-08-26T09:58:07","date_gmt":"2024-08-26T12:58:07","guid":{"rendered":"https:\/\/catolicanet.net\/wp-cnet\/?p=89957"},"modified":"2024-08-26T17:08:33","modified_gmt":"2024-08-26T20:08:33","slug":"verdade-e-justica-papa-se-une-ao-apelo-de-familiares-das-vitimas-de-explosao-em-beirute","status":"publish","type":"post","link":"https:\/\/catolicanet.net\/wp-cnet\/verdade-e-justica-papa-se-une-ao-apelo-de-familiares-das-vitimas-de-explosao-em-beirute\/","title":{"rendered":"Verdade e justi\u00e7a: Papa se une ao apelo de familiares das v\u00edtimas de explos\u00e3o em Beirute"},"content":{"rendered":"<div class=\"article__subTitle\" style=\"text-align: justify;\">No dia 4 de agosto de 2020, um inc\u00eandio eclodiu no Armaz\u00e9m 12 no Porto de Beirute, no L\u00edbano. Bairros inteiros foram destru\u00eddos, 220 pessoas morreram e mais de 6.500 ficaram feridas. Passados quatro anos, ainda falta saber exatamente o que aconteceu e julgar os respons\u00e1veis, que t\u00eam recebido prote\u00e7\u00e3o para postergar o processo judicial.<\/div>\n<div class=\"title__separator\" style=\"text-align: justify;\"><\/div>\n<div class=\"article__text\">\n<p style=\"text-align: justify;\">Vatican News<\/p>\n<p style=\"text-align: justify;\">O Papa Francisco teve um encontro emocionante na manh\u00e3 desta segunda-feira (26\/08), no Vaticano, ao receber os familiares das v\u00edtimas da explos\u00e3o no porto de Beirute, no L\u00edbano, ocorrida quatro anos atr\u00e1s.<\/p>\n<p style=\"text-align: justify;\">\u201cRezei muito por voc\u00eas e por seus caros, e ainda rezo, unindo as minhas l\u00e1grimas \u00e0s suas. Hoje agrade\u00e7o a Deus por poder encontra-los e expressar pessoalmente a minha proximidade.\u201d<\/p>\n<div style=\"text-align: justify;\">\n<div class=\"article__embed article__embed--unwrap article__embed--dark\">\n<div class=\"article__innerTitle\">Ou\u00e7a e compartilhe<\/div>\n<div>\n<!--[if lt IE 9]><script>document.createElement('audio');<\/script><![endif]-->\n<audio class=\"wp-audio-shortcode\" id=\"audio-89957-1\" preload=\"none\" style=\"width: 100%;\" controls=\"controls\"><source type=\"audio\/mpeg\" src=\"https:\/\/media.vaticannews.va\/media\/audio\/s1\/2024\/08\/26\/11\/138237674_F138237674.mp3?_=1\" \/><a href=\"https:\/\/media.vaticannews.va\/media\/audio\/s1\/2024\/08\/26\/11\/138237674_F138237674.mp3\">https:\/\/media.vaticannews.va\/media\/audio\/s1\/2024\/08\/26\/11\/138237674_F138237674.mp3<\/a><\/audio>\n<\/div>\n<\/div>\n<\/div>\n<p style=\"text-align: justify;\">Francisco consolou os presentes afirmando que o Pai celeste conhece um por um os rostos das v\u00edtimas, citando de modo especial uma crian\u00e7a de nome Alexandra.<\/p>\n<p style=\"text-align: justify;\">\u201cCom voc\u00eas, pe\u00e7o verdade e justi\u00e7a, que n\u00e3o chegou: verdade e justi\u00e7a\u201d, prosseguiu o Pont\u00edfice, reconhecendo que a quest\u00e3o \u00e9 complicada e espinhosa, j\u00e1 que pesam sobre ela poderes e interesses conflituosos. \u201cMas a verdade e a justi\u00e7a devem prevalecer sobre tudo\u201d, acrescentou. \u201cPassaram-se quatro anos. O povo liban\u00eas, e voc\u00eas por primeiro, t\u00eam direito a palavras e fatos que demonstrem responsabilidade e transpar\u00eancia.\u201d<\/p>\n<p style=\"text-align: justify;\">A seguir, o Papa fez uma men\u00e7\u00e3o \u00e0 guerra entre Palestina e Israel, da qual o L\u00edbano tamb\u00e9m paga um pre\u00e7o, e recordou que toda guerra deixa o mundo pior do que antes, pois se trata de uma fal\u00eancia da pol\u00edtica e da humanidade.<\/p>\n<p style=\"text-align: justify;\">\u201cCom voc\u00eas, imploro do C\u00e9u a paz que os homens custam a construir na terra\u201d, afirmou Francisco, acrescentando que o L\u00edbano \u00e9 e deve permanecer um projeto de paz, o pa\u00eds \u00e9 em si uma mensagem de paz, como diziam seus predecessores, mas que hoje est\u00e1 martirizado.<\/p>\n<p style=\"text-align: justify;\">Por fim, o Pont\u00edfice manifestou seu agradecimento aos membros da Igreja libanesa que estiveram e est\u00e3o ao lado dos que sofrem. \u201cVoc\u00eas n\u00e3o est\u00e3o s\u00f3s e n\u00e3o os deixaremos s\u00f3s, mas permaneceremos solid\u00e1rios atrav\u00e9s da ora\u00e7\u00e3o e da caridade concreta\u201d, garantiu.<\/p>\n<p style=\"text-align: justify;\">Francisco se despediu com essas palavras: \u201cEm voc\u00eas vejo a dignidade da f\u00e9, a nobreza da esperan\u00e7a\u201d. Os cedros, s\u00edmbolo do pa\u00eds, s\u00e3o um convite a elevar o olhar ao C\u00e9u, \u201cem Deus est\u00e1 a nossa esperan\u00e7a, aquela que n\u00e3o desilude\u201d. \u201cQue a Virgem Maria, do seu Santu\u00e1rio de Harissa, sempre proteja voc\u00eas e o povo liban\u00eas\u201d, concluiu o Papa, concedendo sua b\u00ean\u00e7\u00e3o apost\u00f3lica.<\/p>\n<\/div>\n","protected":false},"excerpt":{"rendered":"<p>No dia 4 de agosto de 2020, um inc\u00eandio eclodiu no Armaz\u00e9m 12 no Porto de Beirute, no L\u00edbano. Bairros inteiros foram destru\u00eddos, 220 pessoas morreram e mais de 6.500 ficaram feridas. Passados quatro anos, ainda falta saber exatamente o que aconteceu e julgar os respons\u00e1veis, que t\u00eam recebido prote\u00e7\u00e3o para postergar o processo judicial. [&hellip;]<\/p>\n","protected":false},"author":1,"featured_media":89958,"comment_status":"open","ping_status":"closed","sticky":false,"template":"","format":"standard","meta":{"footnotes":""},"categories":[13,3],"tags":[],"class_list":["post-89957","post","type-post","status-publish","format-standard","has-post-thumbnail","hentry","category-featured","category-vaticano"],"_links":{"self":[{"href":"https:\/\/catolicanet.net\/wp-cnet\/wp-json\/wp\/v2\/posts\/89957","targetHints":{"allow":["GET"]}}],"collection":[{"href":"https:\/\/catolicanet.net\/wp-cnet\/wp-json\/wp\/v2\/posts"}],"about":[{"href":"https:\/\/catolicanet.net\/wp-cnet\/wp-json\/wp\/v2\/types\/post"}],"author":[{"embeddable":true,"href":"https:\/\/catolicanet.net\/wp-cnet\/wp-json\/wp\/v2\/users\/1"}],"replies":[{"embeddable":true,"href":"https:\/\/catolicanet.net\/wp-cnet\/wp-json\/wp\/v2\/comments?post=89957"}],"version-history":[{"count":1,"href":"https:\/\/catolicanet.net\/wp-cnet\/wp-json\/wp\/v2\/posts\/89957\/revisions"}],"predecessor-version":[{"id":89960,"href":"https:\/\/catolicanet.net\/wp-cnet\/wp-json\/wp\/v2\/posts\/89957\/revisions\/89960"}],"wp:featuredmedia":[{"embeddable":true,"href":"https:\/\/catolicanet.net\/wp-cnet\/wp-json\/wp\/v2\/media\/89958"}],"wp:attachment":[{"href":"https:\/\/catolicanet.net\/wp-cnet\/wp-json\/wp\/v2\/media?parent=89957"}],"wp:term":[{"taxonomy":"category","embeddable":true,"href":"https:\/\/catolicanet.net\/wp-cnet\/wp-json\/wp\/v2\/categories?post=89957"},{"taxonomy":"post_tag","embeddable":true,"href":"https:\/\/catolicanet.net\/wp-cnet\/wp-json\/wp\/v2\/tags?post=89957"}],"curies":[{"name":"wp","href":"https:\/\/api.w.org\/{rel}","templated":true}]}}