{"id":89944,"date":"2024-08-25T09:47:11","date_gmt":"2024-08-25T12:47:11","guid":{"rendered":"https:\/\/catolicanet.net\/wp-cnet\/?p=89944"},"modified":"2024-08-26T16:48:06","modified_gmt":"2024-08-26T19:48:06","slug":"xxi-domingo-do-tempo-comum-4","status":"publish","type":"post","link":"https:\/\/catolicanet.net\/wp-cnet\/xxi-domingo-do-tempo-comum-4\/","title":{"rendered":"XXI Domingo do Tempo Comum"},"content":{"rendered":"<p style=\"text-align: justify;\">Estamos celebrando o XXI Domingo do Tempo Comum. A celebra\u00e7\u00e3o Eucar\u00edstica dominical \u00e9 um convite de Deus para participar do Mist\u00e9rio de Jesus, que nos torna participantes da sua vida divina e de sua miss\u00e3o. H\u00e1, portanto, um convite para a festa e um compromisso para trabalhar no seu Reino. O Mist\u00e9rio de Jesus na Eucaristia exige convers\u00e3o de pensamento e de a\u00e7\u00e3o. Jesus \u00e9 o Caminho, \u00e9 convite para colaborar na constru\u00e7\u00e3o do Reino e para chegar \u00e0 Casa do Pai. A Eucaristia \u00e9 vida e a\u00e7\u00e3o na Escola de Jesus!<\/p>\n<p style=\"text-align: justify;\">Na primeira leitura \u2013 Js 24, 1-2a.15-17.18b \u2013 conclu\u00edda a conquista da Terra Prometida, o Povo precisa definir sua vida religiosa. Josu\u00e9, o comandante militar, d\u00e1 o exemplo confessando publicamente sua escolha: \u201cEu e minha fam\u00edlia serviremos ao Senhor!\u201d. Escutamos na primeira leitura de hoje Josu\u00e9 mandando o povo escolher: seguir os \u00eddolos, que s\u00e3o de f\u00e1cil manejo, que n\u00e3o exigem nada ou, ao inv\u00e9s, seguir o Senhor, que \u00e9 exigente, que \u00e9 Santo e corrige os que nele esperam? O pr\u00f3prio Josu\u00e9 dir\u00e1: \u201cN\u00e3o podeis servir ao Senhor, pois ele \u00e9 um Deus santo, um Deus ciumento, que n\u00e3o tolerar\u00e1 as vossas transgress\u00f5es, nem os vossos pecados!\u201d (Js 24,19) O\u00a0 nosso Deus faz conta da fidelidade ao seu amor e ao seu chamado!<\/p>\n<p style=\"text-align: justify;\">Na segunda leitura \u2013 Ef 5, 21-32 \u2013 S\u00e3o Paulo estabelece normas pr\u00e1ticas de conviv\u00eancia familiar na Terra rec\u00e9m-conquistada. Ele e a fam\u00edlia precisam e querem optar por uma vida familiar santa! Um bel\u00edssimo exemplo disso, a Palavra de Deus nos d\u00e1 hoje recordando a vida da fam\u00edlia crist\u00e3. S\u00e3o Paulo pensa o lar crist\u00e3o como uma pequena comunidade de disc\u00edpulos de Cristo, uma pequena Igreja e d\u00e1 conselhos estupendos! O sentimento que deve nortear o comportamento familiar \u00e9 o amor. Aquele amor manifestado na Cruz, aquele entre Cristo e a Igreja! Que beleza, que desafio, que sonho: marido e mulher se amando como Cristo e a Igreja se amam, marido e mulher sendo felizes na felicidade um do outro: \u201cSede sol\u00edcitos uns para com os outros\u201d.<\/p>\n<p style=\"text-align: justify;\">No Evangelho \u2013 Jo 6,60-69 \u2013 o povo vai \u00e0 procura de Jesus para comer p\u00e3o em abund\u00e2ncia ! Mas Jesus prop\u00f5e-lhe um caminho de doa\u00e7\u00e3o partilhando a vida e o servi\u00e7o com os pobres! O P\u00e3o verdadeiro \u00e9 Jesus que doa seu corpo e seu sangue em alimento e o compromisso com o Reino para a transforma\u00e7\u00e3o do mundo. O desafio de Jesus \u00e9 acreditar (crer) na sua proposta dura e exigente ou percorrer o mundo \u00e0 procura do p\u00e3o que n\u00e3o salva, que n\u00e3o impede de virarmos p\u00f3 da terra e n\u00e3o atingir a paz, a luz e a vida eterna! Muitos desistiram e ainda desistem de seguir Jesus e abra\u00e7ar a sua proposta. Hoje \u00e9 o tempo de decis\u00e3o! Jesus n\u00e3o recuou nem com a possibilidade de os Ap\u00f3stolos abandonarem o Mestre! Disse-lhes: \u201cV\u00f3s, tamb\u00e9m, quereis ir embora?\u201d Pedro respondeu-lhe: \u201cA quem iremos Senhor? Tu tens Palavras de vida eterna. N\u00f3s cremos, firmemente, que Tu \u00e9s o Santo de Deus!\u201d.<\/p>\n<p style=\"text-align: justify;\">Lembremo-nos que, para o Evangelho de S\u00e3o Jo\u00e3o, a subida de Jesus para o Pai come\u00e7a na cruz: ali ele ser\u00e1 levantado! N\u00e3o poder\u00e1 suportar as palavras do Senhor, aquele que n\u00e3o estiver disposto a contempl\u00e1-lo na cruz! E Jesus previne: &#8220;O Esp\u00edrito \u00e9 que d\u00e1 vida; a carne n\u00e3o adianta nada\u201d!<\/p>\n<p style=\"text-align: justify;\">Acolher Jesus, compreender suas palavras e acolh\u00ea-las, por quanto sejam dif\u00edceis e duras, \u00e9 gra\u00e7a de Deus e somente abertos para a gra\u00e7a poderemos realiz\u00e1-lo! Como acolher a linguagem da cruz, sem mudar de vida? Como acolher as exig\u00eancias do Senhor, sem a convers\u00e3o do cora\u00e7\u00e3o, sem nos deixarmos guiar pela imprevis\u00edvel liberdade do Santo Esp\u00edrito? Quando isso acontece, experimentamos como o Senhor \u00e9 bom, o quanto \u00e9 suave, o quando \u00e9 doce segui-lo!<\/p>\n<p style=\"text-align: justify;\">Nossa f\u00e9 est\u00e1 sendo testada ou ainda purificada tal qual o ouro passa pelo fogo. Sejamos pessoas de f\u00e9 e que saibam a cada dia entregar e confiar suas vidas nas m\u00e3os do Senhor. Jesus, olhai pela humanidade e fazei que tenhamos um cora\u00e7\u00e3o reto e que saiba lhe agradar.<\/p>\n<p style=\"text-align: justify;\">Sauda\u00e7\u00f5es para todos os leigos e leigas, em seu dia, especialmente, aos que s\u00e3o catequistas transmissores da f\u00e9 cat\u00f3lica. Vivemos um tempo de S\u00ednodo da Sinodalidade e de S\u00ednodo Arquidiocesano. A Arquidiocese do Rio de Janeiro est\u00e1 celebrando o seu\u00a0II S\u00ednodo cujo tema \u00e9 sobre as Miss\u00f5es.\u00a0O tema do s\u00ednodo \u00e9 \u201cA miss\u00e3o da Igreja no atual contexto da cidade do Rio de Janeiro\u201d.\u00a0O s\u00ednodo decorrer\u00e1 at\u00e9 8 de junho de 2025.<\/p>\n<p style=\"text-align: justify;\">\u00a0Ouvindo as mais expressivas manifesta\u00e7\u00f5es da vida da Igreja Arquidiocesana somos convidados a aprofundar a nossa f\u00e9 e testemunh\u00e1-la no mundo, com um cora\u00e7\u00e3o sol\u00edcito e misericordioso, renovando a nossa f\u00e9 na pessoa de Jesus e servi-lo na liturgia e na vida cotidiana!<\/p>\n","protected":false},"excerpt":{"rendered":"<p>Estamos celebrando o XXI Domingo do Tempo Comum. A celebra\u00e7\u00e3o Eucar\u00edstica dominical \u00e9 um convite de Deus para participar do Mist\u00e9rio de Jesus, que nos torna participantes da sua vida divina e de sua miss\u00e3o. H\u00e1, portanto, um convite para a festa e um compromisso para trabalhar no seu Reino. O Mist\u00e9rio de Jesus na [&hellip;]<\/p>\n","protected":false},"author":5,"featured_media":55819,"comment_status":"open","ping_status":"closed","sticky":false,"template":"","format":"standard","meta":{"footnotes":""},"categories":[9],"tags":[],"class_list":["post-89944","post","type-post","status-publish","format-standard","has-post-thumbnail","hentry","category-artigos"],"_links":{"self":[{"href":"https:\/\/catolicanet.net\/wp-cnet\/wp-json\/wp\/v2\/posts\/89944","targetHints":{"allow":["GET"]}}],"collection":[{"href":"https:\/\/catolicanet.net\/wp-cnet\/wp-json\/wp\/v2\/posts"}],"about":[{"href":"https:\/\/catolicanet.net\/wp-cnet\/wp-json\/wp\/v2\/types\/post"}],"author":[{"embeddable":true,"href":"https:\/\/catolicanet.net\/wp-cnet\/wp-json\/wp\/v2\/users\/5"}],"replies":[{"embeddable":true,"href":"https:\/\/catolicanet.net\/wp-cnet\/wp-json\/wp\/v2\/comments?post=89944"}],"version-history":[{"count":1,"href":"https:\/\/catolicanet.net\/wp-cnet\/wp-json\/wp\/v2\/posts\/89944\/revisions"}],"predecessor-version":[{"id":89946,"href":"https:\/\/catolicanet.net\/wp-cnet\/wp-json\/wp\/v2\/posts\/89944\/revisions\/89946"}],"wp:featuredmedia":[{"embeddable":true,"href":"https:\/\/catolicanet.net\/wp-cnet\/wp-json\/wp\/v2\/media\/55819"}],"wp:attachment":[{"href":"https:\/\/catolicanet.net\/wp-cnet\/wp-json\/wp\/v2\/media?parent=89944"}],"wp:term":[{"taxonomy":"category","embeddable":true,"href":"https:\/\/catolicanet.net\/wp-cnet\/wp-json\/wp\/v2\/categories?post=89944"},{"taxonomy":"post_tag","embeddable":true,"href":"https:\/\/catolicanet.net\/wp-cnet\/wp-json\/wp\/v2\/tags?post=89944"}],"curies":[{"name":"wp","href":"https:\/\/api.w.org\/{rel}","templated":true}]}}