{"id":89923,"date":"2024-08-21T10:00:30","date_gmt":"2024-08-21T13:00:30","guid":{"rendered":"https:\/\/catolicanet.net\/wp-cnet\/?p=89923"},"modified":"2024-08-23T17:01:58","modified_gmt":"2024-08-23T20:01:58","slug":"a-multidao-de-solitarios","status":"publish","type":"post","link":"https:\/\/catolicanet.net\/wp-cnet\/a-multidao-de-solitarios\/","title":{"rendered":"A MULTID\u00c3O DE SOLIT\u00c1RIOS"},"content":{"rendered":"<p style=\"text-align: justify;\">Esta express\u00e3o &#8220;multid\u00e3o de solit\u00e1rios&#8221; \u00e9 uma express\u00e3o do renomado soci\u00f3logo polon\u00eas Zygmunt Bauman. Estou sempre em contato com essa multid\u00e3o no meu cotidiano. Observo centenas de pessoas debru\u00e7adas sobre os seus celulares se relacionando de forma bizarra com outras pessoas que est\u00e3o igualmente s\u00f3s. H\u00e1 at\u00e9 os que sofrem de um Transtorno P\u00f3s-Moderno muito recente chamado FOMO <em>(Fear of Missing Out), <\/em>ou seja, &#8220;o medo de perder alguma coisa importante&#8221;; por isso, est\u00e3o \u201csempre\u201d conectados. Um v\u00edcio t\u00e3o nefasto quanto qualquer outro. Para quem \u00e9 greg\u00e1rio, as agruras da solid\u00e3o s\u00f3 cessam quando h\u00e1 um v\u00ednculo afetivo compromissado. Ora, compromisso \u00e9 tudo o que se evita na &#8220;modernidade l\u00edquida&#8221;.<\/p>\n<p style=\"text-align: justify;\">Para os jovens que moram com a fam\u00edlia, o quarto costuma ser uma extens\u00e3o da personalidade, o &#8220;esconderijo&#8221; que lhes permite ficar horas isolados, falando ao telefone, ouvindo m\u00fasica, vendo TV, surfando na internet ou simplesmente sonhando. No Jap\u00e3o, esse h\u00e1bito t\u00e3o comum produziu uma variante perversa \u2013 um contingente que permanece recluso no casulo dom\u00e9stico n\u00e3o apenas por algumas horas, mas por meses e at\u00e9 anos a fio. Estima-se que mais de 1 milh\u00e3o de japoneses entre 16 e 30 anos, 80% deles do sexo masculino, vivam nessa situa\u00e7\u00e3o, j\u00e1 classificada como doen\u00e7a pela literatura m\u00e9dica japonesa. Eles s\u00e3o chamados de hikikomori, palavra que significa &#8220;recluso&#8221; ou &#8220;isolado da sociedade&#8221;.<\/p>\n<p style=\"text-align: justify;\">Na opini\u00e3o de psiquiatras japoneses, esses eremitas modernos s\u00e3o v\u00edtimas dos pr\u00f3prios costumes do pa\u00eds. No Jap\u00e3o, os jovens sofrem imensa press\u00e3o para obter sucesso nos estudos e para se moldar \u00e0s normas no trabalho e na sociedade. Os hikikomoris s\u00e3o aqueles que n\u00e3o aguentam a press\u00e3o e preferem retirar-se da comunidade a competir com os outros. Como expressar os sentimentos \u00e9 um comportamento malvisto entre os japoneses, eles tamb\u00e9m preferem guardar para si suas ang\u00fastias.<\/p>\n<p style=\"text-align: justify;\">&#8220;Se voc\u00ea tem um filho que destoa da m\u00e9dia, isso \u00e9 motivo de grande vergonha&#8221;, diz a psic\u00f3loga japonesa Kyoko Nakagawa. &#8220;Por isso, os pais preferem ocultar o problema e n\u00e3o tomar nenhuma atitude para n\u00e3o se sentir humilhados.&#8221; Por enquanto, a tarefa de ajudar os solit\u00e1rios tem sido realizada por redes de volunt\u00e1rios, muitos deles pais de hikikomoris. Para o psiquiatra japon\u00eas Tamaki Saito, \u00e9 preciso mais do que isso para solucionar a epidemia de reclus\u00e3o social. &#8220;Uma sociedade que abandona os fracos e s\u00f3 valoriza os fortes n\u00e3o \u00e9 uma sociedade de verdade\u201d.<\/p>\n<p style=\"text-align: justify;\">Vivemos era mais cruel da autodestrui\u00e7\u00e3o, que \u00e9 a autodestrui\u00e7\u00e3o interior, a autodestrui\u00e7\u00e3o da emo\u00e7\u00e3o, da raz\u00e3o, a terr\u00edvel solid\u00e3o, via o isolamento, a exclus\u00e3o e a depress\u00e3o. A pior perdi\u00e7\u00e3o \u00e9 se perder dentro de si mesmo, da\u00ed perde a rela\u00e7\u00e3o com o outro e a perda da rela\u00e7\u00e3o social. Faz do quarto um mausol\u00e9u e da cama o t\u00famulo, isso \u00e9 \u201cHikikomori\u201d.<\/p>\n<p style=\"text-align: justify;\">Muitos indiv\u00edduos est\u00e3o cercados de objetos, mergulhados neles, como tamb\u00e9m nas redes sociais que se perdem silenciosamente, causa a demoli\u00e7\u00e3o no relacionamento humano, da\u00ed a vida solit\u00e1ria, obesidade, ansiedade, depress\u00e3o e outras patologias.<\/p>\n<p style=\"text-align: justify;\">Multid\u00f5es est\u00e3o indo para onde n\u00e3o querem ir. N\u00e3o seja mais um. Pare para onde voc\u00ea n\u00e3o quer ir, desista de fazer o que lhe machuca. N\u00e3o seja prisioneiro de nada. Busque ajuda profissional para a sua sa\u00fade f\u00edsica, emocional e mental. Com ajuda da terapia voc\u00ea encontra o sentido da vida, amor, paz, felicidade, prosperidade, espiritualidade e novos horizontes.<\/p>\n<p style=\"text-align: justify;\">Dr. In\u00e1cio Jos\u00e9 do Vale, Psicanalista Cl\u00ednico, PhD.<\/p>\n<p style=\"text-align: justify;\">Especialista em Psicologia Cl\u00ednica pela Faculdade Dom Alberto-RS.<\/p>\n<p style=\"text-align: justify;\">Especialista em Psicologia da Sa\u00fade pela Faculdade de Administra\u00e7\u00e3o, Ci\u00eancias e Educa\u00e7\u00e3o-MG.<\/p>\n<p style=\"text-align: justify;\">Doutorado em Psican\u00e1lise Cl\u00ednica pela Escola de Psican\u00e1lise da Sociedade Brasileira de Psican\u00e1lise Contempor\u00e2nea. Rio de Janeiro-RJ. Cadastrada na Organiza\u00e7\u00e3o das Na\u00e7\u00f5es Unidas \u2013 (ONU).<\/p>\n<p style=\"text-align: justify;\">\n<p style=\"text-align: justify;\"><strong>Autor do livro Terapia Psicanal\u00edtica: Demolindo a Ansiedade, a Depress\u00e3o e a Posse da Sa\u00fade F\u00edsica e Psicol\u00f3gica <\/strong><\/p>\n","protected":false},"excerpt":{"rendered":"<p>Esta express\u00e3o &#8220;multid\u00e3o de solit\u00e1rios&#8221; \u00e9 uma express\u00e3o do renomado soci\u00f3logo polon\u00eas Zygmunt Bauman. Estou sempre em contato com essa multid\u00e3o no meu cotidiano. Observo centenas de pessoas debru\u00e7adas sobre os seus celulares se relacionando de forma bizarra com outras pessoas que est\u00e3o igualmente s\u00f3s. H\u00e1 at\u00e9 os que sofrem de um Transtorno P\u00f3s-Moderno muito [&hellip;]<\/p>\n","protected":false},"author":16,"featured_media":55822,"comment_status":"open","ping_status":"closed","sticky":false,"template":"","format":"standard","meta":{"footnotes":""},"categories":[9],"tags":[],"class_list":["post-89923","post","type-post","status-publish","format-standard","has-post-thumbnail","hentry","category-artigos"],"_links":{"self":[{"href":"https:\/\/catolicanet.net\/wp-cnet\/wp-json\/wp\/v2\/posts\/89923","targetHints":{"allow":["GET"]}}],"collection":[{"href":"https:\/\/catolicanet.net\/wp-cnet\/wp-json\/wp\/v2\/posts"}],"about":[{"href":"https:\/\/catolicanet.net\/wp-cnet\/wp-json\/wp\/v2\/types\/post"}],"author":[{"embeddable":true,"href":"https:\/\/catolicanet.net\/wp-cnet\/wp-json\/wp\/v2\/users\/16"}],"replies":[{"embeddable":true,"href":"https:\/\/catolicanet.net\/wp-cnet\/wp-json\/wp\/v2\/comments?post=89923"}],"version-history":[{"count":1,"href":"https:\/\/catolicanet.net\/wp-cnet\/wp-json\/wp\/v2\/posts\/89923\/revisions"}],"predecessor-version":[{"id":89925,"href":"https:\/\/catolicanet.net\/wp-cnet\/wp-json\/wp\/v2\/posts\/89923\/revisions\/89925"}],"wp:featuredmedia":[{"embeddable":true,"href":"https:\/\/catolicanet.net\/wp-cnet\/wp-json\/wp\/v2\/media\/55822"}],"wp:attachment":[{"href":"https:\/\/catolicanet.net\/wp-cnet\/wp-json\/wp\/v2\/media?parent=89923"}],"wp:term":[{"taxonomy":"category","embeddable":true,"href":"https:\/\/catolicanet.net\/wp-cnet\/wp-json\/wp\/v2\/categories?post=89923"},{"taxonomy":"post_tag","embeddable":true,"href":"https:\/\/catolicanet.net\/wp-cnet\/wp-json\/wp\/v2\/tags?post=89923"}],"curies":[{"name":"wp","href":"https:\/\/api.w.org\/{rel}","templated":true}]}}