{"id":89921,"date":"2024-08-25T08:59:03","date_gmt":"2024-08-25T11:59:03","guid":{"rendered":"https:\/\/catolicanet.net\/wp-cnet\/?p=89921"},"modified":"2024-08-23T17:00:18","modified_gmt":"2024-08-23T20:00:18","slug":"21o-domingo-do-tempo-comum-ev-jo-660-69","status":"publish","type":"post","link":"https:\/\/catolicanet.net\/wp-cnet\/21o-domingo-do-tempo-comum-ev-jo-660-69\/","title":{"rendered":"21\u00ba Domingo do Tempo Comum Ev. Jo 6,60-69."},"content":{"rendered":"<p style=\"text-align: center;\"><em>Texto referencial: A partir daquele momento, muitos disc\u00edpulos abandonaram e n\u00e3o mais andaram com Ele. Jesus disse aos doze: \u201cv\u00f3s tamb\u00e9m quereis ir embora?\u201d Sim\u00e3o Pedro respondeu: \u201ca quem iremos Senhor? Tu tens palavras de vida eterna\u201d. (Jo 6,66-68)<\/em><\/p>\n<p style=\"text-align: justify;\">O cap\u00edtulo sexto de Jo\u00e3o \u00e9 interessant\u00edssimo, rico doutrinalmente e altamente questionador. Aos que aceitam, as palavras de Jesus, mas h\u00e1, tamb\u00e9m, os que a rejeitam. V\u00e3o abandonando a Jesus. Desistem. De fato, tudo tem um custo no seguimento de Jesus. Aos que n\u00e3o o querem pagar: dizem estar escandalizados.<\/p>\n<p style=\"text-align: justify;\">N\u00e3o creem. A f\u00e9 \u00e9 dom de Deus. \u00c9 gra\u00e7a. Mas requer tamb\u00e9m a colabora\u00e7\u00e3o humana. A justifica\u00e7\u00e3o nossa \u00e9 gra\u00e7a: \u00e9 gratuita, mas a salva\u00e7\u00e3o final, exige colabora\u00e7\u00e3o, livre, amorosa e constante. Jesus chamou doze: um, no entanto o traiu. N\u00e3o aceitou, portanto, o projeto de Jesus.\u00a0 At\u00e9, traiu o mestre com um beijo: sinal de amor e respeito.<\/p>\n<p style=\"text-align: justify;\">A obra de salva\u00e7\u00e3o \u00e9 obra do Pai, do Filho, do Esp\u00edrito Santo e nossa tamb\u00e9m. \u00c9 preciso ouvir a Deus. Am\u00e1-lo, servindo os irm\u00e3os e irm\u00e3s. O Pai atraiu\u2026 Jesus veio e vem ao nosso encontro. O Esp\u00edrito Santo age no cora\u00e7\u00e3o humano. Mas eu devo, dizer \u201csim a Deus\u201d. Hoje, aos que dizem, Deus n\u00e3o existir ou que tanto faz, se existe ou n\u00e3o. Outros afirmam que a vida n\u00e3o tem sentido. Deus nos respeita e nos ama, mas se rejeitado n\u00e3o nos obriga a mudar. Sou livre para me salvar com a gra\u00e7a de Deus ou para me perder eternamente sem ela. Podemos imitar Ad\u00e3o e Eva ou Judas Iscariotes. A liberdade \u00e9 dom, mas pode tornar-se perigo ou at\u00e9 desgra\u00e7a.<\/p>\n<p style=\"text-align: justify;\">Quando os disc\u00edpulos acharam duras, pesadas as palavras do mestre, alguns retrocederam. Jesus ent\u00e3o perguntou aos doze: quereis v\u00f3s, ir embora tamb\u00e9m? Pedro respondeu: a quem ir\u00edamos n\u00f3s? somente tu tens palavras de vida eterna. Permaneceram com Jesus, n\u00e3o se arrependeram, mas se tornaram m\u00e1rtires. Foram fi\u00e9is. N\u00e3o nos cabe julgar, mas hoje, n\u00e3o h\u00e1 os que abandonam o evangelho facilmente? A Igreja e a moral crist\u00e3? A decis\u00e3o \u00e9 nossa, minha e vossa.<\/p>\n","protected":false},"excerpt":{"rendered":"<p>Texto referencial: A partir daquele momento, muitos disc\u00edpulos abandonaram e n\u00e3o mais andaram com Ele. Jesus disse aos doze: \u201cv\u00f3s tamb\u00e9m quereis ir embora?\u201d Sim\u00e3o Pedro respondeu: \u201ca quem iremos Senhor? Tu tens palavras de vida eterna\u201d. (Jo 6,66-68) O cap\u00edtulo sexto de Jo\u00e3o \u00e9 interessant\u00edssimo, rico doutrinalmente e altamente questionador. Aos que aceitam, as [&hellip;]<\/p>\n","protected":false},"author":119,"featured_media":77698,"comment_status":"open","ping_status":"closed","sticky":false,"template":"","format":"standard","meta":{"footnotes":""},"categories":[9],"tags":[],"class_list":["post-89921","post","type-post","status-publish","format-standard","has-post-thumbnail","hentry","category-artigos"],"_links":{"self":[{"href":"https:\/\/catolicanet.net\/wp-cnet\/wp-json\/wp\/v2\/posts\/89921","targetHints":{"allow":["GET"]}}],"collection":[{"href":"https:\/\/catolicanet.net\/wp-cnet\/wp-json\/wp\/v2\/posts"}],"about":[{"href":"https:\/\/catolicanet.net\/wp-cnet\/wp-json\/wp\/v2\/types\/post"}],"author":[{"embeddable":true,"href":"https:\/\/catolicanet.net\/wp-cnet\/wp-json\/wp\/v2\/users\/119"}],"replies":[{"embeddable":true,"href":"https:\/\/catolicanet.net\/wp-cnet\/wp-json\/wp\/v2\/comments?post=89921"}],"version-history":[{"count":1,"href":"https:\/\/catolicanet.net\/wp-cnet\/wp-json\/wp\/v2\/posts\/89921\/revisions"}],"predecessor-version":[{"id":89922,"href":"https:\/\/catolicanet.net\/wp-cnet\/wp-json\/wp\/v2\/posts\/89921\/revisions\/89922"}],"wp:featuredmedia":[{"embeddable":true,"href":"https:\/\/catolicanet.net\/wp-cnet\/wp-json\/wp\/v2\/media\/77698"}],"wp:attachment":[{"href":"https:\/\/catolicanet.net\/wp-cnet\/wp-json\/wp\/v2\/media?parent=89921"}],"wp:term":[{"taxonomy":"category","embeddable":true,"href":"https:\/\/catolicanet.net\/wp-cnet\/wp-json\/wp\/v2\/categories?post=89921"},{"taxonomy":"post_tag","embeddable":true,"href":"https:\/\/catolicanet.net\/wp-cnet\/wp-json\/wp\/v2\/tags?post=89921"}],"curies":[{"name":"wp","href":"https:\/\/api.w.org\/{rel}","templated":true}]}}