{"id":89908,"date":"2024-08-22T09:53:28","date_gmt":"2024-08-22T12:53:28","guid":{"rendered":"https:\/\/catolicanet.net\/wp-cnet\/?p=89908"},"modified":"2024-08-23T16:54:13","modified_gmt":"2024-08-23T19:54:13","slug":"a-cultura","status":"publish","type":"post","link":"https:\/\/catolicanet.net\/wp-cnet\/a-cultura\/","title":{"rendered":"A Cultura"},"content":{"rendered":"<p style=\"text-align: center;\"><em>Cadernos do Conc\u00edlio \u2013 Volume 30<\/em><\/p>\n<p style=\"text-align: justify;\"><em>\u00a0<\/em>Hoje nos debru\u00e7aremos no volume trinta da Cole\u00e7\u00e3o Cadernos do Conc\u00edlio Ecum\u00eanico Vaticano II que tem como tema: \u201c<em>A cultura\u201d. <\/em>Esse \u00e9 um tema um pouco amplo e complexo, porque cada povo, cada na\u00e7\u00e3o tem a sua cultura pr\u00f3pria e precisa ser respeitada. Inclusive aqui no Brasil, um pa\u00eds t\u00e3o amplo que tem uma cultura diversificada em seus diversos estados.<\/p>\n<p style=\"text-align: justify;\">Desta forma, quando formos evangelizar em nome da Igreja temos que respeitar as diversas culturas e a maneira com a qual eles rezam e celebram os sacramentos e vivem a liturgia. A ess\u00eancia da missa n\u00e3o muda em qualquer parte do mundo, as leituras proclamadas aqui s\u00e3o as mesmas proclamadas no Jap\u00e3o, na China, nos Estados Unidos, enfim. O que muda s\u00e3o os demais ritos, por exemplo, m\u00fasicas, cren\u00e7a popular, e a forma com que as pessoas se aproximam de Deus.<\/p>\n<p style=\"text-align: justify;\">Por isso, \u00e9 preciso respeitar a liberdade de cren\u00e7a de cada povo, n\u00e3o podemos chegar em um local diferente e impor \u00e0 nossa cultura. Inclusive o Conc\u00edlio Ecum\u00eanico Vaticano II atrav\u00e9s da reforma lit\u00fargica deu essa abertura para que cada povo celebre a Eucaristia de acordo com a sua cultura. Com a reforma lit\u00fargica foi permitida a celebra\u00e7\u00e3o da missa na l\u00edngua vern\u00e1cula, ou seja, a l\u00edngua fluente naquele pa\u00eds e n\u00e3o mais obrigatoriamente o latim. Isso permitiu uma maior aproxima\u00e7\u00e3o com os fi\u00e9is, e uma abertura maior para a incultura\u00e7\u00e3o.<\/p>\n<p style=\"text-align: justify;\">Outro desafio de comunica\u00e7\u00e3o nos dias de hoje, e n\u00e3o deixa de ser uma forma de incultura\u00e7\u00e3o, \u00e9 a internet. Principalmente a partir da pandemia de Covid-19, a internet tomou uma propor\u00e7\u00e3o maior ainda, inclusive com transmiss\u00e3o de missas, adora\u00e7\u00e3o ao Sant\u00edssimo e outros momentos de ora\u00e7\u00e3o. Mesmo com a transmiss\u00e3o pela internet \u00e9 necess\u00e1rio celebrar a missa e os sacramentos presencialmente e de maneira que abrangem todas as culturas, e todos que assistirem a transmiss\u00e3o sintam-se alcan\u00e7ados por aquela celebra\u00e7\u00e3o.<\/p>\n<p style=\"text-align: justify;\">Evangelizar nos dias de hoje \u00e9 um grande desafio, mas temos que aproveitar todos os meios que aparecem para n\u00f3s. Sabemos que h\u00e1 pessoas que, desde a pandemia da Covid-19, ainda n\u00e3o retornaram para a Igreja, por isso algumas par\u00f3quias ainda continuam a transmiss\u00e3o da missa pelos meios digitais. Outra maneira de chegar at\u00e9 essas pessoas que deixaram de frequentar a Igreja (desigrejados) desde a pandemia \u00e9 ir at\u00e9 a casa delas, visit\u00e1-las, conversar com a fam\u00edlia e ver a possibilidade de ministrar a Eucaristia. Convidar a fam\u00edlia para que frequente a Igreja e participe da celebra\u00e7\u00e3o Eucar\u00edstica.<\/p>\n<p style=\"text-align: justify;\">Faz parte de algumas culturas, inclusive aqui no Brasil, a celebra\u00e7\u00e3o das missas nas casas junto \u00e0s comunidades que l\u00e1 se congregam, do mesmo modo que acontecia nos primeiros s\u00e9culos da Igreja. Aqui no Brasil essas celebra\u00e7\u00f5es acontecem sobretudo em algumas regi\u00f5es em espec\u00edfico, em que o territ\u00f3rio paroquial \u00e9 muito grande. Isso faz parte da cultura do povo brasileiro e \u00e9 preciso manter, e respeitando a cultura de cada local onde estamos inseridos.<\/p>\n<p style=\"text-align: justify;\">H\u00e1 quase cinquenta anos atr\u00e1s o Papa S\u00e3o Paulo VI publicou uma Exorta\u00e7\u00e3o Apost\u00f3lica chamada <em>\u201cEvangelii Nuntiandi\u201d. <\/em>Esse documento trata sobre a evangeliza\u00e7\u00e3o no mundo contempor\u00e2neo, que j\u00e1 era uma preocupa\u00e7\u00e3o naquela \u00e9poca, que dir\u00e1 nos dias de hoje com o avan\u00e7o da tecnologia. A Igreja tem que estar inserida na cultura, pois ningu\u00e9m deve estar de fora da evangeliza\u00e7\u00e3o, o evangelho tem que ser anunciado em todos os lugares e para todas as pessoas.<\/p>\n<p style=\"text-align: justify;\">Como dizia o Papa S\u00e3o Paulo VI, o an\u00fancio do evangelho deve transformar a sociedade, ou seja, onde h\u00e1 o \u00f3dio levar o perd\u00e3o, onde h\u00e1 brigas levar a paz, e onde h\u00e1 desuni\u00e3o levar a uni\u00e3o, tudo isso pode ser transformado a partir do an\u00fancio do Evangelho. Infelizmente vivemos em uma sociedade que a todo custo quer ser laicista, ou seja, quer viver sem professar uma religi\u00e3o. Por isso, \u00e9 urgente que cada par\u00f3quia fa\u00e7a um trabalho mission\u00e1rio e entre nas comunidades, escolas, casas e anunciem em primeiro lugar Jesus Cristo, e falem da import\u00e2ncia de ter f\u00e9 que todos busquem os sacramentos.<\/p>\n<p style=\"text-align: justify;\">Ap\u00f3s esse an\u00fancio primeiro do Evangelho, \u00e9 necess\u00e1rio entrar nas comunidades e come\u00e7ar a celebrar as missas nas casas das pessoas, \u00e9 a partir desses momentos que surgem novas comunidades. Temos que levar Jesus Cristo para as pessoas, atrav\u00e9s da Eucaristia, partilhar o bem espiritual para que depois possa partilhar o bem material. \u00c9 preciso ensinar as pessoas a conformarem a sua vida com a f\u00e9 que professam.<\/p>\n<p style=\"text-align: justify;\">Antes, por\u00e9m, \u00e9 necess\u00e1rio converter o cora\u00e7\u00e3o das pessoas, dizer para aqueles que n\u00e3o professam f\u00e9 alguma o qu\u00e3o importante \u00e9 ter uma religi\u00e3o. Do mesmo modo que aconteceu com Paulo que perseguia os crist\u00e3os e o Senhor abriu os seus olhos e o chamou. Paulo se torna o ap\u00f3stolo dos gentios e um grande evangelizador, temos que oferecer aos outros aquilo que temos de mais precioso: Jesus Cristo.<\/p>\n<p style=\"text-align: justify;\">Diante de uma sociedade t\u00e3o complexa com diversas ra\u00e7as e credos temos que continuar a nossa miss\u00e3o de disc\u00edpulos e mission\u00e1rios de Jesus Cristo. Que possamos vencer o medo e anunciar Jesus Cristo na escola, no trabalho, em casa, e mostremos a sociedade a import\u00e2ncia de ter f\u00e9.<\/p>\n<p style=\"text-align: justify;\">Convido a todos a tomarem esse volume trinta da Cole\u00e7\u00e3o Cadernos do Conc\u00edlio Ecum\u00eanico Vaticano II \u2013 uma publica\u00e7\u00e3o das edi\u00e7\u00f5es CNBB \u2013 em vista do Jubileu da Esperan\u00e7a, em m\u00e3os e aprofundar mais sobre o tema, e convido tamb\u00e9m a lerem a Exorta\u00e7\u00e3o Apost\u00f3lica do Papa S\u00e3o Paulo VI <em>\u201cEvangelii Nuntiandi. <\/em><\/p>\n<p style=\"text-align: justify;\">A nossa cultura brasileira sedimenta-se pelo conhecimento e pela viv\u00eancia dos valores do Evangelho de Jesus Cristo Ressuscitado!<\/p>\n","protected":false},"excerpt":{"rendered":"<p>Cadernos do Conc\u00edlio \u2013 Volume 30 \u00a0Hoje nos debru\u00e7aremos no volume trinta da Cole\u00e7\u00e3o Cadernos do Conc\u00edlio Ecum\u00eanico Vaticano II que tem como tema: \u201cA cultura\u201d. Esse \u00e9 um tema um pouco amplo e complexo, porque cada povo, cada na\u00e7\u00e3o tem a sua cultura pr\u00f3pria e precisa ser respeitada. Inclusive aqui no Brasil, um pa\u00eds [&hellip;]<\/p>\n","protected":false},"author":5,"featured_media":55819,"comment_status":"open","ping_status":"closed","sticky":false,"template":"","format":"standard","meta":{"footnotes":""},"categories":[9],"tags":[],"class_list":["post-89908","post","type-post","status-publish","format-standard","has-post-thumbnail","hentry","category-artigos"],"_links":{"self":[{"href":"https:\/\/catolicanet.net\/wp-cnet\/wp-json\/wp\/v2\/posts\/89908","targetHints":{"allow":["GET"]}}],"collection":[{"href":"https:\/\/catolicanet.net\/wp-cnet\/wp-json\/wp\/v2\/posts"}],"about":[{"href":"https:\/\/catolicanet.net\/wp-cnet\/wp-json\/wp\/v2\/types\/post"}],"author":[{"embeddable":true,"href":"https:\/\/catolicanet.net\/wp-cnet\/wp-json\/wp\/v2\/users\/5"}],"replies":[{"embeddable":true,"href":"https:\/\/catolicanet.net\/wp-cnet\/wp-json\/wp\/v2\/comments?post=89908"}],"version-history":[{"count":1,"href":"https:\/\/catolicanet.net\/wp-cnet\/wp-json\/wp\/v2\/posts\/89908\/revisions"}],"predecessor-version":[{"id":89910,"href":"https:\/\/catolicanet.net\/wp-cnet\/wp-json\/wp\/v2\/posts\/89908\/revisions\/89910"}],"wp:featuredmedia":[{"embeddable":true,"href":"https:\/\/catolicanet.net\/wp-cnet\/wp-json\/wp\/v2\/media\/55819"}],"wp:attachment":[{"href":"https:\/\/catolicanet.net\/wp-cnet\/wp-json\/wp\/v2\/media?parent=89908"}],"wp:term":[{"taxonomy":"category","embeddable":true,"href":"https:\/\/catolicanet.net\/wp-cnet\/wp-json\/wp\/v2\/categories?post=89908"},{"taxonomy":"post_tag","embeddable":true,"href":"https:\/\/catolicanet.net\/wp-cnet\/wp-json\/wp\/v2\/tags?post=89908"}],"curies":[{"name":"wp","href":"https:\/\/api.w.org\/{rel}","templated":true}]}}