{"id":89906,"date":"2024-08-24T09:52:22","date_gmt":"2024-08-24T12:52:22","guid":{"rendered":"https:\/\/catolicanet.net\/wp-cnet\/?p=89906"},"modified":"2024-08-23T16:53:14","modified_gmt":"2024-08-23T19:53:14","slug":"o-dia-do-catequista-um-chamado-a-transmitir-a-fe-com-amor-e-dedicacao","status":"publish","type":"post","link":"https:\/\/catolicanet.net\/wp-cnet\/o-dia-do-catequista-um-chamado-a-transmitir-a-fe-com-amor-e-dedicacao\/","title":{"rendered":"O Dia do Catequista: Um Chamado a Transmitir a F\u00e9 com Amor e Dedica\u00e7\u00e3o"},"content":{"rendered":"<p style=\"text-align: justify;\">No pr\u00f3ximo dia 27 de agosto de 2024, a Igreja no Brasil celebra com grande alegria e gratid\u00e3o o Dia do Catequista. \u00c9 uma ocasi\u00e3o especial para reconhecermos e agradecermos a todos os homens e mulheres que, com generosidade e amor, dedicam suas vidas \u00e0 nobre miss\u00e3o de transmitir a f\u00e9 \u00e0s novas gera\u00e7\u00f5es.<\/p>\n<p style=\"text-align: justify;\">Ser catequista n\u00e3o \u00e9 apenas uma fun\u00e7\u00e3o na Igreja, mas uma verdadeira voca\u00e7\u00e3o. \u00c9 um chamado de Deus para compartilhar a alegria do Evangelho e ajudar a formar disc\u00edpulos de Cristo. Os catequistas t\u00eam a miss\u00e3o de anunciar a Palavra de Deus, ensinar os fundamentos da f\u00e9 e guiar os catequizandos em sua caminhada espiritual. Eles s\u00e3o instrumentos do Esp\u00edrito Santo, que age atrav\u00e9s deles para iluminar as mentes e tocar os cora\u00e7\u00f5es.<\/p>\n<p style=\"text-align: justify;\">Jesus, o grande Mestre, nos deu o exemplo de como ensinar com amor e paci\u00eancia. Ele ensinava n\u00e3o apenas com palavras, mas com a sua vida, com seus gestos de compaix\u00e3o, cura e perd\u00e3o. O catequista, seguindo os passos de Cristo, \u00e9 chamado a ser testemunha viva da f\u00e9 que professa, transmitindo n\u00e3o apenas conhecimentos, mas uma experi\u00eancia viva de Deus.<\/p>\n<p style=\"text-align: justify;\">A catequese \u00e9 fundamental na vida da Igreja, pois \u00e9 atrav\u00e9s dela que a f\u00e9 \u00e9 transmitida de gera\u00e7\u00e3o em gera\u00e7\u00e3o. Sem catequese, a f\u00e9 corre o risco de se tornar superficial, sem ra\u00edzes profundas. A catequese n\u00e3o \u00e9 apenas para as crian\u00e7as, mas para todas as idades, pois a f\u00e9 \u00e9 algo que deve crescer e se aprofundar ao longo de toda a vida.<\/p>\n<p style=\"text-align: justify;\">O Papa Francisco, em sua Exorta\u00e7\u00e3o Apost\u00f3lica <em>Evangelii Gaudium<\/em>, nos lembra da import\u00e2ncia da catequese como parte essencial da evangeliza\u00e7\u00e3o. Ele diz que \u201ca catequese \u00e9 o espa\u00e7o onde a pessoa pode ouvir o chamado de Cristo para segui-lo, e se abrir \u00e0 gra\u00e7a de Deus, que transforma a vida e d\u00e1 sentido ao nosso existir\u201d. \u00c9 por meio da catequese que o Evangelho \u00e9 enraizado nos cora\u00e7\u00f5es e se torna luz que ilumina todo o caminho.<\/p>\n<p style=\"text-align: justify;\">Neste dia especial, quero expressar, em nome de toda a Igreja, nossa profunda gratid\u00e3o a cada catequista. Sabemos que a miss\u00e3o de catequizar exige tempo, dedica\u00e7\u00e3o e sacrif\u00edcio. Muitas vezes, os catequistas realizam essa miss\u00e3o paralelamente \u00e0s suas responsabilidades familiares e profissionais, demonstrando um verdadeiro esp\u00edrito de servi\u00e7o e amor pela Igreja.<\/p>\n<p style=\"text-align: justify;\">Agradecemos pelo testemunho de f\u00e9 que voc\u00eas oferecem, pelo cuidado e zelo com que preparam cada encontro catequ\u00e9tico, e pela paci\u00eancia com que acompanham cada catequizando. Voc\u00eas s\u00e3o uma b\u00ean\u00e7\u00e3o para nossa Igreja e, atrav\u00e9s de seu trabalho, muitas almas est\u00e3o sendo conduzidas ao encontro com Cristo.<\/p>\n<p style=\"text-align: justify;\">Ser catequista \u00e9 um chamado a perseverar, mesmo diante das dificuldades. Vivemos em um mundo onde a f\u00e9 muitas vezes \u00e9 questionada ou relativizada, e o trabalho do catequista se torna ainda mais importante. \u00c9 essencial que os catequistas se mantenham firmes na ora\u00e7\u00e3o, busquem continuamente a forma\u00e7\u00e3o e estejam sempre abertos \u00e0 a\u00e7\u00e3o do Esp\u00edrito Santo.<\/p>\n<p style=\"text-align: justify;\">A forma\u00e7\u00e3o cont\u00ednua \u00e9 indispens\u00e1vel para que os catequistas possam responder aos desafios do nosso tempo com sabedoria e discernimento. \u00c9 importante que todos estejam sempre atualizados na doutrina da Igreja e nas metodologias catequ\u00e9ticas, para que possam comunicar a f\u00e9 de maneira eficaz e atraente.<\/p>\n<p style=\"text-align: justify;\">Convido todos os catequistas a olharem para Maria, a M\u00e3e de Jesus, como modelo perfeito de catequista. Maria foi a primeira a acolher a Palavra de Deus em seu cora\u00e7\u00e3o e a transmiti-la ao mundo. Ela nos ensina a humildade, a escuta atenta da Palavra e a confian\u00e7a plena em Deus. Que ela interceda por todos os catequistas, para que possam cumprir sua miss\u00e3o com alegria e fidelidade.<\/p>\n<p style=\"text-align: justify;\">Caros catequistas, que Deus os aben\u00e7oe abundantemente nesta nobre miss\u00e3o. Que o Esp\u00edrito Santo os ilumine e fortale\u00e7a, para que possam continuar sendo luzes que guiam outros ao encontro com Cristo. Lembrem-se sempre de que, ao transmitir a f\u00e9, voc\u00eas est\u00e3o colaborando com a obra de Deus na constru\u00e7\u00e3o do seu Reino.<\/p>\n<p style=\"text-align: justify;\">Muito obrigado por tudo o que fazem pela Igreja e pelo Reino de Deus.<\/p>\n<p style=\"text-align: center;\"><strong>+Anuar Battisti<\/strong><br \/>\n<strong>Arcebispo Em\u00e9rito de Maring\u00e1 (PR)<\/strong><\/p>\n","protected":false},"excerpt":{"rendered":"<p>No pr\u00f3ximo dia 27 de agosto de 2024, a Igreja no Brasil celebra com grande alegria e gratid\u00e3o o Dia do Catequista. \u00c9 uma ocasi\u00e3o especial para reconhecermos e agradecermos a todos os homens e mulheres que, com generosidade e amor, dedicam suas vidas \u00e0 nobre miss\u00e3o de transmitir a f\u00e9 \u00e0s novas gera\u00e7\u00f5es. Ser [&hellip;]<\/p>\n","protected":false},"author":1,"featured_media":55814,"comment_status":"open","ping_status":"closed","sticky":false,"template":"","format":"standard","meta":{"footnotes":""},"categories":[9],"tags":[],"class_list":["post-89906","post","type-post","status-publish","format-standard","has-post-thumbnail","hentry","category-artigos"],"_links":{"self":[{"href":"https:\/\/catolicanet.net\/wp-cnet\/wp-json\/wp\/v2\/posts\/89906","targetHints":{"allow":["GET"]}}],"collection":[{"href":"https:\/\/catolicanet.net\/wp-cnet\/wp-json\/wp\/v2\/posts"}],"about":[{"href":"https:\/\/catolicanet.net\/wp-cnet\/wp-json\/wp\/v2\/types\/post"}],"author":[{"embeddable":true,"href":"https:\/\/catolicanet.net\/wp-cnet\/wp-json\/wp\/v2\/users\/1"}],"replies":[{"embeddable":true,"href":"https:\/\/catolicanet.net\/wp-cnet\/wp-json\/wp\/v2\/comments?post=89906"}],"version-history":[{"count":1,"href":"https:\/\/catolicanet.net\/wp-cnet\/wp-json\/wp\/v2\/posts\/89906\/revisions"}],"predecessor-version":[{"id":89907,"href":"https:\/\/catolicanet.net\/wp-cnet\/wp-json\/wp\/v2\/posts\/89906\/revisions\/89907"}],"wp:featuredmedia":[{"embeddable":true,"href":"https:\/\/catolicanet.net\/wp-cnet\/wp-json\/wp\/v2\/media\/55814"}],"wp:attachment":[{"href":"https:\/\/catolicanet.net\/wp-cnet\/wp-json\/wp\/v2\/media?parent=89906"}],"wp:term":[{"taxonomy":"category","embeddable":true,"href":"https:\/\/catolicanet.net\/wp-cnet\/wp-json\/wp\/v2\/categories?post=89906"},{"taxonomy":"post_tag","embeddable":true,"href":"https:\/\/catolicanet.net\/wp-cnet\/wp-json\/wp\/v2\/tags?post=89906"}],"curies":[{"name":"wp","href":"https:\/\/api.w.org\/{rel}","templated":true}]}}