{"id":89877,"date":"2024-08-23T09:37:14","date_gmt":"2024-08-23T12:37:14","guid":{"rendered":"https:\/\/catolicanet.net\/wp-cnet\/?p=89877"},"modified":"2024-08-23T16:37:55","modified_gmt":"2024-08-23T19:37:55","slug":"ccm-oferece-curso-ad-gentes-para-missionarios-enviados-para-regioes-do-brasil-e-alem-fronteiras","status":"publish","type":"post","link":"https:\/\/catolicanet.net\/wp-cnet\/ccm-oferece-curso-ad-gentes-para-missionarios-enviados-para-regioes-do-brasil-e-alem-fronteiras\/","title":{"rendered":"CCM OFERECE CURSO AD GENTES PARA MISSION\u00c1RIOS ENVIADOS PARA REGI\u00d5ES DO BRASIL E AL\u00c9M-FRONTEIRAS"},"content":{"rendered":"<p style=\"text-align: justify;\">Uma nova etapa de forma\u00e7\u00e3o ser\u00e1 oferecida pelo Centro Cultural Mission\u00e1rio no pr\u00f3ximo m\u00eas. De 1\u00ba a 14 de setembro, ser\u00e1 realizado o Curso Ad Gentes, voltado para mission\u00e1rias e mission\u00e1rios enviados para diferentes regi\u00f5es do Brasil e al\u00e9m fronteiras.<\/p>\n<p style=\"text-align: justify;\">A forma\u00e7\u00e3o \u00e9 promovida em parceria com a Comiss\u00e3o Episcopal para A\u00e7\u00e3o Mission\u00e1ria e Coopera\u00e7\u00e3o Intereclesial da Confer\u00eancia Nacional dos Bispos do Brasil (CNBB), com as Pontif\u00edcias Obras Mission\u00e1rias e a Confer\u00eancia dos Religiosos do Brasil. E \u00e9 voltada a mission\u00e1rios di\u00e1conos, presb\u00edteros, consagradas e consagrados, seminaristas, leigas e leigos em vista de serem enviados para a Miss\u00e3o Ad Gentes por suas Igrejas locais, congrega\u00e7\u00f5es, institutos e novas comunidades.<\/p>\n<p style=\"text-align: justify;\">De acordo com o CCM, o curso tamb\u00e9m \u00e9 indicado para mission\u00e1rios e mission\u00e1rias que queiram se aprimorar nas tem\u00e1ticas relacionadas \u00e0 miss\u00e3o, \u201cpara amadurecer uma eventual decis\u00e3o de elaborar caminhos e projetos junto \u00e0 pr\u00f3pria congrega\u00e7\u00e3o ou organiza\u00e7\u00e3o, bem como para mission\u00e1rios e mission\u00e1rias que ser\u00e3o enviadas para regi\u00f5es dentro do pr\u00f3prio Brasil e que se distinguem da sua regi\u00e3o de origem\u201d.<\/p>\n<h3 style=\"text-align: justify;\">Aprofundamento<\/h3>\n<p style=\"text-align: justify;\">Durante os dias de curso, ser\u00e1 poss\u00edvel aos participantes aprofundar as motiva\u00e7\u00f5es pessoais, o significado da miss\u00e3o, a vis\u00e3o dos desafios mission\u00e1rios, os fundamentos b\u00edblicos e teol\u00f3gicos da miss\u00e3o; conhecer referenciais te\u00f3ricos essenciais e pr\u00e1ticos para a a\u00e7\u00e3o mission\u00e1ria; e participar de discernimento participativo, de revigoramento espiritual e de atualiza\u00e7\u00e3o sobre os caminhos da Igreja mission\u00e1ria.<\/p>\n<p style=\"text-align: justify;\">O caminho formativo contar\u00e1 com a abordagem de v\u00e1rias dimens\u00f5es da miss\u00e3o: a humano-afetiva, a b\u00edblica, a antropol\u00f3gica, a pedag\u00f3gica, a social, a espiritual e a quest\u00e3o da mobilidade humana.<\/p>\n<h3 style=\"text-align: justify;\">Inscri\u00e7\u00f5es<\/h3>\n<p style=\"text-align: justify;\">As inscri\u00e7\u00f5es est\u00e3o abertas at\u00e9 o final do m\u00eas de agosto e devem ser feitas no site do CCM\u00a0<a href=\"https:\/\/www.ccm.org.br\/ad-gentes\/\" target=\"_blank\" rel=\"noopener\">(acesse aqui)<\/a>. \u00c9 necess\u00e1rio ter realizado um processo de discernimento para a Miss\u00e3o Ad Gentes; ter 18 anos completos ou mais; e apresentar uma carta de apresenta\u00e7\u00e3o emitida pela diocese ou congrega\u00e7\u00e3o e assinada pelo bispo diocesano ou pelo(a) superior provincial.<\/p>\n<h3 style=\"text-align: justify;\">Intensivo<\/h3>\n<p style=\"text-align: justify;\">Realizado nas depend\u00eancias do Centro Cultural Mission\u00e1rio, o curso tem uma proposta intensiva, com aulas pela manh\u00e3 e \u00e0 tarde. J\u00e1 a noite \u00e9 reservada para execu\u00e7\u00e3o das atividades indicadas pelos assessores(as), para conviv\u00eancia fraterna, partilhas e descanso.<\/p>\n<p style=\"text-align: justify;\">\u201cDurante os dias em que os participantes passam juntos no CCM, al\u00e9m de participar dos estudos, eles e elas s\u00e3o convidados a cultivar um estilo de vida de despojamento, servi\u00e7o, acolhida, vida comunit\u00e1ria, espiritualidade e cuidado com o todo que os envolve\u201d, indica a organiza\u00e7\u00e3o.<\/p>\n<p style=\"text-align: justify;\">\n<p style=\"text-align: justify;\"><em><strong><a href=\"https:\/\/www.ccm.org.br\/ad-gentes\/\" target=\"_blank\" rel=\"noopener\">Acesse a p\u00e1gina do curso, saiba mais e inscreva-se.<\/a><\/strong><\/em><\/p>\n<p style=\"text-align: justify;\">\n<pre>Por Luiz Lopes Jr<\/pre>\n","protected":false},"excerpt":{"rendered":"<p>Uma nova etapa de forma\u00e7\u00e3o ser\u00e1 oferecida pelo Centro Cultural Mission\u00e1rio no pr\u00f3ximo m\u00eas. De 1\u00ba a 14 de setembro, ser\u00e1 realizado o Curso Ad Gentes, voltado para mission\u00e1rias e mission\u00e1rios enviados para diferentes regi\u00f5es do Brasil e al\u00e9m fronteiras. A forma\u00e7\u00e3o \u00e9 promovida em parceria com a Comiss\u00e3o Episcopal para A\u00e7\u00e3o Mission\u00e1ria e Coopera\u00e7\u00e3o [&hellip;]<\/p>\n","protected":false},"author":1,"featured_media":89878,"comment_status":"open","ping_status":"closed","sticky":false,"template":"","format":"standard","meta":{"footnotes":""},"categories":[7],"tags":[],"class_list":["post-89877","post","type-post","status-publish","format-standard","has-post-thumbnail","hentry","category-cnbb"],"_links":{"self":[{"href":"https:\/\/catolicanet.net\/wp-cnet\/wp-json\/wp\/v2\/posts\/89877","targetHints":{"allow":["GET"]}}],"collection":[{"href":"https:\/\/catolicanet.net\/wp-cnet\/wp-json\/wp\/v2\/posts"}],"about":[{"href":"https:\/\/catolicanet.net\/wp-cnet\/wp-json\/wp\/v2\/types\/post"}],"author":[{"embeddable":true,"href":"https:\/\/catolicanet.net\/wp-cnet\/wp-json\/wp\/v2\/users\/1"}],"replies":[{"embeddable":true,"href":"https:\/\/catolicanet.net\/wp-cnet\/wp-json\/wp\/v2\/comments?post=89877"}],"version-history":[{"count":1,"href":"https:\/\/catolicanet.net\/wp-cnet\/wp-json\/wp\/v2\/posts\/89877\/revisions"}],"predecessor-version":[{"id":89880,"href":"https:\/\/catolicanet.net\/wp-cnet\/wp-json\/wp\/v2\/posts\/89877\/revisions\/89880"}],"wp:featuredmedia":[{"embeddable":true,"href":"https:\/\/catolicanet.net\/wp-cnet\/wp-json\/wp\/v2\/media\/89878"}],"wp:attachment":[{"href":"https:\/\/catolicanet.net\/wp-cnet\/wp-json\/wp\/v2\/media?parent=89877"}],"wp:term":[{"taxonomy":"category","embeddable":true,"href":"https:\/\/catolicanet.net\/wp-cnet\/wp-json\/wp\/v2\/categories?post=89877"},{"taxonomy":"post_tag","embeddable":true,"href":"https:\/\/catolicanet.net\/wp-cnet\/wp-json\/wp\/v2\/tags?post=89877"}],"curies":[{"name":"wp","href":"https:\/\/api.w.org\/{rel}","templated":true}]}}