{"id":89873,"date":"2024-08-23T09:35:50","date_gmt":"2024-08-23T12:35:50","guid":{"rendered":"https:\/\/catolicanet.net\/wp-cnet\/?p=89873"},"modified":"2024-08-23T16:36:55","modified_gmt":"2024-08-23T19:36:55","slug":"pastoral-da-crianca-promove-encontro-visando-a-erradicacao-da-pobreza-infantil-e-a-prevencao-da-violencia-contra-criancas","status":"publish","type":"post","link":"https:\/\/catolicanet.net\/wp-cnet\/pastoral-da-crianca-promove-encontro-visando-a-erradicacao-da-pobreza-infantil-e-a-prevencao-da-violencia-contra-criancas\/","title":{"rendered":"PASTORAL DA CRIAN\u00c7A PROMOVE ENCONTRO VISANDO A ERRADICA\u00c7\u00c3O DA POBREZA INFANTIL E A PREVEN\u00c7\u00c3O DA VIOL\u00caNCIA CONTRA CRIAN\u00c7AS"},"content":{"rendered":"<p style=\"text-align: justify;\">A Pastoral da Crian\u00e7a promove neste m\u00eas de agosto um encontro internacional para discutir estrat\u00e9gias visando a erradica\u00e7\u00e3o da pobreza infantil e a preven\u00e7\u00e3o da viol\u00eancia contra crian\u00e7as. O evento ser\u00e1 no s\u00e1bado, dia 24, \u00e0s 14h, no Museu da Vida, em Curitiba, Paran\u00e1. Estar\u00e3o presentes dois convidados com atua\u00e7\u00e3o internacional nessa \u00e1rea. S\u00e3o eles: Maria Lucia Uribe Torres \u2013 Diretora Executiva da Arigatou International em Genebra, Su\u00ed\u00e7a. Lidera a dire\u00e7\u00e3o estrat\u00e9gica da Iniciativa de Educa\u00e7\u00e3o \u00c9tica para Crian\u00e7as como um centro internacional de conhecimento e a\u00e7\u00e3o com parceiros em mais de 30 pa\u00edses.<\/p>\n<p style=\"text-align: justify;\">Fred Nyabera \u2013 Diretor da End Child Poverty, Arigatou International em Nairobi, Qu\u00eania. Cientista social e te\u00f3logo, trabalha na melhora do bem-estar das comunidades na \u00c1frica Oriental, apoiando a governan\u00e7a respons\u00e1vel e promovendo a paz e a seguran\u00e7a para o desenvolvimento, especialmente no que diz respeito aos grupos vulner\u00e1veis.<\/p>\n<h3 style=\"text-align: justify;\"><strong>Iniciativa inovadora de prote\u00e7\u00e3o para crian\u00e7as<\/strong><\/h3>\n<p style=\"text-align: justify;\">Durante o encontro ser\u00e1 debatido o toolkit \u201cNutrindo o desenvolvimento espiritual das crian\u00e7as nos primeiros anos\u201d, que foi lan\u00e7ado pela Arigatou Internacional no Vaticano, em novembro de 2022, como fruto do Cons\u00f3rcio Internacional sobre Nutri\u00e7\u00e3o de Valores e Espiritualidade na Primeira Inf\u00e2ncia para a Preven\u00e7\u00e3o da Viol\u00eancia.<\/p>\n<p style=\"text-align: justify;\">A Pastoral da Crian\u00e7a Internacional est\u00e1 participando do processo de desenvolvimento desse material no Brasil, junto a entidades no M\u00e9xico, \u00cdndia e Paquist\u00e3o. A aplica\u00e7\u00e3o do material \u00e9 avaliada pela Universidade de Notre Dame, nos Estados Unidos.<\/p>\n<h3 style=\"text-align: justify;\"><strong>O kit E-espiritualidade no Brasil<\/strong><\/h3>\n<p style=\"text-align: justify;\">No Brasil, o toolkit ganhou o nome de E-espiritualidade e foi adaptado em portugu\u00eas para o aplicativo e o site da Pastoral da Crian\u00e7a. O kit tem formato de material educativo e traz orienta\u00e7\u00f5es sobre espiritualidade, intera\u00e7\u00f5es e atividades que as fam\u00edlias podem desenvolver com as crian\u00e7as.<\/p>\n<p style=\"text-align: justify;\">Clique aqui e conhe\u00e7a o kit E-espiritualidade.<\/p>\n<h3 style=\"text-align: justify;\"><strong>O projeto-piloto no Brasil<\/strong><\/h3>\n<p style=\"text-align: justify;\">Al\u00e9m do material educativo adaptado para aplicativo e site, o projeto est\u00e1 sendo aplicado em cerca de 40 fam\u00edlias volunt\u00e1rias nas cidades de Cuiab\u00e1 (MT), Florian\u00f3polis (SC), Campo Largo e Guaratuba (PR).<\/p>\n<p style=\"text-align: justify;\">Os facilitadores do projeto compartilham o conte\u00fado do kit com as fam\u00edlias, fazem din\u00e2micas, orientam sobre os direitos das crian\u00e7as e conversam sobre espiritualidade. \u201c\u00c9 uma maneira de mostrar que as fam\u00edlias n\u00e3o est\u00e3o sozinhas no cuidado com as crian\u00e7as\u201d, explica Maria das Gra\u00e7as Gerv\u00e1sio, coordenadora da Pastoral da Crian\u00e7a Internacional.<\/p>\n<p style=\"text-align: justify;\">A avalia\u00e7\u00e3o do projeto-piloto deve terminar ainda em 2024. \u201cJ\u00e1 percebemos uma mudan\u00e7a de comportamento das fam\u00edlias participantes. Elas come\u00e7am a passar mais tempo com as crian\u00e7as. Al\u00e9m disso, percebem que espiritualidade vai muito al\u00e9m da religi\u00e3o\u201d, avalia Maria das Gra\u00e7as.<\/p>\n<h3 style=\"text-align: justify;\"><strong>Saiba mais<\/strong><\/h3>\n<p style=\"text-align: justify;\"><a href=\"https:\/\/www.pastoraldacrianca.org.br\/materialead?tid=48&amp;lang=pt_BR\" target=\"_blank\" rel=\"noopener\">Conhe\u00e7a o material E-espiritualidade<\/a><\/p>\n<p style=\"text-align: justify;\"><a href=\"https:\/\/www.pastoraldacrianca.org.br\/app-da-pastoral-da-crianca-gestante\" target=\"_blank\" rel=\"noopener\">Baixe o app da Pastoral da Crian\u00e7a para Android<\/a><\/p>\n<h3 style=\"text-align: justify;\"><strong>Servi\u00e7o<\/strong><\/h3>\n<p style=\"text-align: justify;\">Encontro internacional sobre a erradica\u00e7\u00e3o da pobreza infantil e a preven\u00e7\u00e3o da viol\u00eancia contra crian\u00e7as.<br \/>\nPromo\u00e7\u00e3o: Pastoral da Crian\u00e7a Internacional e Arigatou Internacional<br \/>\nData: 24\/08, \u00e0s 14h.<br \/>\nLocal: Museu da Vida. Rua Jacarezinho, 1691 \u2013 Merc\u00eas. Curitiba, Paran\u00e1.<\/p>\n<pre>Com informa\u00e7\u00f5es da Pastoral da Crian\u00e7a<\/pre>\n","protected":false},"excerpt":{"rendered":"<p>A Pastoral da Crian\u00e7a promove neste m\u00eas de agosto um encontro internacional para discutir estrat\u00e9gias visando a erradica\u00e7\u00e3o da pobreza infantil e a preven\u00e7\u00e3o da viol\u00eancia contra crian\u00e7as. O evento ser\u00e1 no s\u00e1bado, dia 24, \u00e0s 14h, no Museu da Vida, em Curitiba, Paran\u00e1. Estar\u00e3o presentes dois convidados com atua\u00e7\u00e3o internacional nessa \u00e1rea. S\u00e3o eles: [&hellip;]<\/p>\n","protected":false},"author":1,"featured_media":89874,"comment_status":"open","ping_status":"closed","sticky":false,"template":"","format":"standard","meta":{"footnotes":""},"categories":[7,13],"tags":[],"class_list":["post-89873","post","type-post","status-publish","format-standard","has-post-thumbnail","hentry","category-cnbb","category-featured"],"_links":{"self":[{"href":"https:\/\/catolicanet.net\/wp-cnet\/wp-json\/wp\/v2\/posts\/89873","targetHints":{"allow":["GET"]}}],"collection":[{"href":"https:\/\/catolicanet.net\/wp-cnet\/wp-json\/wp\/v2\/posts"}],"about":[{"href":"https:\/\/catolicanet.net\/wp-cnet\/wp-json\/wp\/v2\/types\/post"}],"author":[{"embeddable":true,"href":"https:\/\/catolicanet.net\/wp-cnet\/wp-json\/wp\/v2\/users\/1"}],"replies":[{"embeddable":true,"href":"https:\/\/catolicanet.net\/wp-cnet\/wp-json\/wp\/v2\/comments?post=89873"}],"version-history":[{"count":1,"href":"https:\/\/catolicanet.net\/wp-cnet\/wp-json\/wp\/v2\/posts\/89873\/revisions"}],"predecessor-version":[{"id":89876,"href":"https:\/\/catolicanet.net\/wp-cnet\/wp-json\/wp\/v2\/posts\/89873\/revisions\/89876"}],"wp:featuredmedia":[{"embeddable":true,"href":"https:\/\/catolicanet.net\/wp-cnet\/wp-json\/wp\/v2\/media\/89874"}],"wp:attachment":[{"href":"https:\/\/catolicanet.net\/wp-cnet\/wp-json\/wp\/v2\/media?parent=89873"}],"wp:term":[{"taxonomy":"category","embeddable":true,"href":"https:\/\/catolicanet.net\/wp-cnet\/wp-json\/wp\/v2\/categories?post=89873"},{"taxonomy":"post_tag","embeddable":true,"href":"https:\/\/catolicanet.net\/wp-cnet\/wp-json\/wp\/v2\/tags?post=89873"}],"curies":[{"name":"wp","href":"https:\/\/api.w.org\/{rel}","templated":true}]}}