{"id":89865,"date":"2024-08-23T09:28:55","date_gmt":"2024-08-23T12:28:55","guid":{"rendered":"https:\/\/catolicanet.net\/wp-cnet\/?p=89865"},"modified":"2024-08-23T16:30:24","modified_gmt":"2024-08-23T19:30:24","slug":"papa-cristaos-testemunhem-a-compaixao-de-deus-entre-aqueles-que-nao-acreditam-no-futuro","status":"publish","type":"post","link":"https:\/\/catolicanet.net\/wp-cnet\/papa-cristaos-testemunhem-a-compaixao-de-deus-entre-aqueles-que-nao-acreditam-no-futuro\/","title":{"rendered":"Papa: crist\u00e3os testemunhem a compaix\u00e3o de Deus entre aqueles que n\u00e3o acreditam no futuro"},"content":{"rendered":"<div class=\"article__subTitle\" style=\"text-align: justify;\">Em uma mensagem ao Congresso Eucar\u00edstico Nacional, que ser\u00e1 realizado em Antsiranana, Madagascar, de 23 a 25 de agosto, o Papa espera que o evento ajude os participantes a \u201ccultivar sentimentos de caridade e solidariedade para com todos e, em particular, para com aqueles que est\u00e3o em dificuldade\u201d. Aos membros do \u201cMovimento Eucar\u00edstico Jovem\u201d, que est\u00e1 celebrando seu centen\u00e1rio, o Pont\u00edfice pede que ajudem os outros a \u201cfazer de suas vidas uma oferta a Deus&#8221;, conhecido, amado e servido.<\/div>\n<div class=\"title__separator\" style=\"text-align: justify;\"><\/div>\n<div class=\"article__text\">\n<p style=\"text-align: justify;\"><b>Tiziana Campisi &#8211; Vatican News<\/b><\/p>\n<p style=\"text-align: justify;\">Sejam mission\u00e1rios do amor de Cristo: esse \u00e9 o encorajamento que o Papa Francisco dirige aos participantes do Congresso Eucar\u00edstico Nacional de Madagascar que ser\u00e1 realizado em Antsiranana de 23 a 25 de agosto. Na mensagem ao presidente da Confer\u00eancia Episcopal, dom Marie Fabien Raharilamboniaina, o Pont\u00edfice destaca que o encontro, destinado a levar os fi\u00e9is \u201cde volta ao essencial, ajudando-os a redescobrir o significado da adora\u00e7\u00e3o eucar\u00edstica e o desejo de passar algum tempo com Cristo\u201d, e com o objetivo de faz\u00ea-los crescer de maneira crist\u00e3, assume um significado particular em um momento de prepara\u00e7\u00e3o \u00e0 conclus\u00e3o do S\u00ednodo sobre a sinodalidade.<\/p>\n<p style=\"text-align: justify;\">\u201cQue os ajude a redescobrir a import\u00e2ncia de se encontrar, rezar e se comprometer com e pelos outros, seguindo os passos de Jesus na Eucaristia\u201d, deseja o Papa, lembrando, como disse em seu discurso ao Comit\u00ea Organizador do Congresso Eucar\u00edstico Nacional dos EUA, em 19 de junho de 2023, que \u2018a Eucaristia nos impele a um amor ao pr\u00f3ximo fortemente comprometido ao pr\u00f3ximo\u2019.<\/p>\n<h2 style=\"text-align: justify;\">O centen\u00e1rio do Movimento Eucar\u00edstico Jovem<\/h2>\n<p style=\"text-align: justify;\">No ano em que se celebra o centen\u00e1rio do \u201cMovimento Eucar\u00edstico Juvenil\u201d, Francisco, destacando tamb\u00e9m que hoje \u201ca f\u00e9 na presen\u00e7a real do Senhor \u00e9 um grande desafio\u201d, convida os aderentes a ajudar os outros a \u201cexperimentar Jesus na Eucaristia\u201d. \u201cAjudem-nos tamb\u00e9m a fazer de suas pr\u00f3prias vidas uma oferta a Deus\u201d, escreve o Papa, \u201dunidas \u00e0quela de Jesus sobre o altar, para que Ele possa ser mais conhecido, amado e servido&#8221;.<\/p>\n<h2 style=\"text-align: justify;\">Cultivar sentimentos de caridade e solidariedade com todos<\/h2>\n<p style=\"text-align: justify;\">O desejo de Francisco aos participantes do Congresso Eucar\u00edstico \u00e9 que o encontro possa ajudar cada um \u201ca cultivar sentimentos de caridade e solidariedade para com todos e, em particular, para com aqueles que est\u00e3o em dificuldade, para os quais o caminho da vida se torna cada dia mais dif\u00edcil\u201d. Para as muitas \u201cpessoas desanimadas que olham para o futuro com ceticismo e pessimismo, como se nada pudesse lhes dar felicidade\u201d, acrescenta o Papa, citando sua Bula de Convoca\u00e7\u00e3o do Jubileu de 2025\u00a0<a href=\"https:\/\/press.vatican.va\/content\/salastampa\/it\/bollettino\/pubblico\/2024\/05\/09\/0374\/00781.html#po\" target=\"_blank\" rel=\"external noopener\">Spes non confundit<\/a>, \u00e9 necess\u00e1rio levar \u201ca esperan\u00e7a do Senhor\u201d. \u201cSejam testemunhas da sua compaix\u00e3o e amor misericordioso\u201d, conclui o Pont\u00edfice, que finalmente invoca a intercess\u00e3o da Virgem para que cada pessoa possa &#8220;aprofundar a cada dia&#8221; a sua pr\u00f3pria rela\u00e7\u00e3o com Cristo.<\/p>\n<\/div>\n","protected":false},"excerpt":{"rendered":"<p>Em uma mensagem ao Congresso Eucar\u00edstico Nacional, que ser\u00e1 realizado em Antsiranana, Madagascar, de 23 a 25 de agosto, o Papa espera que o evento ajude os participantes a \u201ccultivar sentimentos de caridade e solidariedade para com todos e, em particular, para com aqueles que est\u00e3o em dificuldade\u201d. Aos membros do \u201cMovimento Eucar\u00edstico Jovem\u201d, que [&hellip;]<\/p>\n","protected":false},"author":1,"featured_media":89866,"comment_status":"open","ping_status":"closed","sticky":false,"template":"","format":"standard","meta":{"footnotes":""},"categories":[3],"tags":[],"class_list":["post-89865","post","type-post","status-publish","format-standard","has-post-thumbnail","hentry","category-vaticano"],"_links":{"self":[{"href":"https:\/\/catolicanet.net\/wp-cnet\/wp-json\/wp\/v2\/posts\/89865","targetHints":{"allow":["GET"]}}],"collection":[{"href":"https:\/\/catolicanet.net\/wp-cnet\/wp-json\/wp\/v2\/posts"}],"about":[{"href":"https:\/\/catolicanet.net\/wp-cnet\/wp-json\/wp\/v2\/types\/post"}],"author":[{"embeddable":true,"href":"https:\/\/catolicanet.net\/wp-cnet\/wp-json\/wp\/v2\/users\/1"}],"replies":[{"embeddable":true,"href":"https:\/\/catolicanet.net\/wp-cnet\/wp-json\/wp\/v2\/comments?post=89865"}],"version-history":[{"count":1,"href":"https:\/\/catolicanet.net\/wp-cnet\/wp-json\/wp\/v2\/posts\/89865\/revisions"}],"predecessor-version":[{"id":89868,"href":"https:\/\/catolicanet.net\/wp-cnet\/wp-json\/wp\/v2\/posts\/89865\/revisions\/89868"}],"wp:featuredmedia":[{"embeddable":true,"href":"https:\/\/catolicanet.net\/wp-cnet\/wp-json\/wp\/v2\/media\/89866"}],"wp:attachment":[{"href":"https:\/\/catolicanet.net\/wp-cnet\/wp-json\/wp\/v2\/media?parent=89865"}],"wp:term":[{"taxonomy":"category","embeddable":true,"href":"https:\/\/catolicanet.net\/wp-cnet\/wp-json\/wp\/v2\/categories?post=89865"},{"taxonomy":"post_tag","embeddable":true,"href":"https:\/\/catolicanet.net\/wp-cnet\/wp-json\/wp\/v2\/tags?post=89865"}],"curies":[{"name":"wp","href":"https:\/\/api.w.org\/{rel}","templated":true}]}}