{"id":89849,"date":"2024-08-21T10:23:32","date_gmt":"2024-08-21T13:23:32","guid":{"rendered":"https:\/\/catolicanet.net\/wp-cnet\/?p=89849"},"modified":"2024-08-21T16:24:53","modified_gmt":"2024-08-21T19:24:53","slug":"voce-sabia-que-o-angelus-e-rezado-tres-vezes-ao-dia","status":"publish","type":"post","link":"https:\/\/catolicanet.net\/wp-cnet\/voce-sabia-que-o-angelus-e-rezado-tres-vezes-ao-dia\/","title":{"rendered":"Voc\u00ea sabia que o Angelus \u00e9 rezado tr\u00eas vezes ao dia?"},"content":{"rendered":"<div style=\"text-align: justify;\"><span class=\"SubHeading_subheading__NJ_eJ\" aria-label=\"postar legenda\"><span>Uma ora\u00e7\u00e3o cativante na Igreja \u00e9 o Angelus em que a Bem-Aventurada Virgem Maria \u00e9 invocada, mas voc\u00ea sabia que \u00e9 rezado tr\u00eas vezes ao dia? Aqui n\u00f3s te contamos<\/span><\/span><\/div>\n<div style=\"text-align: justify;\">\n<div>\n<p><span>O <\/span><span>Angelus<\/span><span>\u00a0\u00e9 uma ora\u00e7\u00e3o muito antiga que \u00e9 rezada diariamente, com exce\u00e7\u00e3o do tempo da P\u00e1scoa, quando \u00e9 recitado o\u00a0<\/span><span>Regina Coeli<\/span><span> . Nele \u00e9 saudada a Bem-Aventurada Virgem Maria, resumindo o mist\u00e9rio da Encarna\u00e7\u00e3o.<\/span><\/p>\n<\/div>\n<\/div>\n<div style=\"text-align: justify;\">\n<h2 class=\"Heading_heading__PlVsb\"><span>A origem do Angelus<\/span><\/h2>\n<\/div>\n<div style=\"text-align: justify;\">\n<div>\n<p><span>O\u00a0<\/span><span>diret\u00f3rio franciscano<\/span><span>\u00a0observa que a ora\u00e7\u00e3o tem origem na Ordem, comentando o seguinte:<\/span><\/p>\n<\/div>\n<\/div>\n<div style=\"text-align: justify;\">\n<blockquote class=\"Quote_container__XMwM_\">\n<div>\n<p><span>\u201cPelo que se sabe, foi Irm\u00e3o Bento de Arezzo quem, por volta do ano de 1250, introduziu o Angelus no convento de Arezzo, fazendo a ant\u00edfona ser cantada ou recitada ao\u00a0<\/span><em><span>entardecer<\/span><\/em><span>\u00a0. sinos. O Cap\u00edtulo Geral realizado em Assis em 1269, e presidido por S\u00e3o Boaventura, estabeleceu que os irm\u00e3os exortassem o povo a saudar a Virgem com as palavras do Anjo quando o sino das Completas tocasse mais tarde, j\u00e1 no s\u00e9culo XIV; a execu\u00e7\u00e3o e a ora\u00e7\u00e3o do Angelus foram introduzidas pela manh\u00e3 e depois tamb\u00e9m ao meio-dia.&#8221;<\/span><\/p>\n<\/div>\n<div>Tamb\u00e9m S\u00e3o Jo\u00e3o Paulo II diria em sua obra <a href=\"https:\/\/www.vatican.va\/content\/john-paul-ii\/es\/books\/documents\/hf_jp-ii_books_19960301_dono-e-mistero.html\"><em>Dom e Mist\u00e9rio<\/em><\/a>\u00a0que:<\/div>\n<\/blockquote>\n<\/div>\n<div style=\"text-align: justify;\">\n<blockquote class=\"Quote_container__XMwM_\">\n<div>\n<p><span>&#8220;Compreendi ent\u00e3o porque a Igreja reza o Angelus tr\u00eas vezes ao dia. Compreendi qu\u00e3o cruciais s\u00e3o as palavras desta ora\u00e7\u00e3o: &#8216;O Anjo do Senhor anunciou a Maria. E Ela concebeu pelo Esp\u00edrito Santo&#8230; Eis a escrava de o Senhor. Fa\u00e7a-se em mim segundo a tua palavra&#8230; E o Verbo se fez carne e habitou entre n\u00f3s&#8230;&#8217; Estas s\u00e3o palavras verdadeiramente decisivas!&#8221;<\/span><\/p>\n<\/div>\n<div><\/div>\n<\/blockquote>\n<\/div>\n<div style=\"text-align: justify;\">\n<div>\n<p><span>Na verdade, o Angelus \u00e9 rezado \u00e0s 6h da manh\u00e3, \u00e0s 12h do dia e \u00e0s 6h da tarde. A ora\u00e7\u00e3o \u00e9 muito simples, como observamos abaixo:<\/span><\/p>\n<\/div>\n<\/div>\n<div style=\"text-align: justify;\">\n<div>\n<p><span>G. O anjo do Senhor anunciou a Maria.<\/span><br \/>\n<span>R. E ela concebeu pela obra e gra\u00e7a do Esp\u00edrito Santo.<\/span><br \/>\n<span>Deus te salve, Maria&#8230;<\/span><\/p>\n<\/div>\n<\/div>\n<div style=\"text-align: justify;\">\n<div>\n<p><span>G. Eis a serva do Senhor.<\/span><br \/>\n<span>R. Fa\u00e7a-se em mim segundo a tua palavra.<\/span><br \/>\n<span>Deus te salve, Maria&#8230;<\/span><\/p>\n<\/div>\n<\/div>\n<div style=\"text-align: justify;\">\n<div>\n<p><span>G. E a Palavra de Deus se fez carne.<\/span><br \/>\n<span>R. E ele viveu entre n\u00f3s.<\/span><br \/>\n<span>Deus te salve, Maria&#8230;<\/span><\/p>\n<\/div>\n<\/div>\n<div style=\"text-align: justify;\">\n<div>\n<p><span>G. Rogai por n\u00f3s, Santa M\u00e3e de Deus.<\/span><br \/>\n<span>R. Para que sejamos dignos de cumprir as promessas e gra\u00e7as de Nosso Senhor Jesus Cristo.<\/span><\/p>\n<\/div>\n<\/div>\n<div style=\"text-align: justify;\">\n<div>\n<p><span>Oremos: Infunde, Senhor, em nossas almas a tua gra\u00e7a, para que n\u00f3s que conhecemos, pelo an\u00fancio do Anjo, a Encarna\u00e7\u00e3o do teu Filho Jesus Cristo, cheguemos, pelos M\u00e9ritos da Sua Paix\u00e3o e da Sua Cruz. , a gl\u00f3ria da Ressurrei\u00e7\u00e3o. Atrav\u00e9s de Jesus Cristo Nosso Senhor. Am\u00e9m.<\/span><\/p>\n<\/div>\n<\/div>\n<div>\n<div>\n<p style=\"text-align: justify;\"><span>Gl\u00f3ria ao Pai e ao Filho e ao Esp\u00edrito Santo\u2026 (tr\u00eas vezes)<\/span><\/p>\n<\/div>\n<\/div>\n","protected":false},"excerpt":{"rendered":"<p>Uma ora\u00e7\u00e3o cativante na Igreja \u00e9 o Angelus em que a Bem-Aventurada Virgem Maria \u00e9 invocada, mas voc\u00ea sabia que \u00e9 rezado tr\u00eas vezes ao dia? Aqui n\u00f3s te contamos O Angelus\u00a0\u00e9 uma ora\u00e7\u00e3o muito antiga que \u00e9 rezada diariamente, com exce\u00e7\u00e3o do tempo da P\u00e1scoa, quando \u00e9 recitado o\u00a0Regina Coeli . Nele \u00e9 saudada [&hellip;]<\/p>\n","protected":false},"author":1,"featured_media":89850,"comment_status":"open","ping_status":"closed","sticky":false,"template":"","format":"standard","meta":{"footnotes":""},"categories":[4],"tags":[],"class_list":["post-89849","post","type-post","status-publish","format-standard","has-post-thumbnail","hentry","category-cotidiano"],"_links":{"self":[{"href":"https:\/\/catolicanet.net\/wp-cnet\/wp-json\/wp\/v2\/posts\/89849","targetHints":{"allow":["GET"]}}],"collection":[{"href":"https:\/\/catolicanet.net\/wp-cnet\/wp-json\/wp\/v2\/posts"}],"about":[{"href":"https:\/\/catolicanet.net\/wp-cnet\/wp-json\/wp\/v2\/types\/post"}],"author":[{"embeddable":true,"href":"https:\/\/catolicanet.net\/wp-cnet\/wp-json\/wp\/v2\/users\/1"}],"replies":[{"embeddable":true,"href":"https:\/\/catolicanet.net\/wp-cnet\/wp-json\/wp\/v2\/comments?post=89849"}],"version-history":[{"count":1,"href":"https:\/\/catolicanet.net\/wp-cnet\/wp-json\/wp\/v2\/posts\/89849\/revisions"}],"predecessor-version":[{"id":89852,"href":"https:\/\/catolicanet.net\/wp-cnet\/wp-json\/wp\/v2\/posts\/89849\/revisions\/89852"}],"wp:featuredmedia":[{"embeddable":true,"href":"https:\/\/catolicanet.net\/wp-cnet\/wp-json\/wp\/v2\/media\/89850"}],"wp:attachment":[{"href":"https:\/\/catolicanet.net\/wp-cnet\/wp-json\/wp\/v2\/media?parent=89849"}],"wp:term":[{"taxonomy":"category","embeddable":true,"href":"https:\/\/catolicanet.net\/wp-cnet\/wp-json\/wp\/v2\/categories?post=89849"},{"taxonomy":"post_tag","embeddable":true,"href":"https:\/\/catolicanet.net\/wp-cnet\/wp-json\/wp\/v2\/tags?post=89849"}],"curies":[{"name":"wp","href":"https:\/\/api.w.org\/{rel}","templated":true}]}}