{"id":89808,"date":"2024-08-20T09:58:45","date_gmt":"2024-08-20T12:58:45","guid":{"rendered":"https:\/\/catolicanet.net\/wp-cnet\/?p=89808"},"modified":"2024-08-20T17:06:23","modified_gmt":"2024-08-20T20:06:23","slug":"como-criar-uma-rotina-de-oracao-noturna-para-seus-filhos","status":"publish","type":"post","link":"https:\/\/catolicanet.net\/wp-cnet\/como-criar-uma-rotina-de-oracao-noturna-para-seus-filhos\/","title":{"rendered":"Como criar uma rotina de ora\u00e7\u00e3o noturna para seus filhos"},"content":{"rendered":"<div><span class=\"SubHeading_subheading__NJ_eJ\" aria-label=\"postar legenda\"><span>Os momentos de ora\u00e7\u00e3o em fam\u00edlia s\u00e3o importantes. Determinar como, quando e o que orar \u00e9 o primeiro passo para tornar a ora\u00e7\u00e3o uma parte regular da vida familiar.<\/span><\/span><\/div>\n<div>\n<div>\n<p style=\"text-align: justify;\"><span>Durante a cria\u00e7\u00e3o dos filhos, muitas vezes enfrentamos v\u00e1rios desafios. Por\u00e9m, a resposta est\u00e1 nos h\u00e1bitos e na rotina. Principalmente quando se trata de incorporar uma rotina de ora\u00e7\u00e3o na fam\u00edlia.<\/span><\/p>\n<\/div>\n<\/div>\n<div style=\"text-align: justify;\">\n<div>\n<p><span>Por exemplo, por que a hora de dormir \u00e9 t\u00e3o louca? A rotina precisa de um ajuste: temos que atrasar um pouco a hora de dormir no ver\u00e3o porque o sol ainda dificulta o relaxamento. Por que minha fam\u00edlia tem tanta resist\u00eancia em arrumar? \u00c9 porque quando limpamos em hor\u00e1rios aleat\u00f3rios do dia \u00e9 um pedido inesperado, mas quando limpamos em hor\u00e1rios fixos do dia \u00e9 f\u00e1cil de fazer porque \u00e9 um h\u00e1bito.<\/span><\/p>\n<\/div>\n<\/div>\n<div style=\"text-align: justify;\">\n<h2 class=\"Heading_heading__PlVsb\"><span>Ao orar<\/span><\/h2>\n<\/div>\n<div style=\"text-align: justify;\">\n<figure class=\"ImageBlock_figure__x1S9e\"><img loading=\"lazy\" decoding=\"async\" class=\"ImageBlock_image__Y5gng\" src=\"https:\/\/wp.es.aleteia.org\/wp-content\/uploads\/sites\/7\/2024\/07\/Family-praying-at-home-FR412193C-GoDong.jpg?w=960&amp;q=75\" sizes=\"auto, (max-width: 500px) 400px, 800px\" srcset=\"https:\/\/wp.es.aleteia.org\/wp-content\/uploads\/sites\/7\/2024\/07\/Family-praying-at-home-FR412193C-GoDong.jpg?w=75&amp;q=75 75w, https:\/\/wp.es.aleteia.org\/wp-content\/uploads\/sites\/7\/2024\/07\/Family-praying-at-home-FR412193C-GoDong.jpg?w=95&amp;q=75 95w, https:\/\/wp.es.aleteia.org\/wp-content\/uploads\/sites\/7\/2024\/07\/Family-praying-at-home-FR412193C-GoDong.jpg?w=120&amp;q=75 120w, https:\/\/wp.es.aleteia.org\/wp-content\/uploads\/sites\/7\/2024\/07\/Family-praying-at-home-FR412193C-GoDong.jpg?w=240&amp;q=75 240w, https:\/\/wp.es.aleteia.org\/wp-content\/uploads\/sites\/7\/2024\/07\/Family-praying-at-home-FR412193C-GoDong.jpg?w=360&amp;q=75 360w, https:\/\/wp.es.aleteia.org\/wp-content\/uploads\/sites\/7\/2024\/07\/Family-praying-at-home-FR412193C-GoDong.jpg?w=360&amp;q=75 360w, https:\/\/wp.es.aleteia.org\/wp-content\/uploads\/sites\/7\/2024\/07\/Family-praying-at-home-FR412193C-GoDong.jpg?w=480&amp;q=75 480w, https:\/\/wp.es.aleteia.org\/wp-content\/uploads\/sites\/7\/2024\/07\/Family-praying-at-home-FR412193C-GoDong.jpg?w=480&amp;q=75 480w, https:\/\/wp.es.aleteia.org\/wp-content\/uploads\/sites\/7\/2024\/07\/Family-praying-at-home-FR412193C-GoDong.jpg?w=640&amp;q=75 640w, https:\/\/wp.es.aleteia.org\/wp-content\/uploads\/sites\/7\/2024\/07\/Family-praying-at-home-FR412193C-GoDong.jpg?w=640&amp;q=75 640w, https:\/\/wp.es.aleteia.org\/wp-content\/uploads\/sites\/7\/2024\/07\/Family-praying-at-home-FR412193C-GoDong.jpg?w=960&amp;q=75 960w\" alt=\"Orar \u00e9 sempre poss\u00edvel\" width=\"1200\" height=\"793\" data-nimg=\"1\" \/><\/p>\n<div class=\"ImageBlock_copyright__mSdmK\"><span>FR412193C | GoDong<\/span><\/div>\n<\/figure>\n<\/div>\n<div style=\"text-align: justify;\">\n<div>\n<p><span>O mesmo vale para\u00a0<\/span><span>a ora\u00e7\u00e3o.<\/span><span> Quando oramos juntos em fam\u00edlia algumas noites e outras n\u00e3o, ou apenas algumas vezes por m\u00eas, a ora\u00e7\u00e3o parece um convidado inesperado e necessitado que exige nosso tempo. Mas, quando fazemos da ora\u00e7\u00e3o uma rotina que mantemos todas as noites, h\u00e1 menos reclama\u00e7\u00f5es e a ora\u00e7\u00e3o \u00e9 uma atividade normal \u00e0 noite, em vez de uma atividade extraordin\u00e1ria e evasiva.<\/span><\/p>\n<\/div>\n<\/div>\n<div style=\"text-align: justify;\">\n<h2 class=\"Heading_heading__PlVsb\"><span>Encontrando sua rotina<\/span><\/h2>\n<\/div>\n<div style=\"text-align: justify;\">\n<div>\n<p><span>A noite \u00e9 o melhor momento para a nossa fam\u00edlia porque estamos todos juntos e ningu\u00e9m precisa sair de casa. Por\u00e9m, dependendo da programa\u00e7\u00e3o da sua fam\u00edlia, a manh\u00e3 pode ser o melhor hor\u00e1rio. Independentemente da hora do dia, \u00e9 \u00fatil escolher um hor\u00e1rio e cumpri-lo.<\/span><\/p>\n<\/div>\n<\/div>\n<div style=\"text-align: justify;\">\n<div>\n<p><span>Voc\u00ea pode ouvir o que funciona para outras pessoas. H\u00e1 quem reze o ter\u00e7o pela manh\u00e3 em fam\u00edlia logo pela manh\u00e3, quando todos acordam. Outros reproduzem uma grava\u00e7\u00e3o das leituras di\u00e1rias da missa e todos a ouvem durante o caf\u00e9 da manh\u00e3.<\/span><\/p>\n<\/div>\n<\/div>\n<div style=\"text-align: justify;\">\n<h2 class=\"Heading_heading__PlVsb\"><span>Como orar<\/span><\/h2>\n<\/div>\n<div style=\"text-align: justify;\">\n<div>\n<p><span>H\u00e1 fam\u00edlias que t\u00eam um tempo de estudo b\u00edblico familiar em que leem e refletem juntos as Escrituras, no estilo da\u00a0<\/span><span>Lectio Divina<\/span><span>\u00a0. Comece apresentando aos seus filhos a Liturgia das Horas. Rezar juntos a ora\u00e7\u00e3o da noite, com cantos e prociss\u00f5es pela sala. O Pequeno Of\u00edcio da Virgem Maria \u00e9 mais simples e f\u00e1cil de acompanhar para os nossos leitores iniciantes do que o brevi\u00e1rio normal com horas.\u00a0<\/span><\/p>\n<\/div>\n<\/div>\n<div style=\"text-align: justify;\">\n<div>\n<p><span>Uma fam\u00edlia com crian\u00e7as mais velhas ou jovens poderia facilmente ter um ambiente tranquilo e reflexivo para ora\u00e7\u00e3o. Enquanto crescem, n\u00e3o exija que os pequenos fiquem parados, apenas que brinquem calmamente ou olhem os livros pr\u00f3ximos. Inclu\u00edmos muito canto, pois todos parecem se conectar com isso e isso ajuda a direcionar o ru\u00eddo em uma dire\u00e7\u00e3o.<\/span><\/p>\n<\/div>\n<\/div>\n<div style=\"text-align: justify;\">\n<figure class=\"ImageBlock_figure__x1S9e\"><img loading=\"lazy\" decoding=\"async\" class=\"ImageBlock_image__Y5gng\" src=\"https:\/\/wp.es.aleteia.org\/wp-content\/uploads\/sites\/7\/2017\/10\/woman-praying.jpg?w=960&amp;q=75\" sizes=\"auto, (max-width: 500px) 400px, 800px\" srcset=\"https:\/\/wp.es.aleteia.org\/wp-content\/uploads\/sites\/7\/2017\/10\/woman-praying.jpg?w=75&amp;q=75 75w, https:\/\/wp.es.aleteia.org\/wp-content\/uploads\/sites\/7\/2017\/10\/woman-praying.jpg?w=95&amp;q=75 95w, https:\/\/wp.es.aleteia.org\/wp-content\/uploads\/sites\/7\/2017\/10\/woman-praying.jpg?w=120&amp;q=75 120w, https:\/\/wp.es.aleteia.org\/wp-content\/uploads\/sites\/7\/2017\/10\/woman-praying.jpg?w=240&amp;q=75 240w, https:\/\/wp.es.aleteia.org\/wp-content\/uploads\/sites\/7\/2017\/10\/woman-praying.jpg?w=360&amp;q=75 360w, https:\/\/wp.es.aleteia.org\/wp-content\/uploads\/sites\/7\/2017\/10\/woman-praying.jpg?w=360&amp;q=75 360w, https:\/\/wp.es.aleteia.org\/wp-content\/uploads\/sites\/7\/2017\/10\/woman-praying.jpg?w=480&amp;q=75 480w, https:\/\/wp.es.aleteia.org\/wp-content\/uploads\/sites\/7\/2017\/10\/woman-praying.jpg?w=480&amp;q=75 480w, https:\/\/wp.es.aleteia.org\/wp-content\/uploads\/sites\/7\/2017\/10\/woman-praying.jpg?w=640&amp;q=75 640w, https:\/\/wp.es.aleteia.org\/wp-content\/uploads\/sites\/7\/2017\/10\/woman-praying.jpg?w=640&amp;q=75 640w, https:\/\/wp.es.aleteia.org\/wp-content\/uploads\/sites\/7\/2017\/10\/woman-praying.jpg?w=960&amp;q=75 960w\" alt=\"mulher orando\" width=\"1200\" height=\"800\" data-nimg=\"1\" \/><\/p>\n<div class=\"ImageBlock_copyright__mSdmK\"><span>goffkein.pro | Obturador<\/span><\/div>\n<\/figure>\n<\/div>\n<div style=\"text-align: justify;\">\n<h2 class=\"Heading_heading__PlVsb\"><span>Flexibilidade<\/span><\/h2>\n<\/div>\n<div style=\"text-align: justify;\">\n<div>\n<p><span>O tempo de ora\u00e7\u00e3o passa por muitas varia\u00e7\u00f5es ao longo dos anos: desde rezarmos juntos uma d\u00e9cada do Ros\u00e1rio, at\u00e9 simplesmente rezarmos juntos uma Ave-Maria por pessoas espec\u00edficas que precisam das nossas ora\u00e7\u00f5es, at\u00e9 ao momento mais elaborado de canto e prociss\u00e3o que temos agora.<\/span><\/p>\n<\/div>\n<\/div>\n<div style=\"text-align: justify;\">\n<div>\n<p><span>Incluindo um simples exame de consci\u00eancia em algum momento do dia e melhor se for \u00e0 noite. Essa \u00e9 a beleza da ora\u00e7\u00e3o. Assim como crescemos em nossa capacidade de nos comunicarmos uns com os outros, tamb\u00e9m podemos crescer em nossa capacidade de nos comunicarmos com Deus. \u00c9 natural e bom que a nossa ora\u00e7\u00e3o mude \u00e0 medida que mudamos.<\/span><\/p>\n<\/div>\n<\/div>\n<div>\n<div>\n<p style=\"text-align: justify;\"><span>Quando nos comprometemos com a ora\u00e7\u00e3o e permanecemos consistentemente presentes, damos a Deus uma oportunidade s\u00f3lida de trabalhar em nossos cora\u00e7\u00f5es. Esse \u00e9 um h\u00e1bito que voc\u00ea definitivamente deveria incutir em seus filhos.<\/span><\/p>\n<\/div>\n<\/div>\n","protected":false},"excerpt":{"rendered":"<p>Os momentos de ora\u00e7\u00e3o em fam\u00edlia s\u00e3o importantes. Determinar como, quando e o que orar \u00e9 o primeiro passo para tornar a ora\u00e7\u00e3o uma parte regular da vida familiar. Durante a cria\u00e7\u00e3o dos filhos, muitas vezes enfrentamos v\u00e1rios desafios. Por\u00e9m, a resposta est\u00e1 nos h\u00e1bitos e na rotina. Principalmente quando se trata de incorporar uma [&hellip;]<\/p>\n","protected":false},"author":1,"featured_media":89809,"comment_status":"open","ping_status":"closed","sticky":false,"template":"","format":"standard","meta":{"footnotes":""},"categories":[4],"tags":[],"class_list":["post-89808","post","type-post","status-publish","format-standard","has-post-thumbnail","hentry","category-cotidiano"],"_links":{"self":[{"href":"https:\/\/catolicanet.net\/wp-cnet\/wp-json\/wp\/v2\/posts\/89808","targetHints":{"allow":["GET"]}}],"collection":[{"href":"https:\/\/catolicanet.net\/wp-cnet\/wp-json\/wp\/v2\/posts"}],"about":[{"href":"https:\/\/catolicanet.net\/wp-cnet\/wp-json\/wp\/v2\/types\/post"}],"author":[{"embeddable":true,"href":"https:\/\/catolicanet.net\/wp-cnet\/wp-json\/wp\/v2\/users\/1"}],"replies":[{"embeddable":true,"href":"https:\/\/catolicanet.net\/wp-cnet\/wp-json\/wp\/v2\/comments?post=89808"}],"version-history":[{"count":1,"href":"https:\/\/catolicanet.net\/wp-cnet\/wp-json\/wp\/v2\/posts\/89808\/revisions"}],"predecessor-version":[{"id":89811,"href":"https:\/\/catolicanet.net\/wp-cnet\/wp-json\/wp\/v2\/posts\/89808\/revisions\/89811"}],"wp:featuredmedia":[{"embeddable":true,"href":"https:\/\/catolicanet.net\/wp-cnet\/wp-json\/wp\/v2\/media\/89809"}],"wp:attachment":[{"href":"https:\/\/catolicanet.net\/wp-cnet\/wp-json\/wp\/v2\/media?parent=89808"}],"wp:term":[{"taxonomy":"category","embeddable":true,"href":"https:\/\/catolicanet.net\/wp-cnet\/wp-json\/wp\/v2\/categories?post=89808"},{"taxonomy":"post_tag","embeddable":true,"href":"https:\/\/catolicanet.net\/wp-cnet\/wp-json\/wp\/v2\/tags?post=89808"}],"curies":[{"name":"wp","href":"https:\/\/api.w.org\/{rel}","templated":true}]}}