{"id":89784,"date":"2024-08-20T09:40:39","date_gmt":"2024-08-20T12:40:39","guid":{"rendered":"https:\/\/catolicanet.net\/wp-cnet\/?p=89784"},"modified":"2024-08-20T16:43:13","modified_gmt":"2024-08-20T19:43:13","slug":"religiosas-desenvolvem-formacao-contra-o-trafico-humano-nas-escolas-de-gana","status":"publish","type":"post","link":"https:\/\/catolicanet.net\/wp-cnet\/religiosas-desenvolvem-formacao-contra-o-trafico-humano-nas-escolas-de-gana\/","title":{"rendered":"Religiosas desenvolvem forma\u00e7\u00e3o contra o tr\u00e1fico humano nas escolas de Gana"},"content":{"rendered":"<figure class=\"article__image\" style=\"text-align: justify;\"><span class=\"didascalia_img\">Ir. Joy Abuh, representante de Talitha Cum, com alunos da St. Mary\u2019s Vocational\/Technical Senior High School, Adeemra Afram Plains, em Gana Oriental\u00a0<\/span><\/figure>\n<div class=\"article__meta \" data-mediatype=\"\">\n<div class=\"article__subTitle\" style=\"text-align: justify;\">As religiosas mission\u00e1rias de Nossa Senhora do Santo Ros\u00e1rio est\u00e3o desenvolvendo um programa de sensibiliza\u00e7\u00e3o contra o tr\u00e1fico de seres humanos nas escolas de Kwahu Afram Plains, no leste de Gana. &#8220;Educamos os alunos sobre alguns dos truques que os criminosos usam para alcan\u00e7ar os seus objetivos\u00bb, afirmou a Irm\u00e3 Joy Abuh, representante da Rede Talitha Kum no pa\u00eds.<\/div>\n<div class=\"title__separator\" style=\"text-align: justify;\"><\/div>\n<div class=\"article__text\">\n<p style=\"text-align: justify;\"><b>Sylvie Lum Cho<\/b><\/p>\n<p style=\"text-align: justify;\">Um programa de sensibiliza\u00e7\u00e3o contra o tr\u00e1fico de seres humanos foi organizado pela Rede Talitha Kum em Donkorkrom para as escolas do distrito de Kwahu Afram Northern Plains, na regi\u00e3o oriental do Gana, na \u00c1frica Ocidental.<\/p>\n<p style=\"text-align: justify;\">O curso de conscientiza\u00e7\u00e3o nas Plan\u00edcies de Afram \u00e9 apoiado pelas Irm\u00e3s Mission\u00e1rias de Nossa Senhora do Santo Ros\u00e1rio, uma congrega\u00e7\u00e3o internacional de religiosas. A miss\u00e3o das irm\u00e3s consiste em ir ao encontro de pessoas com todo o tipo de dificuldades, especialmente os pobres, oprimidos e explorados. O curso \u00e9 orientado pela irm\u00e3 Joy Abuh, representante de Talitha Kum.<\/p>\n<div style=\"text-align: justify;\">\n<div class=\"article__embed article__embed--unwrap article__embed--photo\">\n<figure><picture><img decoding=\"async\" class=\"loaded\" src=\"https:\/\/www.vaticannews.va\/content\/dam\/vaticannews\/multimedia\/2024\/agosto\/17\/23.jpg\/_jcr_content\/renditions\/cq5dam.thumbnail.cropped.750.422.jpeg\" alt=\"Ir. Joy Abuh, representante de Talitha Cum, com alunos da St. Michael\u2019s Junior High School em Donkorkrom: de m\u00e3os erguidas contra o tr\u00e1fico de seres humanos \" data-original=\"\/content\/dam\/vaticannews\/multimedia\/2024\/agosto\/17\/23.jpg\/_jcr_content\/renditions\/cq5dam.thumbnail.cropped.750.422.jpeg\" data-was-processed=\"true\" \/><\/picture><\/figure>\n<div class=\"photo_embed--Title\">Ir. Joy Abuh, representante de Talitha Cum, com alunos da St. Michael\u2019s Junior High School em Donkorkrom: de m\u00e3os erguidas contra o tr\u00e1fico de seres humanos<\/div>\n<\/div>\n<\/div>\n<h2 style=\"text-align: justify;\">Irm\u00e3 Joy visita escolas em Gana<\/h2>\n<p style=\"text-align: justify;\">A irm\u00e3 Joy \u00e9 uma mission\u00e1ria nigeriana; trabalha como capel\u00e3 escolar e professora na Donkorkrom Agricultural Senior High School. Desde o in\u00edcio de 2024, visitou e continua a visitar v\u00e1rias escolas nas aldeias para a\u00e7\u00f5es de sensibiliza\u00e7\u00e3o. Algumas das escolas onde a campanha foi recentemente conduzida incluem: St. Michael\u2019s Junior High School, Donkorkrom, Atakora Basic School, Donkorkrom, St. Mary\u2019s Vocational\/Technical Senior High School, Adeemra e Donkorkrom Agricultural Senior High School.<\/p>\n<p style=\"text-align: justify;\">O objetivo das campanhas \u00e9 sensibilizar os alunos para a propaga\u00e7\u00e3o preocupante de v\u00e1rias formas de tr\u00e1fico de seres humanos nas comunidades. \u00abInstru\u00edmo-los sobre alguns dos truques que os criminosos usam para atingir os seus objetivos, tais como dar-lhes a falsa convic\u00e7\u00e3o de que encontrar\u00e3o trabalho nas cidades e poupar\u00e3o dinheiro suficiente para cuidar das suas fam\u00edlias em casa\u00bb, disse a irm\u00e3 Joy.<\/p>\n<p style=\"text-align: justify;\">Chamou tamb\u00e9m a aten\u00e7\u00e3o para alguns dos perigos inerentes ao tr\u00e1fico, que v\u00e3o desde a prostitui\u00e7\u00e3o, o com\u00e9rcio ambulante, as dom\u00e9sticas\u00a0 ou aquilo que se poderia definir \u201cescravid\u00e3o moderna\u201d, sem a possibilidade de irem \u00e0 escola, contra a sua vontade,\u00a0 que a equipa levou a conhecimento dos alunos das escolas visitadas. Aconselh\u00e1mo-los a estarem vigilantes e a serem guardi\u00e3es dos seus irm\u00e3os, denunciando os incidentes suspeitos de tr\u00e1fico de seres humanos, trabalho infantil\/casamento e outras formas de abuso \u00e0 autoridade de prote\u00e7\u00e3o designada\u00bb, observou.<\/p>\n<div style=\"text-align: justify;\">\n<div class=\"article__embed article__embed--unwrap article__embed--photo\">\n<figure><picture><img decoding=\"async\" class=\"loaded\" src=\"https:\/\/www.vaticannews.va\/content\/dam\/vaticannews\/multimedia\/2024\/agosto\/17\/24.jpg\/_jcr_content\/renditions\/cq5dam.thumbnail.cropped.750.422.jpeg\" alt=\"Ir. Joy Abuh mostra alguns dos truques usados por traficantes de seres humanos \" data-original=\"\/content\/dam\/vaticannews\/multimedia\/2024\/agosto\/17\/24.jpg\/_jcr_content\/renditions\/cq5dam.thumbnail.cropped.750.422.jpeg\" data-was-processed=\"true\" \/><\/picture><\/figure>\n<div class=\"photo_embed--Title\">Ir. Joy Abuh mostra alguns dos truques usados por traficantes de seres humanos<\/div>\n<\/div>\n<\/div>\n<h2 style=\"text-align: justify;\">A Rede Talitha Kum de Gana<\/h2>\n<p style=\"text-align: justify;\">A irm\u00e3 Joy partilhou a esperan\u00e7a e a ora\u00e7\u00e3o das pessoas consagradas para que um dia o tr\u00e1fico de seres humanos acabe, n\u00e3o s\u00f3 no Gana, mas em todas as partes do mundo onde \u00e9 praticado.<\/p>\n<p style=\"text-align: justify;\">A Rede Talitha Kum do Gana \u00e9 uma organiza\u00e7\u00e3o n\u00e3o governamental criada em mar\u00e7o de 2018. Dela fazem parte homens e mulheres consagrados, incluindo alguns leigos. As pessoas consagradas no Gana, sob a \u00e9gide da Confer\u00eancia dos Superiores Maiores dos Religiosos (CMSR-Gh), trabalham em conjunto para criar um modelo organizacional colaborativo para combater o tr\u00e1fico e a explora\u00e7\u00e3o de seres humanos que existe a diferentes n\u00edveis, atrav\u00e9s de programas de informa\u00e7\u00e3o e sensibiliza\u00e7\u00e3o nas escolas e comunidades, criando consci\u00eancia sobre o risco de deixar as aldeias em busca de \u201cpastagens mais verdejantes\u201d nas cidades.<\/p>\n<p style=\"text-align: justify;\">A Rede Talitha Cum \u00e9 mais comprometida nas grandes cidades, como Kumasi, na regi\u00e3o de Ashanti, uma vez que os religiosos se ocupam diretamente das v\u00edtimas, ao contr\u00e1rio do que acontece nas zonas rurais, como Donkorkrom, onde se faz sobretudo sensibiliza\u00e7\u00e3o e as v\u00edtimas podem ser orientadas nas zonas urbanas para o follow-up.<\/p>\n<\/div>\n<\/div>\n","protected":false},"excerpt":{"rendered":"<p>Ir. Joy Abuh, representante de Talitha Cum, com alunos da St. Mary\u2019s Vocational\/Technical Senior High School, Adeemra Afram Plains, em Gana Oriental\u00a0 As religiosas mission\u00e1rias de Nossa Senhora do Santo Ros\u00e1rio est\u00e3o desenvolvendo um programa de sensibiliza\u00e7\u00e3o contra o tr\u00e1fico de seres humanos nas escolas de Kwahu Afram Plains, no leste de Gana. &#8220;Educamos os [&hellip;]<\/p>\n","protected":false},"author":1,"featured_media":89785,"comment_status":"open","ping_status":"closed","sticky":false,"template":"","format":"standard","meta":{"footnotes":""},"categories":[3],"tags":[],"class_list":["post-89784","post","type-post","status-publish","format-standard","has-post-thumbnail","hentry","category-vaticano"],"_links":{"self":[{"href":"https:\/\/catolicanet.net\/wp-cnet\/wp-json\/wp\/v2\/posts\/89784","targetHints":{"allow":["GET"]}}],"collection":[{"href":"https:\/\/catolicanet.net\/wp-cnet\/wp-json\/wp\/v2\/posts"}],"about":[{"href":"https:\/\/catolicanet.net\/wp-cnet\/wp-json\/wp\/v2\/types\/post"}],"author":[{"embeddable":true,"href":"https:\/\/catolicanet.net\/wp-cnet\/wp-json\/wp\/v2\/users\/1"}],"replies":[{"embeddable":true,"href":"https:\/\/catolicanet.net\/wp-cnet\/wp-json\/wp\/v2\/comments?post=89784"}],"version-history":[{"count":1,"href":"https:\/\/catolicanet.net\/wp-cnet\/wp-json\/wp\/v2\/posts\/89784\/revisions"}],"predecessor-version":[{"id":89787,"href":"https:\/\/catolicanet.net\/wp-cnet\/wp-json\/wp\/v2\/posts\/89784\/revisions\/89787"}],"wp:featuredmedia":[{"embeddable":true,"href":"https:\/\/catolicanet.net\/wp-cnet\/wp-json\/wp\/v2\/media\/89785"}],"wp:attachment":[{"href":"https:\/\/catolicanet.net\/wp-cnet\/wp-json\/wp\/v2\/media?parent=89784"}],"wp:term":[{"taxonomy":"category","embeddable":true,"href":"https:\/\/catolicanet.net\/wp-cnet\/wp-json\/wp\/v2\/categories?post=89784"},{"taxonomy":"post_tag","embeddable":true,"href":"https:\/\/catolicanet.net\/wp-cnet\/wp-json\/wp\/v2\/tags?post=89784"}],"curies":[{"name":"wp","href":"https:\/\/api.w.org\/{rel}","templated":true}]}}