{"id":89773,"date":"2024-08-18T08:59:33","date_gmt":"2024-08-18T11:59:33","guid":{"rendered":"https:\/\/catolicanet.net\/wp-cnet\/?p=89773"},"modified":"2024-08-15T17:01:09","modified_gmt":"2024-08-15T20:01:09","slug":"20-domingo-do-tempo-comum-lc-139-56-solenidade-da-assuncao-da-bem-aventurada-virgem-maria","status":"publish","type":"post","link":"https:\/\/catolicanet.net\/wp-cnet\/20-domingo-do-tempo-comum-lc-139-56-solenidade-da-assuncao-da-bem-aventurada-virgem-maria\/","title":{"rendered":"20\u00b0 Domingo do Tempo Comum (Lc.1,39-56). Solenidade da Assun\u00e7\u00e3o da Bem-aventurada Virgem Maria."},"content":{"rendered":"<p style=\"text-align: center;\"><em>Texto iluminador: \u201cBendita \u00e9s tu entre as mulheres e bendito \u00e9 o fruto do teu ventre! Como, mere\u00e7o que a m\u00e3e do meu Senhor me venha visitar?\u201d Lc 1, 42-43.<\/em><\/p>\n<p style=\"text-align: justify;\">Maria viveu em fun\u00e7\u00e3o do filho Jesus Cristo e da Igreja. Esteve o quanto mais poss\u00edvel presente na vida e miss\u00e3o do Filho. Recebe-o, em seus bra\u00e7os, no nascimento, bem como depois na morte. Seguiu-o na miss\u00e3o. Acolheu, com os ap\u00f3stolos, o Esp\u00edrito Santo ap\u00f3s a ascens\u00e3o do Senhor, a qual esteve tamb\u00e9m esteve presente. Acolheu-o em seu seio, como nascituro e este propiciou sua assun\u00e7\u00e3o (Maria) ao c\u00e9u, como pr\u00eamio pela vida e miss\u00e3o. A Igreja se alegra com isso.<\/p>\n<p style=\"text-align: justify;\">Maria \u00e9 grande como mulher, esposa, m\u00e3e formadora e evangelizadora. Bem como a mais santa de todas as criaturas. Foi por isso escolhida pelo Pai, para M\u00e3e do Salvador e assim esposa do Esp\u00edrito Santo.\u00a0 Ningu\u00e9m foi tanto agraciada por Deus quanto ela. At\u00e9 Santa Isabel o reconhece quando afirma: \u201cquem sou eu para que venha a mim a m\u00e3e do meu salvador?\u201d.\u00a0 Ela aproximou o prometido, do anunciante: Jo\u00e3o Batista. N\u00e3o sem raz\u00e3o a Igreja cat\u00f3lica a venera tanto. E presta o culto de hiperdulia. De outro lado, as apari\u00e7\u00f5es marianas, demonstram quanto, ela ama a Igreja e seus membros: sua fam\u00edlia.<\/p>\n<p style=\"text-align: justify;\">Analisando o conte\u00fado do Magnificat resulta claro, como Maria aos poucos entendeu a mensagem das escrituras. 3-1 Ela enaltece a Deus glorificando o Pai. 3-2 Mostra, no entanto, sua humildade (serva do senhor) diante da grandeza divina. 3-3 Louva-o em suas obras. Percebe no Evangelho, n\u00e3o apenas a prioridade do culto a Deus, mas tamb\u00e9m a necessidade da solidariedade humana, da justi\u00e7a, o valor dos pequenos.<\/p>\n<p style=\"text-align: justify;\">Por isso agradecida, a Igreja proclama como M\u00e3e de Deus e sua tamb\u00e9m. Ela, ent\u00e3o, corresponde, mostrando toda sua ternura, nas apari\u00e7\u00f5es em seus santu\u00e1rios verdadeiras c\u00e1tedras de Evangeliza\u00e7\u00e3o.<\/p>\n","protected":false},"excerpt":{"rendered":"<p>Texto iluminador: \u201cBendita \u00e9s tu entre as mulheres e bendito \u00e9 o fruto do teu ventre! Como, mere\u00e7o que a m\u00e3e do meu Senhor me venha visitar?\u201d Lc 1, 42-43. Maria viveu em fun\u00e7\u00e3o do filho Jesus Cristo e da Igreja. Esteve o quanto mais poss\u00edvel presente na vida e miss\u00e3o do Filho. Recebe-o, em [&hellip;]<\/p>\n","protected":false},"author":119,"featured_media":77698,"comment_status":"open","ping_status":"closed","sticky":false,"template":"","format":"standard","meta":{"footnotes":""},"categories":[9],"tags":[],"class_list":["post-89773","post","type-post","status-publish","format-standard","has-post-thumbnail","hentry","category-artigos"],"_links":{"self":[{"href":"https:\/\/catolicanet.net\/wp-cnet\/wp-json\/wp\/v2\/posts\/89773","targetHints":{"allow":["GET"]}}],"collection":[{"href":"https:\/\/catolicanet.net\/wp-cnet\/wp-json\/wp\/v2\/posts"}],"about":[{"href":"https:\/\/catolicanet.net\/wp-cnet\/wp-json\/wp\/v2\/types\/post"}],"author":[{"embeddable":true,"href":"https:\/\/catolicanet.net\/wp-cnet\/wp-json\/wp\/v2\/users\/119"}],"replies":[{"embeddable":true,"href":"https:\/\/catolicanet.net\/wp-cnet\/wp-json\/wp\/v2\/comments?post=89773"}],"version-history":[{"count":1,"href":"https:\/\/catolicanet.net\/wp-cnet\/wp-json\/wp\/v2\/posts\/89773\/revisions"}],"predecessor-version":[{"id":89774,"href":"https:\/\/catolicanet.net\/wp-cnet\/wp-json\/wp\/v2\/posts\/89773\/revisions\/89774"}],"wp:featuredmedia":[{"embeddable":true,"href":"https:\/\/catolicanet.net\/wp-cnet\/wp-json\/wp\/v2\/media\/77698"}],"wp:attachment":[{"href":"https:\/\/catolicanet.net\/wp-cnet\/wp-json\/wp\/v2\/media?parent=89773"}],"wp:term":[{"taxonomy":"category","embeddable":true,"href":"https:\/\/catolicanet.net\/wp-cnet\/wp-json\/wp\/v2\/categories?post=89773"},{"taxonomy":"post_tag","embeddable":true,"href":"https:\/\/catolicanet.net\/wp-cnet\/wp-json\/wp\/v2\/tags?post=89773"}],"curies":[{"name":"wp","href":"https:\/\/api.w.org\/{rel}","templated":true}]}}