{"id":89745,"date":"2024-08-15T09:41:50","date_gmt":"2024-08-15T12:41:50","guid":{"rendered":"https:\/\/catolicanet.net\/wp-cnet\/?p=89745"},"modified":"2024-08-15T16:42:41","modified_gmt":"2024-08-15T19:42:41","slug":"comissao-episcopal-para-a-animacao-biblico-catequetica-promove-live-especial-para-celebrar-o-dia-dos-catequistas","status":"publish","type":"post","link":"https:\/\/catolicanet.net\/wp-cnet\/comissao-episcopal-para-a-animacao-biblico-catequetica-promove-live-especial-para-celebrar-o-dia-dos-catequistas\/","title":{"rendered":"COMISS\u00c3O EPISCOPAL PARA A ANIMA\u00c7\u00c3O B\u00cdBLICO-CATEQU\u00c9TICA PROMOVE LIVE ESPECIAL PARA CELEBRAR O DIA DOS CATEQUISTAS"},"content":{"rendered":"<p style=\"text-align: justify;\">Na pr\u00f3xima sexta-feira, 16 de agosto, \u00e0s 19h30, em prepara\u00e7\u00e3o para o Dia dos Catequistas, celebrado no dia 25 de agosto, a Comiss\u00e3o Episcopal para a Anima\u00e7\u00e3o B\u00edblico-Catequ\u00e9tica realizar\u00e1 uma live especial que promete ser um momento de alegria, reflex\u00e3o e celebra\u00e7\u00e3o para todos que dedicam suas vidas \u00e0 miss\u00e3o catequ\u00e9tica.<\/p>\n<p style=\"text-align: justify;\">Com o tema central de \u201ca ora\u00e7\u00e3o sustenta a vida do catequista\u201d, a live tem o objetivo principal de renovar o \u00e2nimo dos catequistas, relembrar a import\u00e2ncia dessa miss\u00e3o fundamental na vida da Igreja e reconhecer o papel vital que cada catequista desempenha na forma\u00e7\u00e3o de novos disc\u00edpulos de Cristo. Ser\u00e1 um momento para fortalecer nossos la\u00e7os, compartilhar experi\u00eancias e nos inspirar mutuamente.<\/p>\n<blockquote><p>\u201cPrepare seu cora\u00e7\u00e3o e reserve esse tempo para se unir a n\u00f3s nesse encontro virtual. Vamos juntos celebrar a vida e a miss\u00e3o de cada catequista, renovando o compromisso de seguir adiante com f\u00e9 e ardor mission\u00e1rio\u201d, exorta a Comiss\u00e3o.<\/p><\/blockquote>\n<p style=\"text-align: justify;\">A live poder\u00e1 ser acompanhada nas redes sociais da CNBB, no Youtube, \u00e0s 19h30.<\/p>\n<blockquote><p>\u201cConvide outros catequistas, familiares e amigos para estarem conosco! Esperamos por voc\u00ea nesta sexta-feira. Juntos, faremos dessa live um verdadeiro momento de comunh\u00e3o e celebra\u00e7\u00e3o!\u201d, convida a Comiss\u00e3o.<\/p><\/blockquote>\n<div class=\"ast-oembed-container\" style=\"text-align: justify;\"><iframe loading=\"lazy\" title=\"#Live: Dia do Catequista - A Ora\u00e7\u00e3o sustenta a Vida do Catequista\" src=\"https:\/\/www.youtube.com\/embed\/OFiYyDKdfU4?feature=oembed\" width=\"1200\" height=\"675\" frameborder=\"0\" allowfullscreen=\"allowfullscreen\" data-mce-fragment=\"1\"><\/iframe><\/div>\n<p style=\"text-align: justify;\">\n<p style=\"text-align: justify;\">\n<pre>Por Larissa Carvalho\/ Com informa\u00e7\u00f5es da Comiss\u00e3o<\/pre>\n","protected":false},"excerpt":{"rendered":"<p>Na pr\u00f3xima sexta-feira, 16 de agosto, \u00e0s 19h30, em prepara\u00e7\u00e3o para o Dia dos Catequistas, celebrado no dia 25 de agosto, a Comiss\u00e3o Episcopal para a Anima\u00e7\u00e3o B\u00edblico-Catequ\u00e9tica realizar\u00e1 uma live especial que promete ser um momento de alegria, reflex\u00e3o e celebra\u00e7\u00e3o para todos que dedicam suas vidas \u00e0 miss\u00e3o catequ\u00e9tica. Com o tema central [&hellip;]<\/p>\n","protected":false},"author":1,"featured_media":89746,"comment_status":"open","ping_status":"closed","sticky":false,"template":"","format":"standard","meta":{"footnotes":""},"categories":[7,13],"tags":[],"class_list":["post-89745","post","type-post","status-publish","format-standard","has-post-thumbnail","hentry","category-cnbb","category-featured"],"_links":{"self":[{"href":"https:\/\/catolicanet.net\/wp-cnet\/wp-json\/wp\/v2\/posts\/89745","targetHints":{"allow":["GET"]}}],"collection":[{"href":"https:\/\/catolicanet.net\/wp-cnet\/wp-json\/wp\/v2\/posts"}],"about":[{"href":"https:\/\/catolicanet.net\/wp-cnet\/wp-json\/wp\/v2\/types\/post"}],"author":[{"embeddable":true,"href":"https:\/\/catolicanet.net\/wp-cnet\/wp-json\/wp\/v2\/users\/1"}],"replies":[{"embeddable":true,"href":"https:\/\/catolicanet.net\/wp-cnet\/wp-json\/wp\/v2\/comments?post=89745"}],"version-history":[{"count":1,"href":"https:\/\/catolicanet.net\/wp-cnet\/wp-json\/wp\/v2\/posts\/89745\/revisions"}],"predecessor-version":[{"id":89748,"href":"https:\/\/catolicanet.net\/wp-cnet\/wp-json\/wp\/v2\/posts\/89745\/revisions\/89748"}],"wp:featuredmedia":[{"embeddable":true,"href":"https:\/\/catolicanet.net\/wp-cnet\/wp-json\/wp\/v2\/media\/89746"}],"wp:attachment":[{"href":"https:\/\/catolicanet.net\/wp-cnet\/wp-json\/wp\/v2\/media?parent=89745"}],"wp:term":[{"taxonomy":"category","embeddable":true,"href":"https:\/\/catolicanet.net\/wp-cnet\/wp-json\/wp\/v2\/categories?post=89745"},{"taxonomy":"post_tag","embeddable":true,"href":"https:\/\/catolicanet.net\/wp-cnet\/wp-json\/wp\/v2\/tags?post=89745"}],"curies":[{"name":"wp","href":"https:\/\/api.w.org\/{rel}","templated":true}]}}