{"id":89741,"date":"2024-08-15T09:39:43","date_gmt":"2024-08-15T12:39:43","guid":{"rendered":"https:\/\/catolicanet.net\/wp-cnet\/?p=89741"},"modified":"2024-08-15T16:41:10","modified_gmt":"2024-08-15T19:41:10","slug":"papa-confia-a-maria-as-dores-das-populacoes-dos-paises-em-guerra","status":"publish","type":"post","link":"https:\/\/catolicanet.net\/wp-cnet\/papa-confia-a-maria-as-dores-das-populacoes-dos-paises-em-guerra\/","title":{"rendered":"Papa confia a Maria as dores das popula\u00e7\u00f5es dos pa\u00edses em guerra"},"content":{"rendered":"<figure class=\"article__image\" style=\"text-align: justify;\"><span class=\"didascalia_img\">Vista do Pal\u00e1cio Apost\u00f3lico ao fundo, com imagem de Santo sobre as Colunatas de Bernini em primeiro plano\u00a0 (VATICAN MEDIA Divisione Foto)<\/span><\/figure>\n<div data-mediatype=\"\">\n<div class=\"article__subTitle\" style=\"text-align: justify;\">&#8220;A guerra \u00e9 uma derrota&#8221;: Ucr\u00e2nia, Oriente M\u00e9dio, Sud\u00e3o, Mianmar, a grave situa\u00e7\u00e3o humanit\u00e1ria em Gaza, a liberta\u00e7\u00e3o dos ref\u00e9ns, as v\u00edtimas dos inc\u00eandios na Gr\u00e9cia foram os apelos do Papa ap\u00f3s rezar o Angelus na Solenidade da Assun\u00e7\u00e3o de Maria ao C\u00e9u em corpo e alma.<\/div>\n<div class=\"title__separator\" style=\"text-align: justify;\"><\/div>\n<div class=\"article__text\">\n<p style=\"text-align: justify;\"><b>Vatican News<\/b><\/p>\n<div style=\"text-align: justify;\">\n<div class=\"article__embed article__embed--unwrap article__embed--dark\">\n<div class=\"article__innerTitle\">Ou\u00e7a e compartilhe<\/div>\n<div>\n<!--[if lt IE 9]><script>document.createElement('audio');<\/script><![endif]-->\n<audio class=\"wp-audio-shortcode\" id=\"audio-89741-1\" preload=\"none\" style=\"width: 100%;\" controls=\"controls\"><source type=\"audio\/mpeg\" src=\"https:\/\/media.vaticannews.va\/media\/audio\/s1\/2024\/08\/15\/14\/138213318_F138213318.mp3?_=1\" \/><a href=\"https:\/\/media.vaticannews.va\/media\/audio\/s1\/2024\/08\/15\/14\/138213318_F138213318.mp3\">https:\/\/media.vaticannews.va\/media\/audio\/s1\/2024\/08\/15\/14\/138213318_F138213318.mp3<\/a><\/audio>\n<\/div>\n<\/div>\n<\/div>\n<p style=\"text-align: justify;\">Ap\u00f3s rezar o\u00a0<i>Angelus\u00a0<\/i>na Solenidade da Assun\u00e7\u00e3o, o Papa voltou a falar de paz e a rezar pelas popula\u00e7\u00f5es extenuadas pelas guerras:<\/p>\n<p style=\"text-align: justify;\"><i>A Maria Rainha da Paz, que hoje contemplamos na gl\u00f3ria do Para\u00edso, gostaria de confiar mais uma vez as ansiedades e as dores das popula\u00e7\u00f5es que em muitas partes do mundo sofrem devido \u00e0s tens\u00f5es sociais e \u00e0s guerras. Penso em particular na martirizada Ucr\u00e2nia, no Oriente M\u00e9dio, na Palestina, Israel, Sud\u00e3o e Mianmar. Que a nossa M\u00e3e celeste obtenha para todos consola\u00e7\u00e3o e um futuro de serenidade e harmonia!<\/i><\/p>\n<h2 style=\"text-align: justify;\">Grav\u00edssima situa\u00e7\u00e3o humanit\u00e1ria em Gaza<\/h2>\n<p style=\"text-align: justify;\">Nesta quinta-feira foram retomadas no Catar as negocia\u00e7\u00f5es por um cessar-fogo na Faixa de Gaza, o que tamb\u00e9m poder\u00e1 impedir o Ir\u00e3 de atacar Israel. Ao demonstrar preocupa\u00e7\u00e3o pela grave situa\u00e7\u00e3o em Gaza, o Santo Padre tamb\u00e9m voltou a pediu a liberta\u00e7\u00e3o dos ref\u00e9ns nas m\u00e3os do Hamas:<\/p>\n<p style=\"text-align: justify;\"><i>Continuo acompanhando com preocupa\u00e7\u00e3o a grav\u00edssima situa\u00e7\u00e3o humanit\u00e1ria em Gaza e pe\u00e7o mais uma vez que cessem os combates em todas as frentes, que os ref\u00e9ns sejam libertados e que a popula\u00e7\u00e3o extenuada seja socorrida. Encorajo todos a fazerem todos os esfor\u00e7os para que o conflito n\u00e3o se expanda e a percorrerem o caminho da negocia\u00e7\u00e3o para que esta trag\u00e9dia termine rapidamente! N\u00e3o esque\u00e7amos: a guerra \u00e9 uma derrota.<\/i><\/p>\n<h2 style=\"text-align: justify;\">Inc\u00eandios na Gr\u00e9cia<\/h2>\n<p style=\"text-align: justify;\">O\u00a0 Papa tamb\u00e9m dirigiu seu pensamento \u00e0s v\u00edtimas dos inc\u00eandios que atingem a Gr\u00e9cia:<\/p>\n<p style=\"text-align: justify;\"><i>Meu pensamento dirige-se agora para a Gr\u00e9cia, que nestes \u00faltimos dias est\u00e1 combatendo grav\u00edssimo inc\u00eandio, que se alastrou no nordeste de Atenas. Dezenas de milhares de pessoas j\u00e1 foram evacuadas, muitas fam\u00edlias ficaram sem casa, milhares de pessoas t\u00eam de enfrentar dificuldades terr\u00edveis e, al\u00e9m dos imensos danos materiais, est\u00e1 se criando uma cat\u00e1strofe ambiental. Rezo pelas v\u00edtimas e pelos feridos, asseguro a minha proximidade a quantos s\u00e3o atingidos por este grave acontecimento, confiando que poder\u00e3o ser apoiados pela solidariedade comum.<\/i><\/p>\n<p style=\"text-align: justify;\">Ao final, ao desejar a todos uma boa festa de Nossa Senhora da Assun\u00e7\u00e3o, o Papa pediu para n\u00e3o esquecerem de rezar por ele, &#8220;bom almo\u00e7o e at\u00e9 logo&#8221;.<\/p>\n<\/div>\n<\/div>\n","protected":false},"excerpt":{"rendered":"<p>Vista do Pal\u00e1cio Apost\u00f3lico ao fundo, com imagem de Santo sobre as Colunatas de Bernini em primeiro plano\u00a0 (VATICAN MEDIA Divisione Foto) &#8220;A guerra \u00e9 uma derrota&#8221;: Ucr\u00e2nia, Oriente M\u00e9dio, Sud\u00e3o, Mianmar, a grave situa\u00e7\u00e3o humanit\u00e1ria em Gaza, a liberta\u00e7\u00e3o dos ref\u00e9ns, as v\u00edtimas dos inc\u00eandios na Gr\u00e9cia foram os apelos do Papa ap\u00f3s rezar [&hellip;]<\/p>\n","protected":false},"author":1,"featured_media":89742,"comment_status":"open","ping_status":"closed","sticky":false,"template":"","format":"standard","meta":{"footnotes":""},"categories":[3],"tags":[],"class_list":["post-89741","post","type-post","status-publish","format-standard","has-post-thumbnail","hentry","category-vaticano"],"_links":{"self":[{"href":"https:\/\/catolicanet.net\/wp-cnet\/wp-json\/wp\/v2\/posts\/89741","targetHints":{"allow":["GET"]}}],"collection":[{"href":"https:\/\/catolicanet.net\/wp-cnet\/wp-json\/wp\/v2\/posts"}],"about":[{"href":"https:\/\/catolicanet.net\/wp-cnet\/wp-json\/wp\/v2\/types\/post"}],"author":[{"embeddable":true,"href":"https:\/\/catolicanet.net\/wp-cnet\/wp-json\/wp\/v2\/users\/1"}],"replies":[{"embeddable":true,"href":"https:\/\/catolicanet.net\/wp-cnet\/wp-json\/wp\/v2\/comments?post=89741"}],"version-history":[{"count":1,"href":"https:\/\/catolicanet.net\/wp-cnet\/wp-json\/wp\/v2\/posts\/89741\/revisions"}],"predecessor-version":[{"id":89744,"href":"https:\/\/catolicanet.net\/wp-cnet\/wp-json\/wp\/v2\/posts\/89741\/revisions\/89744"}],"wp:featuredmedia":[{"embeddable":true,"href":"https:\/\/catolicanet.net\/wp-cnet\/wp-json\/wp\/v2\/media\/89742"}],"wp:attachment":[{"href":"https:\/\/catolicanet.net\/wp-cnet\/wp-json\/wp\/v2\/media?parent=89741"}],"wp:term":[{"taxonomy":"category","embeddable":true,"href":"https:\/\/catolicanet.net\/wp-cnet\/wp-json\/wp\/v2\/categories?post=89741"},{"taxonomy":"post_tag","embeddable":true,"href":"https:\/\/catolicanet.net\/wp-cnet\/wp-json\/wp\/v2\/tags?post=89741"}],"curies":[{"name":"wp","href":"https:\/\/api.w.org\/{rel}","templated":true}]}}