{"id":89725,"date":"2024-08-25T09:30:28","date_gmt":"2024-08-25T12:30:28","guid":{"rendered":"https:\/\/catolicanet.net\/wp-cnet\/?p=89725"},"modified":"2024-08-14T16:31:33","modified_gmt":"2024-08-14T19:31:33","slug":"21-domingo-do-tempo-comum","status":"publish","type":"post","link":"https:\/\/catolicanet.net\/wp-cnet\/21-domingo-do-tempo-comum\/","title":{"rendered":"21\u00b0 Domingo do Tempo Comum"},"content":{"rendered":"<p style=\"text-align: center;\"><em>\u201cA quem iremos Senhor? Somente tu tens palavras de vida eterna\u201d (Jo 6, 68)<\/em><\/p>\n<p style=\"text-align: justify;\"><strong>\u00a0<\/strong>Neste domingo o Vig\u00e9simo Primeiro do Tempo Comum, dentro do m\u00eas vocacional, um m\u00eas especial para a Igreja, uma sinfonia vocacional, onde a cada Domingo recordamos uma voca\u00e7\u00e3o em espec\u00edfico. Chegamos no \u00faltimo Domingo desse m\u00eas e recordamos a voca\u00e7\u00e3o para os minist\u00e9rios e servi\u00e7os na comunidade dentro da vida laical e o Dia Nacional dos Catequistas, agora, minist\u00e9rio instituido.<\/p>\n<p style=\"text-align: justify;\">Ap\u00f3s o batismo, cada batizado \u00e9 chamado a ser disc\u00edpulo e mission\u00e1rio do Senhor e pode exercer esse discipulado testemunhando Jesus Cristo dentro da comunidade assumindo algum trabalho pastoral. \u00c0 medida que o tempo vai passando e vamos amadurecendo na f\u00e9 descobriremos para qual pastoral temos uma maior identifica\u00e7\u00e3o.<\/p>\n<p style=\"text-align: justify;\">Atrav\u00e9s de nossa intimidade com Deus por meio da ora\u00e7\u00e3o descobriremos como poderemos servir melhor a Igreja e para qual voca\u00e7\u00e3o Ele nos chama, e em qual pastoral seremos suas testemunhas. Cada um de n\u00f3s tem dentro de si um talento ou um dom, que precisa ser descoberto e colocado a servi\u00e7o da comunidade.<\/p>\n<p style=\"text-align: justify;\">Ser catequista \u00e9 uma gra\u00e7a de Deus; o primeiro catequista da par\u00f3quia \u00e9 o padre, mas devido aos diversos deveres pastorais n\u00e3o pode estar com as turmas de catequese, ent\u00e3o o padre indica os catequistas, que depois de fazerem a devida prepara\u00e7\u00e3o, institu\u00eddos por mandato do Bispo Diocesano, eles possam em nome da Igreja ensinar a Palavra de Deus aos catequisandos.<\/p>\n<p style=\"text-align: justify;\">O Senhor nos chama, descubramos a qual voca\u00e7\u00e3o ou minist\u00e9rio podemos melhor servi-lo em nossas comunidades. Al\u00e9m de catequistas podemos participar do minist\u00e9rio de leitor, minist\u00e9rio da extraordin\u00e1rio da Comunh\u00e3o Eucar\u00edstica, minist\u00e9rio de m\u00fasica, da consola\u00e7\u00e3o e esperan\u00e7a, dirigir pequenas comunidades ou c\u00edrculos b\u00edblicos, participar dos conselhos de pastoral e administrativo da par\u00f3quia \u00a0e tantas outras miss\u00f5es, em especial a evangeliza\u00e7\u00e3o. Este domingo al\u00e9m de ser o dia dos catequistas \u00e9 dia do minist\u00e9rio laical, ou seja, os diversos minist\u00e9rios e pastorais em que podemos servir ao Senhor.<\/p>\n<p style=\"text-align: justify;\">No Evangelho deste domingo, os disc\u00edpulos questionam Jesus dizendo que as palavras dele eram duras demais, alguns chegam a ir embora. Jesus diz aos ap\u00f3stolos: <em>\u201cV\u00f3s tamb\u00e9m quereis ir embora\u201d?\u00a0 <\/em>Essa mesma pergunta Ele nos faz hoje, se queremos continuar seguindo o que Ele nos ensina ou se queremos abandon\u00e1-lo. A palavra do Senhor n\u00e3o \u00e9 dura, o que \u00e9 duro demais \u00e9 o cora\u00e7\u00e3o humano.<\/p>\n<p style=\"text-align: justify;\">A primeira leitura dessa missa \u00e9 do livro de Josu\u00e9 <em>(Js 24,1-2a.15-17.18b): <\/em>nesse trecho do livro de Josu\u00e9, ele teve a miss\u00e3o de conduzir o povo de Israel na terra prometida ap\u00f3s a partida de Mois\u00e9s, ao mesmo modo que os disc\u00edpulos continuaram a miss\u00e3o ap\u00f3s a ressurrei\u00e7\u00e3o de Jesus. Josu\u00e9 re\u00fane todas as tribos junto com os chefes, anci\u00e3os e magistrados. Josu\u00e9 diz a todos que eles deveriam escolher a quem queriam servir, ou \u00e0 Deus que os libertou do Egito e os fez entrar na terra prometida, ou aos deuses desse mundo. Josu\u00e9 diz que ele e a fam\u00edlia dele servir\u00e3o ao Senhor dos ex\u00e9rcitos, aquele ao qual fez alian\u00e7a com Mois\u00e9s e com Israel. Diante das palavras de Josu\u00e9 o povo tamb\u00e9m diz que n\u00e3o deixar\u00e1 de servir ao Senhor e continuar\u00e1 seguindo aquilo que Ele fala por meio dos profetas.<\/p>\n<p style=\"text-align: justify;\">Em conson\u00e2ncia com o Evangelho essa leitura \u00e9 dirigida tamb\u00e9m para n\u00f3s, e nos faz meditar a quem queremos seguir ao Senhor nos escolheu desde o ventre materno, ou aos prazeres desse mundo.<\/p>\n<p style=\"text-align: justify;\">O salmo responsorial \u00e9 o <em>33(34), <\/em>que diz em seu refr\u00e3o: <em>\u201cProvai e vede qu\u00e3o suave \u00e9 o Senhor\u201d, <\/em>justamente o refr\u00e3o desse salmo entra em sintonia com a liturgia que estamos celebrando hoje, e quer nos dizer que a Palavra de Deus n\u00e3o pesada demais e nem dura demais, mas \u00e9 suave. O Senhor antes de tudo deseja a salva\u00e7\u00e3o do ser humano e n\u00e3o a sua condena\u00e7\u00e3o.<\/p>\n<p style=\"text-align: justify;\">A segunda leitura \u00e9 da carta de S\u00e3o Paulo aos Ef\u00e9sios <em>(Ef 5,21-32). <\/em>Nesse trecho da carta Paulo se dirige a comunidade de \u00c9feso dizendo que todos devem amar-se uns aos outros, do mesmo modo que Cristo ama a sua Igreja. Paulo pede que as mulheres sejam sol\u00edcitas aos seus maridos, do mesmo modo que a Igreja \u00e9 sol\u00edcita a Cristo, e que os maridos amem as suas esposas e lhes sejam fi\u00e9is. Os dois ao se unirem em matrim\u00f4nio formam uma s\u00f3 carne, n\u00e3o s\u00e3o mais dois, mas um s\u00f3. O casamento \u00e9 indissol\u00favel, ou seja, uma vez casados \u00e9 para a vida toda.<\/p>\n<p style=\"text-align: justify;\">O Evangelho desse domingo \u00e9 o final da cap\u00edtulo sexto de Jo\u00e3o <em>(Jo 6,60-69): <\/em>nesse trecho do cap\u00edtulo sexto de Jo\u00e3o, muitos dos disc\u00edpulos que seguiam Jesus e o escutavam diziam que suas palavras eram muito duras.<\/p>\n<p style=\"text-align: justify;\">Jesus volta-se para eles e diz: \u201c<em>Isto vos escandaliza\u201d? <\/em>e ainda acrescenta: <em>\u201cE quando virdes o Filho do homem subindo para onde estava antes\u201d? <\/em>\u00a0O mesmo Esp\u00edrito Santo que possibilitou a encarna\u00e7\u00e3o de Jesus entre n\u00f3s, \u00e9 o mesmo Esp\u00edrito que o levar\u00e1 de volta para o Pai. Esse Esp\u00edrito Santo nos far\u00e1 entender e compreender a Palavra de Deus. N\u00e3o existem palavras duras ou dif\u00edceis demais se pedirmos a luz do Esp\u00edrito Santo para compreender.<\/p>\n<p style=\"text-align: justify;\">Depois disso muitos disc\u00edpulos foram embora e n\u00e3o andavam mais com Jesus, e pergunta aos doze se eles tamb\u00e9m queriam ir embora, e Pedro responde<em>: \u201cA quem iremos Senhor? Somente tu tens palavras de vida eterna\u201d N\u00f3s cremos firmemente e reconhecemos que tu \u00e9s o Santo de Deus\u201d. <\/em><\/p>\n<p style=\"text-align: justify;\">Meus irm\u00e3os, o Senhor pergunta para n\u00f3s tamb\u00e9m hoje se queremos segui-lo e ouvir sua Palavra ou se queremos ir embora. O Senhor nos chama para servi-lo nas mais diversas pastorais e espera a nossa resposta.\u00a0 Celebremos com alegria Vig\u00e9simo Primeiro Domingo do Tempo Comum e pe\u00e7amos que o Esp\u00edrito Santo nos explique todas as palavras do Evangelho, am\u00e9m!<\/p>\n","protected":false},"excerpt":{"rendered":"<p>\u201cA quem iremos Senhor? Somente tu tens palavras de vida eterna\u201d (Jo 6, 68) \u00a0Neste domingo o Vig\u00e9simo Primeiro do Tempo Comum, dentro do m\u00eas vocacional, um m\u00eas especial para a Igreja, uma sinfonia vocacional, onde a cada Domingo recordamos uma voca\u00e7\u00e3o em espec\u00edfico. Chegamos no \u00faltimo Domingo desse m\u00eas e recordamos a voca\u00e7\u00e3o para [&hellip;]<\/p>\n","protected":false},"author":5,"featured_media":55819,"comment_status":"open","ping_status":"closed","sticky":false,"template":"","format":"standard","meta":{"footnotes":""},"categories":[13],"tags":[],"class_list":["post-89725","post","type-post","status-publish","format-standard","has-post-thumbnail","hentry","category-featured"],"_links":{"self":[{"href":"https:\/\/catolicanet.net\/wp-cnet\/wp-json\/wp\/v2\/posts\/89725","targetHints":{"allow":["GET"]}}],"collection":[{"href":"https:\/\/catolicanet.net\/wp-cnet\/wp-json\/wp\/v2\/posts"}],"about":[{"href":"https:\/\/catolicanet.net\/wp-cnet\/wp-json\/wp\/v2\/types\/post"}],"author":[{"embeddable":true,"href":"https:\/\/catolicanet.net\/wp-cnet\/wp-json\/wp\/v2\/users\/5"}],"replies":[{"embeddable":true,"href":"https:\/\/catolicanet.net\/wp-cnet\/wp-json\/wp\/v2\/comments?post=89725"}],"version-history":[{"count":1,"href":"https:\/\/catolicanet.net\/wp-cnet\/wp-json\/wp\/v2\/posts\/89725\/revisions"}],"predecessor-version":[{"id":89726,"href":"https:\/\/catolicanet.net\/wp-cnet\/wp-json\/wp\/v2\/posts\/89725\/revisions\/89726"}],"wp:featuredmedia":[{"embeddable":true,"href":"https:\/\/catolicanet.net\/wp-cnet\/wp-json\/wp\/v2\/media\/55819"}],"wp:attachment":[{"href":"https:\/\/catolicanet.net\/wp-cnet\/wp-json\/wp\/v2\/media?parent=89725"}],"wp:term":[{"taxonomy":"category","embeddable":true,"href":"https:\/\/catolicanet.net\/wp-cnet\/wp-json\/wp\/v2\/categories?post=89725"},{"taxonomy":"post_tag","embeddable":true,"href":"https:\/\/catolicanet.net\/wp-cnet\/wp-json\/wp\/v2\/tags?post=89725"}],"curies":[{"name":"wp","href":"https:\/\/api.w.org\/{rel}","templated":true}]}}