{"id":89722,"date":"2024-08-12T09:28:55","date_gmt":"2024-08-12T12:28:55","guid":{"rendered":"https:\/\/catolicanet.net\/wp-cnet\/?p=89722"},"modified":"2024-08-14T16:30:06","modified_gmt":"2024-08-14T19:30:06","slug":"a-familia-2","status":"publish","type":"post","link":"https:\/\/catolicanet.net\/wp-cnet\/a-familia-2\/","title":{"rendered":"A Fam\u00edlia"},"content":{"rendered":"<p style=\"text-align: center;\"><em>Cadernos do Conc\u00edlio \u2013 Volume 29<\/em><\/p>\n<p style=\"text-align: justify;\"><em>\u00a0<\/em>Iniciamos no dia dos pais a Semana Nacional da Fam\u00edlia com o tema \u201cFam\u00edlia e Amizade\u201d e o lema: \u201cAmizade, uma forma de vida com sabor do Evangelho\u201d. Uma boa ocasi\u00e3o para aprofundarmos esse tema, pois hoje nos debru\u00e7aremos sobre o volume vinte e nove da Cole\u00e7\u00e3o Cadernos do Conc\u00edlio Ecum\u00eanico Vaticano II, que trata sobre o tema: <em>\u201cA Fam\u00edlia\u201d. <\/em>Esse \u00e9 um tema de vital import\u00e2ncia, pois a Igreja tem um carinho especial pelas fam\u00edlias. O autor desse volume \u00e9 Andrea Tornielli, vaticanista e diretor editorial do Dicast\u00e9rio para a Comunica\u00e7\u00e3o da Santa S\u00e9. Ele desenvolve esse tema a partir da Constitui\u00e7\u00e3o Pastoral elaborada ao longo do Conc\u00edlio Ecum\u00eanico Vaticano II <em>\u201cGaudium et Spes\u201d. <\/em>Essa Constitui\u00e7\u00e3o Pastoral \u00e9 de extrema import\u00e2ncia ao longo do Conc\u00edlio e foi falado bastante dela nos outros volumes dessa cole\u00e7\u00e3o.<\/p>\n<p style=\"text-align: justify;\">A fam\u00edlia, como dizia o saudoso Papa S\u00e3o Jo\u00e3o Paulo II, \u00e9 a Igreja dom\u00e9stica, pois \u00e9 no seio familiar que se aprende os verdadeiros valores. Os pais s\u00e3o os primeiros catequistas dos filhos, pois \u00e9 dentro de casa que os pais devem ensinar as primeiras ora\u00e7\u00f5es do crist\u00e3o. Ap\u00f3s batizar os filhos, os pais devem manter a vida de f\u00e9, devem ir \u00e0 Missa dominical toda semana para que os filhos possam crescer no ambiente da Igreja e depois ficar\u00e1 mais f\u00e1cil para que por conta pr\u00f3pria participem da Inicia\u00e7\u00e3o \u00e0\u00a0 vida crist\u00e3 e fa\u00e7am a catequese de primeira Eucaristia e, em seguida, a Crisma e possam confirmar a f\u00e9 recebida no batismo.<\/p>\n<p style=\"text-align: justify;\">Diz tamb\u00e9m um antigo ditado: <em>\u201cFam\u00edlia que reza unida permanece unida\u201d,<\/em> por isso \u00e9 importante haver um espa\u00e7o de ora\u00e7\u00e3o ao longo do dia em que a fam\u00edlia reze junto. Seja pela manh\u00e3 ou a noite antes de dormir, reservar uns dez minutos para ora\u00e7\u00e3o, pedindo a ben\u00e7\u00e3o para todos que ali moram.<\/p>\n<p style=\"text-align: justify;\">A Igreja tem um carinho especial por todas as fam\u00edlias e defende a uni\u00e3o das fam\u00edlias. A Igreja deseja que todas as fam\u00edlias tenham como exemplo a Sagrada Fam\u00edlia de Nazar\u00e9. \u00c9 claro que sempre haver\u00e1 problemas, n\u00e3o existe fam\u00edlia perfeita, mas \u00e9 preciso saber superar os problemas com a for\u00e7a da ora\u00e7\u00e3o.<\/p>\n<p style=\"text-align: justify;\">\u00c9 importante em todas as par\u00f3quias ter a pastoral familiar, promover os v\u00e1rios movimentos que foram surgindo na \u00e9poca do Conc\u00edlio Ecum\u00eanico Vaticano II, e \u00e9 enriquecedor para as fam\u00edlias. Se em sua par\u00f3quia ainda n\u00e3o tem a pastoral familiar, converse com seu p\u00e1roco, forme um grupo de casais e pe\u00e7a que ele institua a pastoral familiar.<\/p>\n<p style=\"text-align: justify;\">O sacramento do matrim\u00f4nio \u00e9 indissol\u00favel, ou seja, n\u00e3o se desfaz pois \u00e9 para a vida inteira. Por isso, que os noivos fazem a promessa de ficarem unidos na alegria e na tristeza, na sa\u00fade e na doen\u00e7a, todos os dias da vida, at\u00e9 que a morte os separe. Por isso, a Igreja reza por todos os casais e todas as fam\u00edlias, para que o matrim\u00f4nio dure uma vida inteira. Outra promessa que os noivos fazem perante Deus no dia do matrim\u00f4nio \u00e9 estarem abertos \u00e0 vida, e que os filhos sejam educados na lei de Cristo e da Igreja.<\/p>\n<p style=\"text-align: justify;\">\u00c9 fun\u00e7\u00e3o da Igreja e de cada um de n\u00f3s cuidar para que as fam\u00edlias sejam preservadas e n\u00e3o destruam o conceito de fam\u00edlia. Infelizmente com o avan\u00e7o da mudan\u00e7a de \u00e9poca querem mudar o conceito de fam\u00edlia, e muitas pessoas querem impor uma certa \u201ccrise\u201d no matrim\u00f4nio. Diante disso o Papa Francisco lan\u00e7ou uma Exorta\u00e7\u00e3o Apost\u00f3lica p\u00f3s-sinodal intitulada de <em>\u201cAmoris Laetitia\u201d, <\/em>que trata sobre o amor na fam\u00edlia.<\/p>\n<p style=\"text-align: justify;\">\u00c9 preciso falar aos jovens e aqueles casais que se uniram sem se casar na Igreja sobre a import\u00e2ncia do sacramento do matrim\u00f4nio e de receber a ben\u00e7\u00e3o de Deus. \u00c9 necess\u00e1rio ter a vida sacramental em dia, para que todos possam participar mais ativamente da vida pastoral da Igreja. At\u00e9 mesmo para no futuro ser padrinho e madrinha de algu\u00e9m \u00e9 necess\u00e1rio ter a vida sacramental em dia, sobretudo o matrim\u00f4nio.<\/p>\n<p style=\"text-align: justify;\">Rezemos e nos esforcemos para que superemos essa \u201ccrise\u201d no matrim\u00f4nio e conscientizemos muitos casais a regularizarem a vida sacramental e se casarem na Igreja. Inclusive trabalhar nos encontros de casais e curso de noivos a import\u00e2ncia de se casar por amor e abertos \u00e0 vida.<\/p>\n<p style=\"text-align: justify;\">Podemos dizer que o futuro da humanidade passa pela fam\u00edlia. E ainda, que os casais que se unirem em matrim\u00f4nio se unam de fato por amor, pois o amor dos dois, junto com o amor de Deus sustentar\u00e1 a vida matrimonial por muitos anos.<\/p>\n<p style=\"text-align: justify;\">Temos que preservar a vida desde a sua concep\u00e7\u00e3o at\u00e9 a morte. No in\u00edcio, quando os filhos s\u00e3o crian\u00e7as os pais cuidam dos filhos, e quando os filhos s\u00e3o adultos o papel deve se inverter, os filhos devem cuidar dos pais at\u00e9 a velhice.<\/p>\n<p style=\"text-align: justify;\">\u00c9 necess\u00e1rio respeitar os av\u00f3s, eles s\u00e3o pais duas vezes e cooperam com os pais no ensinamento dos netos. Muitas vezes enquanto os filhos trabalham os av\u00f3s cuidam dos netos e passam o dia com eles. Por isso, cabe aos netos amarem e respeitar seus av\u00f3s e serem gratos a eles. E do mesmo modo, os filhos respeitarem seus pais e ser gratos por eles ajudarem na educa\u00e7\u00e3o dos netos.<\/p>\n<p style=\"text-align: justify;\">Preservemos e cuidemos das fam\u00edlias, que cada um possa levar o matrim\u00f4nio a s\u00e9rio e cooperar na gera\u00e7\u00e3o e no cuidado das vidas. Entendamos que as fam\u00edlias t\u00eam muito a cooperar com a sociedade.<\/p>\n<p style=\"text-align: justify;\">Convido a tomarem esse volume vinte e nove da Cole\u00e7\u00e3o Cadernos do Conc\u00edlio \u2013 uma tradu\u00e7\u00e3o publicada pelas edi\u00e7\u00f5es CNBB \u2013 em m\u00e3os e ainda a Constitui\u00e7\u00e3o Apost\u00f3lica \u201c<em>Gaudium et spes\u201d<\/em> e a Exorta\u00e7\u00e3o p\u00f3s-sinodal do Papa Francisco <em>\u201cAmoris Laetitia\u201d <\/em>sobre o amor na fam\u00edlia, e entenderem um pouco mais sobre a import\u00e2ncia da fam\u00edlia para a sociedade.<\/p>\n","protected":false},"excerpt":{"rendered":"<p>Cadernos do Conc\u00edlio \u2013 Volume 29 \u00a0Iniciamos no dia dos pais a Semana Nacional da Fam\u00edlia com o tema \u201cFam\u00edlia e Amizade\u201d e o lema: \u201cAmizade, uma forma de vida com sabor do Evangelho\u201d. Uma boa ocasi\u00e3o para aprofundarmos esse tema, pois hoje nos debru\u00e7aremos sobre o volume vinte e nove da Cole\u00e7\u00e3o Cadernos do [&hellip;]<\/p>\n","protected":false},"author":5,"featured_media":55819,"comment_status":"open","ping_status":"closed","sticky":false,"template":"","format":"standard","meta":{"footnotes":""},"categories":[9],"tags":[],"class_list":["post-89722","post","type-post","status-publish","format-standard","has-post-thumbnail","hentry","category-artigos"],"_links":{"self":[{"href":"https:\/\/catolicanet.net\/wp-cnet\/wp-json\/wp\/v2\/posts\/89722","targetHints":{"allow":["GET"]}}],"collection":[{"href":"https:\/\/catolicanet.net\/wp-cnet\/wp-json\/wp\/v2\/posts"}],"about":[{"href":"https:\/\/catolicanet.net\/wp-cnet\/wp-json\/wp\/v2\/types\/post"}],"author":[{"embeddable":true,"href":"https:\/\/catolicanet.net\/wp-cnet\/wp-json\/wp\/v2\/users\/5"}],"replies":[{"embeddable":true,"href":"https:\/\/catolicanet.net\/wp-cnet\/wp-json\/wp\/v2\/comments?post=89722"}],"version-history":[{"count":1,"href":"https:\/\/catolicanet.net\/wp-cnet\/wp-json\/wp\/v2\/posts\/89722\/revisions"}],"predecessor-version":[{"id":89724,"href":"https:\/\/catolicanet.net\/wp-cnet\/wp-json\/wp\/v2\/posts\/89722\/revisions\/89724"}],"wp:featuredmedia":[{"embeddable":true,"href":"https:\/\/catolicanet.net\/wp-cnet\/wp-json\/wp\/v2\/media\/55819"}],"wp:attachment":[{"href":"https:\/\/catolicanet.net\/wp-cnet\/wp-json\/wp\/v2\/media?parent=89722"}],"wp:term":[{"taxonomy":"category","embeddable":true,"href":"https:\/\/catolicanet.net\/wp-cnet\/wp-json\/wp\/v2\/categories?post=89722"},{"taxonomy":"post_tag","embeddable":true,"href":"https:\/\/catolicanet.net\/wp-cnet\/wp-json\/wp\/v2\/tags?post=89722"}],"curies":[{"name":"wp","href":"https:\/\/api.w.org\/{rel}","templated":true}]}}