{"id":89711,"date":"2024-08-14T10:10:11","date_gmt":"2024-08-14T13:10:11","guid":{"rendered":"https:\/\/catolicanet.net\/wp-cnet\/?p=89711"},"modified":"2024-08-14T16:11:29","modified_gmt":"2024-08-14T19:11:29","slug":"a-historia-da-assuncao-e-por-que-e-um-dia-de-preceito-em-muitos-paises","status":"publish","type":"post","link":"https:\/\/catolicanet.net\/wp-cnet\/a-historia-da-assuncao-e-por-que-e-um-dia-de-preceito-em-muitos-paises\/","title":{"rendered":"A hist\u00f3ria da Assun\u00e7\u00e3o e por que \u00e9 um dia de preceito em muitos pa\u00edses"},"content":{"rendered":"<p style=\"text-align: justify;\">Os cat\u00f3licos de todo o mundo celebram a solenidade da Assun\u00e7\u00e3o de Maria no dia 15 de agosto, comemorando sua subida gloriosa ao c\u00e9u.Embora o dia da celebra\u00e7\u00e3o seja relativamente novo, sua hist\u00f3ria tem ra\u00edzes nos primeiros s\u00e9culos da igreja.<\/p>\n<p style=\"text-align: justify;\">O numeral 1246 do C\u00f3digo de Direito Can\u00f4nico indica que este feriado \u00e9 um preceito, ou seja, uma solenidade na qual o cat\u00f3lico \u00e9 obrigado a participar da missa.<\/p>\n<p style=\"text-align: justify;\">No entanto, no mesmo numeral, indica-se que a \u201cConfer\u00eancia episcopal contudo pode, com aprova\u00e7\u00e3o pr\u00e9via da S\u00e9 Apos\u00adt\u00f3lica, abolir alguns dias festivos de preceito ou transferi-los para o domingo\u201d. Por esse motivo, em alguns pa\u00edses, n\u00e3o \u00e9 obrigat\u00f3rio.<\/p>\n<p style=\"text-align: justify;\">O Dr. Matthew Bunson, principal colaborador da EWTN, ressaltou que \u201c\u00e0 medida que a vida terrena da Virgem Maria chega ao fim, a Assun\u00e7\u00e3o nos ajuda a entender mais plenamente n\u00e3o apenas sua vida, mas tamb\u00e9m nos ajuda a sempre focar nosso olhar na eternidade&#8221;.<\/p>\n<p style=\"text-align: justify;\">\u201cVemos em Maria a l\u00f3gica da Assun\u00e7\u00e3o como a culmina\u00e7\u00e3o de sua vida. Um requisito eucar\u00edstico para esse dia \u00e9 muito apropriado\u201d, continuou.<\/p>\n<p style=\"text-align: justify;\">O dogma da Assun\u00e7\u00e3o de Maria, tamb\u00e9m chamado &#8220;Dormi\u00e7\u00e3o de Maria&#8221; nas igrejas orientais, tem suas ra\u00edzes nos primeiros s\u00e9culos da Igreja. A Igreja Cat\u00f3lica ensina que quando Maria terminou sua vida terrena, Deus a elevou em corpo e alma ao c\u00e9u.<\/p>\n<p style=\"text-align: justify;\">Essa cren\u00e7a tem suas ra\u00edzes nos primeiros anos da Igreja. Enquanto um local fora de Jerusal\u00e9m foi reconhecido como o t\u00famulo de Maria, os primeiros crist\u00e3os argumentavam que &#8220;n\u00e3o havia ningu\u00e9m l\u00e1&#8221;, assegurou Bunson.<\/p>\n<p style=\"text-align: justify;\">De acordo com s\u00e3o Jo\u00e3o Damasceno, no Conc\u00edlio de Calced\u00f4nia, em 451 d.C., o imperador romano Marciano solicitou o corpo de Maria, M\u00e3e de Deus. S\u00e3o Juvenal, que era bispo de Jerusal\u00e9m, respondeu \u201cque Maria morreu na presen\u00e7a de todos os ap\u00f3stolos, mas que seu t\u00famulo, quando aberto a pedido de Santo Tom\u00e9, foi encontrado vazio; de onde os ap\u00f3stolos conclu\u00edram que o corpo foi levado ao c\u00e9u\u201d.<\/p>\n<p style=\"text-align: justify;\">No s\u00e9culo VIII, por volta da \u00e9poca do papa Adriano, a Igreja come\u00e7ou a mudar sua terminologia, renomeando a festa do &#8220;Memorial de Maria&#8221; para a &#8220;Assun\u00e7\u00e3o de Maria&#8221;, observou Bunson.<\/p>\n<p style=\"text-align: justify;\">A cren\u00e7a na Assun\u00e7\u00e3o de Maria foi uma tradi\u00e7\u00e3o muito estendida e uma medita\u00e7\u00e3o frequente nos escritos dos santos atrav\u00e9s dos s\u00e9culos. No entanto, n\u00e3o foi definido oficialmente at\u00e9 o s\u00e9culo passado.<\/p>\n<p style=\"text-align: justify;\">Em 1950, o papa Pio XII fez uma declara\u00e7\u00e3o infal\u00edvel &#8220;ex-cathedra&#8221; na Constitui\u00e7\u00e3o Apost\u00f3lica Munificentissimus Deus, definindo oficialmente o dogma da Assun\u00e7\u00e3o.<\/p>\n<p style=\"text-align: justify;\">\u201cCom a autoridade de nosso Senhor Jesus Cristo, dos bem-aventurados ap\u00f3stolos s. Pedro e s. Paulo e com a nossa, pronunciamos, declaramos e definimos ser dogma divinamente revelado que: a imaculada M\u00e3e de Deus, a sempre virgem Maria, terminado o curso da vida terrestre, foi assunta em corpo e alma \u00e0 gl\u00f3ria celestial\u201d, escreveu o papa.<\/p>\n<p style=\"text-align: justify;\">No decreto, que foi aprovado de antem\u00e3o pelas dioceses de todo o mundo, o papa Pio XII examinou s\u00e9culos de pensamento crist\u00e3o e os escritos de v\u00e1rios santos sobre a Assun\u00e7\u00e3o de Maria.<\/p>\n<p style=\"text-align: justify;\">\u201cTemos ao longo da hist\u00f3ria da Igreja um testemunho quase universal disso. Temos este fio que recorre toda a hist\u00f3ria da Igreja em apoio ao dogma. Isso \u00e9 significativo porque respalda a tradi\u00e7\u00e3o da Igreja, mas tamb\u00e9m apoia uma compreens\u00e3o mais profunda dos ensinamentos da Igreja de como confiamos nas reflex\u00f5es de algumas das maiores mentes da mesma\u201d, comentou Bunson.<\/p>\n<p style=\"text-align: justify;\">O que tamb\u00e9m \u00e9 not\u00e1vel sobre o dogma, acrescentou, \u00e9 que ele &#8220;usa a voz passiva&#8221;, enfatizando que Maria n\u00e3o subiu ao c\u00e9u pelo seu pr\u00f3prio poder, como Cristo o fez, mas foi elevada ao c\u00e9u pela gra\u00e7a de Deus.<\/p>\n<p style=\"text-align: justify;\">Atualmente, a festa da Assun\u00e7\u00e3o est\u00e1 marcada como um grande dia de festa e de preceito em v\u00e1rios pa\u00edses, incluindo Estados Unidos.<\/p>\n<p style=\"text-align: justify;\">O Dr. Bunson explicou que, em festividades importantes, \u00e9 necess\u00e1rio destacar o significado real da celebra\u00e7\u00e3o, enfatizando a necessidade de celebrar a Eucaristia naquele dia.<\/p>\n<p style=\"text-align: justify;\">&#8220;Haveria algo mais apropriado do que, na Festa da Assun\u00e7\u00e3o da M\u00e3e Sant\u00edssima, mais uma vez, centrar-se em seu Filho, na Eucaristia?&#8221;, questionou.<\/p>\n","protected":false},"excerpt":{"rendered":"<p>Os cat\u00f3licos de todo o mundo celebram a solenidade da Assun\u00e7\u00e3o de Maria no dia 15 de agosto, comemorando sua subida gloriosa ao c\u00e9u.Embora o dia da celebra\u00e7\u00e3o seja relativamente novo, sua hist\u00f3ria tem ra\u00edzes nos primeiros s\u00e9culos da igreja. O numeral 1246 do C\u00f3digo de Direito Can\u00f4nico indica que este feriado \u00e9 um preceito, [&hellip;]<\/p>\n","protected":false},"author":1,"featured_media":89712,"comment_status":"open","ping_status":"closed","sticky":false,"template":"","format":"standard","meta":{"footnotes":""},"categories":[4,13],"tags":[],"class_list":["post-89711","post","type-post","status-publish","format-standard","has-post-thumbnail","hentry","category-cotidiano","category-featured"],"_links":{"self":[{"href":"https:\/\/catolicanet.net\/wp-cnet\/wp-json\/wp\/v2\/posts\/89711","targetHints":{"allow":["GET"]}}],"collection":[{"href":"https:\/\/catolicanet.net\/wp-cnet\/wp-json\/wp\/v2\/posts"}],"about":[{"href":"https:\/\/catolicanet.net\/wp-cnet\/wp-json\/wp\/v2\/types\/post"}],"author":[{"embeddable":true,"href":"https:\/\/catolicanet.net\/wp-cnet\/wp-json\/wp\/v2\/users\/1"}],"replies":[{"embeddable":true,"href":"https:\/\/catolicanet.net\/wp-cnet\/wp-json\/wp\/v2\/comments?post=89711"}],"version-history":[{"count":1,"href":"https:\/\/catolicanet.net\/wp-cnet\/wp-json\/wp\/v2\/posts\/89711\/revisions"}],"predecessor-version":[{"id":89714,"href":"https:\/\/catolicanet.net\/wp-cnet\/wp-json\/wp\/v2\/posts\/89711\/revisions\/89714"}],"wp:featuredmedia":[{"embeddable":true,"href":"https:\/\/catolicanet.net\/wp-cnet\/wp-json\/wp\/v2\/media\/89712"}],"wp:attachment":[{"href":"https:\/\/catolicanet.net\/wp-cnet\/wp-json\/wp\/v2\/media?parent=89711"}],"wp:term":[{"taxonomy":"category","embeddable":true,"href":"https:\/\/catolicanet.net\/wp-cnet\/wp-json\/wp\/v2\/categories?post=89711"},{"taxonomy":"post_tag","embeddable":true,"href":"https:\/\/catolicanet.net\/wp-cnet\/wp-json\/wp\/v2\/tags?post=89711"}],"curies":[{"name":"wp","href":"https:\/\/api.w.org\/{rel}","templated":true}]}}