{"id":89699,"date":"2024-08-14T10:00:43","date_gmt":"2024-08-14T13:00:43","guid":{"rendered":"https:\/\/catolicanet.net\/wp-cnet\/?p=89699"},"modified":"2024-08-14T16:02:26","modified_gmt":"2024-08-14T19:02:26","slug":"semana-nacional-da-familia-e-celebrada-em-todo-o-brasil-com-motivacao-para-o-encontro-entre-as-familias-da-comunidade","status":"publish","type":"post","link":"https:\/\/catolicanet.net\/wp-cnet\/semana-nacional-da-familia-e-celebrada-em-todo-o-brasil-com-motivacao-para-o-encontro-entre-as-familias-da-comunidade\/","title":{"rendered":"SEMANA NACIONAL DA FAM\u00cdLIA \u00c9 CELEBRADA EM TODO O BRASIL COM MOTIVA\u00c7\u00c3O PARA O ENCONTRO ENTRE AS FAM\u00cdLIAS DA COMUNIDADE"},"content":{"rendered":"<p style=\"text-align: justify;\">Com o tema \u201cFam\u00edlia e amizade\u201d, ocorre nesta segunda semana de agosto a Semana Nacional da Fam\u00edlia. No contexto do M\u00eas Vocacional realizado na Igreja no Brasil, \u00e9 o per\u00edodo dedicado \u00e0 reflex\u00e3o sobre a voca\u00e7\u00e3o ao Matrim\u00f4nio e sobre a vida familiar. V\u00e1rias iniciativas ocorrem pelo Brasil para a celebra\u00e7\u00e3o desse momento.<\/p>\n<p style=\"text-align: justify;\">O bispo de Ponta Grossa (PR) e presidente da Comiss\u00e3o Episcopal para a Vida e a Fam\u00edlia da Confer\u00eancia Nacional dos Bispos do Brasil (CNBB), dom Bruno Elizeu Versari, incentivou o encontro entre as fam\u00edlias.<\/p>\n<blockquote><p>\u201cAonde for poss\u00edvel, organizar um momento de ora\u00e7\u00e3o, talvez ir para a igreja juntos, ir visitar o v\u00f4, a av\u00f3, ir visitar algu\u00e9m que est\u00e1 enfermo, ter um momento de amizade, promover a amizade na fam\u00edlia, promover o encontro\u201d, motivou.<\/p><\/blockquote>\n<p style=\"text-align: justify;\">O bispo tamb\u00e9m indicou o encontro entre as fam\u00edlias da par\u00f3quia, promovendo a amizade das fam\u00edlias, al\u00e9m da realiza\u00e7\u00e3o de momentos celebrativos e tamb\u00e9m voltados para as crian\u00e7as.<\/p>\n<blockquote><p>\u201cDesejo que todas as fam\u00edlias possam fazer uma experi\u00eancia profunda de amizade, especialmente com aqueles que est\u00e3o mais pr\u00f3ximos, para poder viver tamb\u00e9m uma profunda e intensa amizade com Deus\u201d.<\/p><\/blockquote>\n<p style=\"text-align: justify;\">A Comiss\u00e3o Nacional da Pastoral Familiar tem animado a celebra\u00e7\u00e3o da Semana Nacional da Fam\u00edlia com v\u00eddeos divulgados nas redes sociais com reflex\u00f5es feitas por agentes da pastoral sobre os temas abordados nos encontros do subs\u00eddio Hora da Fam\u00edlia deste ano. Outra a\u00e7\u00e3o \u00e9 voltada para a espiritualidade: o casal coordenador do Setor P\u00f3s-Matrimonial da Pastoral Familiar, S\u00edlvio (Binho) e S\u00f4nia Gon\u00e7alves de Almeida, conduzem diariamente a ora\u00e7\u00e3o do Ter\u00e7o da Miseric\u00f3rdia, ao vivo pelo\u00a0<a href=\"https:\/\/www.instagram.com\/pastoralfamiliarcnbb\/\" target=\"_blank\" rel=\"noopener\">perfil @pastoralfamiliar no Instagram<\/a>.<\/p>\n<h3 style=\"text-align: justify;\">Celebra\u00e7\u00f5es pelo Brasil<\/h3>\n<p style=\"text-align: justify;\">No final de semana, o assessor da Comiss\u00e3o Vida e Fam\u00edlia da CNBB, padre Rodolfo Pinho, abriu a Semana Nacional da Fam\u00edlia durante uma missa na par\u00f3quia Santa Filomena, em Santo Ant\u00f4nio da Platina (PR).<\/p>\n<p style=\"text-align: justify;\">Durante a missa, padre Rodolfo ressaltou a import\u00e2ncia da fam\u00edlia para sociedade e a necessidade da ora\u00e7\u00e3o neste ambiente. \u201cA fam\u00edlia \u00e9 um lugar privilegiado de encontro com Cristo e a ora\u00e7\u00e3o nos abre a este momento\u201d, afirmou.<\/p>\n<blockquote><p>\u201cSanta Terezinha nos diz: ora\u00e7\u00e3o \u00e9 di\u00e1logo da alma com Deus! O Papa Francisco diz: ora\u00e7\u00e3o \u00e9 o respiro da f\u00e9! O pr\u00f3prio Jesus nos ensina o modelo de ora\u00e7\u00e3o: Abba pai! Meu paizinho! Devido a nossa insensibilidade espiritual, \u00e9 frequentemente dif\u00edcil deixarmo-nos surpreender por esse Deus que incessantemente nos busca e se aproxima de n\u00f3s de maneira inesperada e surpreendente\u201d destacou.<\/p><\/blockquote>\n<p style=\"text-align: justify;\">Padre Rodolfo Pinho tamb\u00e9m abordou a tem\u00e1tica da fam\u00edlia como igreja dom\u00e9stica. \u201cPara que a fam\u00edlia viva sua voca\u00e7\u00e3o, \u00e9 necess\u00e1rio que ela seja humana! Humana no sentido de viver o amor, o medo, a ternura, a alegria, a tristeza, os projetos, questionamentos, o cansa\u00e7o, a fraqueza, entusiasmo, paix\u00e3o, solidariedade, luta, esperan\u00e7a\u2026\u201d, apontou.<\/p>\n<figure class=\"wp-caption aligncenter\" style=\"text-align: justify;\"><img loading=\"lazy\" decoding=\"async\" src=\"https:\/\/i0.wp.com\/vidaefamilia.org.br\/wp-content\/uploads\/2024\/08\/Padre-Rodolfo.jpeg?fit=1600%2C1066&amp;ssl=1\" alt=\"\" width=\"1600\" height=\"1066\" \/><figcaption class=\"wp-caption-text\">Foto: Par\u00f3quia Santa Filomena\/reprodu\u00e7\u00e3o<\/figcaption><\/figure>\n<p style=\"text-align: justify;\">No Regional Norte 1, que compreende o Norte do Amazonas e Roraima, a coordena\u00e7\u00e3o da Pastoral Familiar realizou uma\u00a0<a href=\"https:\/\/vidaefamilia.org.br\/em-live-coordenacao-do-regional-norte-1-abre-a-semana-nacional-da-familia\/\" target=\"_blank\" rel=\"noopener\">live de abertura da Semana Nacional da Fam\u00edlia<\/a>. O encontro contou com a participa\u00e7\u00e3o do bispo de Coari (AM), dom Marcos Piatek; do bispo de Parintins, dom Jos\u00e9 Albuquerque; do assessor regional, frei Jos\u00e9 Faustino, e o casal coordenador regional, Ronildo e Ros\u00e9.<\/p>\n<p style=\"text-align: justify;\"><img loading=\"lazy\" decoding=\"async\" class=\"alignnone size-full\" src=\"https:\/\/www.vidaefamilia.org.br\/wp-content\/uploads\/2024\/08\/Norte-1-1.jpeg\" alt=\"\u00c0 frente, casal coordenador regional, Ronildo e Ros\u00e9 | Foto: Portal Vida e Fam\u00edlia\/reprodu\u00e7\u00e3o\" width=\"798\" height=\"485\" \/><\/p>\n<p style=\"text-align: justify;\"><a href=\"https:\/\/vidaefamilia.org.br\/dioceses-do-ceara-abertura-semana-nacional-da-familia\/\" target=\"_blank\" rel=\"noopener\">No Regional Nordeste 1<\/a>, que compreende as dioceses do Cear\u00e1, as celebra\u00e7\u00f5es do subs\u00eddio Hora da Fam\u00edlia foram realizadas nas igrejas e em fam\u00edlia por todo o estado. Al\u00e9m da arquidiocese de Fortaleza, as dioceses de Iguatu, Tiangu\u00e1, Itapipoca, Crato, Crate\u00fas, Quixad\u00e1, Sobral e Limoeiro do Norte registraram as a\u00e7\u00f5es realizadas para a abertura da SNF.<\/p>\n<p style=\"text-align: justify;\">Na diocese de Caxias (RS), o bispo diocesano, dom Jos\u00e9 Gislon, divulgou com uma motiva\u00e7\u00e3o e b\u00ean\u00e7\u00e3o para abrir a semana.<\/p>\n<div class=\"ast-oembed-container\" style=\"text-align: justify;\"><iframe loading=\"lazy\" title=\"B\u00ean\u00e7\u00e3o de abertura da Semana Nacional da Fam\u00edlia 2024\" src=\"https:\/\/www.youtube.com\/embed\/_HyZwUPEQM8?feature=oembed\" width=\"1200\" height=\"675\" frameborder=\"0\" allowfullscreen=\"allowfullscreen\" data-mce-fragment=\"1\"><\/iframe><\/div>\n<p style=\"text-align: justify;\">Na\u00a0<a href=\"https:\/\/arquidioceselondrina.com.br\/2024\/08\/13\/caminhada-abre-semana-nacional-da-familia-na-arquidiocese\/\" target=\"_blank\" rel=\"noopener\">arquidiocese de Londrina (PR)<\/a>, uma caminhada deu in\u00edcio \u00e0s atividades, sendo conclu\u00edda com a missa na catedral metropolitana.<\/p>\n<figure class=\"wp-caption alignleft\" style=\"text-align: justify;\"><img loading=\"lazy\" decoding=\"async\" class=\"\" src=\"https:\/\/cdn.diocesedeitapetininga.org.br\/wp-content\/uploads\/2024\/08\/familia4-e1723575462135-300x277.jpeg\" alt=\"Foto: Diocese de Itapetininga\" width=\"272\" height=\"251\" \/><figcaption class=\"wp-caption-text\">Foto: Diocese de Itapetininga<\/figcaption><\/figure>\n<p style=\"text-align: justify;\">Tamb\u00e9m houve caminhada em Itapetininga (SP). Na sexta edi\u00e7\u00e3o do evento, o trajeto foi da par\u00f3quia Nossa Senhora das Estrelas at\u00e9 a catedral Nossa Senhora dos Prazeres, com a b\u00ean\u00e7\u00e3o do bispo diocesano, dom Gorg\u00f4nio Alves da Encarna\u00e7\u00e3o Neto, para as fam\u00edlias.<\/p>\n<p style=\"text-align: justify;\">Em\u00a0<a title=\"\" href=\"https:\/\/youtu.be\/2as2XwaNrsQ\" target=\"_blank\" rel=\"noopener\" data-rel=\"lightbox-video-0\">Mogi das Cruzes (SP),<\/a>\u00a0a abertura foi marcada por uma missa na Catedral Sant\u2019Ana, presidida pelo bispo diocesano, dom Pedro Luiz Stringhini, no dia 11 de agosto.<\/p>\n<p style=\"text-align: justify;\">Na\u00a0<a href=\"https:\/\/arquidiocesepb.org.br\/registros-2-caminhada-pelas-familias-de-bayeux\/\" target=\"_blank\" rel=\"noopener\">arquidiocese da Para\u00edba<\/a>, o in\u00edcio da Semana Nacional da Fam\u00edlia foi marcado pela missa presidida pelo arcebispo local, dom Manoel Delson, na catedral Bas\u00edlica Nossa Senhora das Neves, e pela Caminhada pelas Fam\u00edlias de Bayeux. O evento reuniu milhares de fi\u00e9is de cinco par\u00f3quias.<\/p>\n<figure class=\"wp-caption aligncenter\" style=\"text-align: justify;\"><img loading=\"lazy\" decoding=\"async\" src=\"https:\/\/arquidiocesepb.org.br\/wp-content\/uploads\/2024\/08\/20240810_172759-scaled.jpg\" alt=\"Foto: arquidiocese da Para\u00edba\" width=\"2560\" height=\"1920\" \/><figcaption class=\"wp-caption-text\">Foto: arquidiocese da Para\u00edba<\/figcaption><\/figure>\n<pre>Por Luiz Lopes Jr., com informa\u00e7\u00f5es do Portal Vida e Fam\u00edlia<\/pre>\n","protected":false},"excerpt":{"rendered":"<p>Com o tema \u201cFam\u00edlia e amizade\u201d, ocorre nesta segunda semana de agosto a Semana Nacional da Fam\u00edlia. No contexto do M\u00eas Vocacional realizado na Igreja no Brasil, \u00e9 o per\u00edodo dedicado \u00e0 reflex\u00e3o sobre a voca\u00e7\u00e3o ao Matrim\u00f4nio e sobre a vida familiar. V\u00e1rias iniciativas ocorrem pelo Brasil para a celebra\u00e7\u00e3o desse momento. O bispo [&hellip;]<\/p>\n","protected":false},"author":1,"featured_media":89700,"comment_status":"open","ping_status":"closed","sticky":false,"template":"","format":"standard","meta":{"footnotes":""},"categories":[7],"tags":[],"class_list":["post-89699","post","type-post","status-publish","format-standard","has-post-thumbnail","hentry","category-cnbb"],"_links":{"self":[{"href":"https:\/\/catolicanet.net\/wp-cnet\/wp-json\/wp\/v2\/posts\/89699","targetHints":{"allow":["GET"]}}],"collection":[{"href":"https:\/\/catolicanet.net\/wp-cnet\/wp-json\/wp\/v2\/posts"}],"about":[{"href":"https:\/\/catolicanet.net\/wp-cnet\/wp-json\/wp\/v2\/types\/post"}],"author":[{"embeddable":true,"href":"https:\/\/catolicanet.net\/wp-cnet\/wp-json\/wp\/v2\/users\/1"}],"replies":[{"embeddable":true,"href":"https:\/\/catolicanet.net\/wp-cnet\/wp-json\/wp\/v2\/comments?post=89699"}],"version-history":[{"count":1,"href":"https:\/\/catolicanet.net\/wp-cnet\/wp-json\/wp\/v2\/posts\/89699\/revisions"}],"predecessor-version":[{"id":89702,"href":"https:\/\/catolicanet.net\/wp-cnet\/wp-json\/wp\/v2\/posts\/89699\/revisions\/89702"}],"wp:featuredmedia":[{"embeddable":true,"href":"https:\/\/catolicanet.net\/wp-cnet\/wp-json\/wp\/v2\/media\/89700"}],"wp:attachment":[{"href":"https:\/\/catolicanet.net\/wp-cnet\/wp-json\/wp\/v2\/media?parent=89699"}],"wp:term":[{"taxonomy":"category","embeddable":true,"href":"https:\/\/catolicanet.net\/wp-cnet\/wp-json\/wp\/v2\/categories?post=89699"},{"taxonomy":"post_tag","embeddable":true,"href":"https:\/\/catolicanet.net\/wp-cnet\/wp-json\/wp\/v2\/tags?post=89699"}],"curies":[{"name":"wp","href":"https:\/\/api.w.org\/{rel}","templated":true}]}}