{"id":89690,"date":"2024-08-14T08:47:45","date_gmt":"2024-08-14T11:47:45","guid":{"rendered":"https:\/\/catolicanet.net\/wp-cnet\/?p=89690"},"modified":"2024-08-14T15:52:36","modified_gmt":"2024-08-14T18:52:36","slug":"olimpiadas-o-melhor-ainda-esta-por-vir","status":"publish","type":"post","link":"https:\/\/catolicanet.net\/wp-cnet\/olimpiadas-o-melhor-ainda-esta-por-vir\/","title":{"rendered":"Olimp\u00edadas: o melhor ainda est\u00e1 por vir"},"content":{"rendered":"<div class=\"article__subTitle\" style=\"text-align: justify;\">Ap\u00f3s o encerramento dos Jogos de Paris no \u00faltimo domingo (11\/08), a expectativa \u00e9 para in\u00edcio das Paralimp\u00edadas que ser\u00e3o realizadas na mesma sede, na capital francesa, de 28 de agosto a 8 de setembro.<\/div>\n<div class=\"title__separator\" style=\"text-align: justify;\"><\/div>\n<div class=\"article__text\">\n<div style=\"text-align: justify;\">\n<div class=\"article__embed article__embed--unwrap article__embed--dark\">\n<div class=\"article__innerTitle\">Ou\u00e7a a reportagem e compartilhe<\/div>\n<\/div>\n<\/div>\n<\/div>\n<div>\n<audio class=\"wp-audio-shortcode\" id=\"audio-89690-1\" preload=\"none\" style=\"width: 100%;\" controls=\"controls\"><source type=\"audio\/mpeg\" src=\"https:\/\/media.vaticannews.va\/media\/audio\/s1\/2024\/08\/14\/11\/138210600_F138210600.mp3?_=1\" \/><a href=\"https:\/\/media.vaticannews.va\/media\/audio\/s1\/2024\/08\/14\/11\/138210600_F138210600.mp3\">https:\/\/media.vaticannews.va\/media\/audio\/s1\/2024\/08\/14\/11\/138210600_F138210600.mp3<\/a><\/audio>\n<\/div>\n<div><\/div>\n<div class=\"article__text\">\n<p style=\"text-align: justify;\"><b>Giampaolo Mattei &#8211; L&#8217;Osservatore Romano<\/b><\/p>\n<p style=\"text-align: justify;\">Nenhuma tr\u00e9gua ol\u00edmpica. A proposta de paz, tamb\u00e9m apoiada pelo Papa Francisco, continua sem ser ouvida: as guerras continuam, se intensificam diante dos olhos do mundo ou s\u00e3o &#8220;esquecidas&#8221;. As Olimp\u00edadas, que terminaram na noite de domingo, 11 de agosto, em Paris (com um encontro marcado para Los Angeles em 2028), n\u00e3o pretendem acabar com os conflitos, mas relan\u00e7am uma cultura de paz. Com uma linguagem popular de fraternidade que todos podem entender.<\/p>\n<p style=\"text-align: justify;\">Para ser justo, os Jogos Ol\u00edmpicos de Paris ainda n\u00e3o terminaram. H\u00e1 uma pausa &#8220;t\u00e9cnica&#8221; (um pouco como entre o primeiro e o segundo tempo de uma partida de futebol) e, na quarta-feira, 28 de agosto, ser\u00e3o retomados com os Jogos Paral\u00edmpicos. Esse mesmo sufixo grego &#8211;\u00a0<i>para<\/i>\u00a0&#8211; que indica que &#8220;\u00e9 a mesma coisa&#8221;, com uma modula\u00e7\u00e3o diferente. Mas certamente n\u00e3o s\u00e3o competi\u00e7\u00f5es de segunda categoria porque os atletas s\u00e3o &#8220;deficientes&#8221;. Pelo contr\u00e1rio&#8230; o melhor ainda est\u00e1 por vir.<\/p>\n<p style=\"text-align: justify;\">Na verdade, os Jogos em Paris ir\u00e3o terminar no domingo, 8 de setembro, exatamente com o fim das Paralimp\u00edadas. Melhor ainda: ir\u00e3o terminar no domingo, 15 de setembro, com o fim do per\u00edodo de tr\u00e9gua ol\u00edmpica. O bast\u00e3o ser\u00e1 passado para a It\u00e1lia, que sediar\u00e1 os Jogos Ol\u00edmpicos e Paral\u00edmpicos de Inverno entre Mil\u00e3o e Cortina, de 6 a 22 de fevereiro de 2026. E esses jogos esportivos tamb\u00e9m ser\u00e3o uma oportunidade para a paz, com a proposta tenaz de uma nova tr\u00e9gua.<\/p>\n<\/div>\n","protected":false},"excerpt":{"rendered":"<p>Ap\u00f3s o encerramento dos Jogos de Paris no \u00faltimo domingo (11\/08), a expectativa \u00e9 para in\u00edcio das Paralimp\u00edadas que ser\u00e3o realizadas na mesma sede, na capital francesa, de 28 de agosto a 8 de setembro. Ou\u00e7a a reportagem e compartilhe Giampaolo Mattei &#8211; L&#8217;Osservatore Romano Nenhuma tr\u00e9gua ol\u00edmpica. A proposta de paz, tamb\u00e9m apoiada pelo [&hellip;]<\/p>\n","protected":false},"author":1,"featured_media":89691,"comment_status":"open","ping_status":"closed","sticky":false,"template":"","format":"standard","meta":{"footnotes":""},"categories":[3],"tags":[],"class_list":["post-89690","post","type-post","status-publish","format-standard","has-post-thumbnail","hentry","category-vaticano"],"_links":{"self":[{"href":"https:\/\/catolicanet.net\/wp-cnet\/wp-json\/wp\/v2\/posts\/89690","targetHints":{"allow":["GET"]}}],"collection":[{"href":"https:\/\/catolicanet.net\/wp-cnet\/wp-json\/wp\/v2\/posts"}],"about":[{"href":"https:\/\/catolicanet.net\/wp-cnet\/wp-json\/wp\/v2\/types\/post"}],"author":[{"embeddable":true,"href":"https:\/\/catolicanet.net\/wp-cnet\/wp-json\/wp\/v2\/users\/1"}],"replies":[{"embeddable":true,"href":"https:\/\/catolicanet.net\/wp-cnet\/wp-json\/wp\/v2\/comments?post=89690"}],"version-history":[{"count":1,"href":"https:\/\/catolicanet.net\/wp-cnet\/wp-json\/wp\/v2\/posts\/89690\/revisions"}],"predecessor-version":[{"id":89693,"href":"https:\/\/catolicanet.net\/wp-cnet\/wp-json\/wp\/v2\/posts\/89690\/revisions\/89693"}],"wp:featuredmedia":[{"embeddable":true,"href":"https:\/\/catolicanet.net\/wp-cnet\/wp-json\/wp\/v2\/media\/89691"}],"wp:attachment":[{"href":"https:\/\/catolicanet.net\/wp-cnet\/wp-json\/wp\/v2\/media?parent=89690"}],"wp:term":[{"taxonomy":"category","embeddable":true,"href":"https:\/\/catolicanet.net\/wp-cnet\/wp-json\/wp\/v2\/categories?post=89690"},{"taxonomy":"post_tag","embeddable":true,"href":"https:\/\/catolicanet.net\/wp-cnet\/wp-json\/wp\/v2\/tags?post=89690"}],"curies":[{"name":"wp","href":"https:\/\/api.w.org\/{rel}","templated":true}]}}