{"id":89664,"date":"2024-08-11T09:22:34","date_gmt":"2024-08-11T12:22:34","guid":{"rendered":"https:\/\/catolicanet.net\/wp-cnet\/?p=89664"},"modified":"2024-08-12T12:24:19","modified_gmt":"2024-08-12T15:24:19","slug":"19o-domingo-do-tempo-comum-jo-6-41-51","status":"publish","type":"post","link":"https:\/\/catolicanet.net\/wp-cnet\/19o-domingo-do-tempo-comum-jo-6-41-51\/","title":{"rendered":"19\u00ba Domingo do Tempo Comum Jo. 6, 41-51."},"content":{"rendered":"<p style=\"text-align: justify;\">Texto iluminador<em>: Ent\u00e3o, os judeus come\u00e7aram a murmurar contra Jesus, porque Ele dissera: \u201cEu sou o p\u00e3o que desceu do c\u00e9u\u201d. Diziam ainda: \u201ceste n\u00e3o \u00e9 Jesus o filho de Jos\u00e9? N\u00e3o conhecemos n\u00f3s, o seu pai e sua m\u00e3e? Como pode ter ent\u00e3o, ter descido do c\u00e9u? Jesus respondeu: n\u00e3o murmureis entre v\u00f3s. Ningu\u00e9m pode vir a mim se o Pai que me enviou n\u00e3o o atrair. (<strong>Jo 6, 41-44<\/strong>).<\/em><em>\u00a0<\/em><\/p>\n<p style=\"text-align: justify;\">1 \u2013 A evangeliza\u00e7\u00e3o nunca foi f\u00e1cil: tanto o povo da antiga alian\u00e7a, tanto da nova o comprovam. Contudo, sem audi\u00e7\u00e3o da palavra, n\u00e3o existe f\u00e9, e sem esta n\u00e3o h\u00e1 salva\u00e7\u00e3o, pois o justo vive da f\u00e9. (Rm 1, 17 e Hb 10, 38). Foi assim, que o povo do antigo testamento murmurou, o que no tempo de Jesus resultou em verdadeira crise, ou seja, em afastamento de alguns disc\u00edpulos. No entanto, o Povo de Deus, n\u00e3o pode viver de murmura\u00e7\u00f5es e crises, mas de F\u00e9, amor, justi\u00e7a e perseveran\u00e7a, o que, no entanto, n\u00e3o acontece, sem constante convers\u00e3o.<\/p>\n<p style=\"text-align: justify;\">2 \u2013 Ao povo da antiga lei, o Senhor atrav\u00e9s de Mois\u00e9s, prometeu o man\u00e1, contudo o povo da nova e eterna alian\u00e7a n\u00e3o precisa somente do man\u00e1, o p\u00e3o para o corpo, mas tamb\u00e9m do p\u00e3o da Palavra de Deus e do p\u00e3o Eucar\u00edstico. Este, Jesus o prometeu e o deu. Mas, at\u00e9 que ponto, ouvimos hoje a Cristo, e o recebemos na Eucaristia? O evangelho deixa claro, que ningu\u00e9m entende tudo isso e se aproxima de Dele (de Cristo), sem que o Pai o atra\u00eda. De fato, sem a gra\u00e7a de Deus, n\u00e3o h\u00e1 salva\u00e7\u00e3o e sem o p\u00e3o do c\u00e9u- que \u00e9 Jesus Cristo mesmo- tamb\u00e9m n\u00e3o. N\u00f3s pensamos assim?<\/p>\n<p style=\"text-align: justify;\">3 \u2013 Muitos irm\u00e3os, de outras denomina\u00e7\u00f5es crist\u00e3s, n\u00e3o admitem a Eucaristia, como sacramento: seria algo t\u00e3o somente simb\u00f3lico. N\u00f3s os respeitamos, mas n\u00e3o podemos, nem queremos pensar assim. Tanto Joao, 6,41-65, quanto Paulo cor\u00edntios 11, 23-30) falam com realismo da Eucaristia como nosso alimento de peregrinos. \u00c9 nosso vi\u00e1tico. N\u00e3o sou muito de apelar para milagres, para comprovar verdades da f\u00e9, (\u2026) mas estes (os eucar\u00edsticos) s\u00e3o inequivocamente existentes para comprova-las. At\u00e9 \u00e0 NASA j\u00e1 se recorreu. O exame cient\u00edfico foi, positivamente, contundente. At\u00e9 ateus ficaram ent\u00e3o, profundamente embasbacados. Jesus n\u00e3o mente. No entanto exige f\u00e9: sem f\u00e9 \u00e9 imposs\u00edvel agradar a Deus. (Hebreus 11,6).<\/p>\n","protected":false},"excerpt":{"rendered":"<p>Texto iluminador: Ent\u00e3o, os judeus come\u00e7aram a murmurar contra Jesus, porque Ele dissera: \u201cEu sou o p\u00e3o que desceu do c\u00e9u\u201d. Diziam ainda: \u201ceste n\u00e3o \u00e9 Jesus o filho de Jos\u00e9? N\u00e3o conhecemos n\u00f3s, o seu pai e sua m\u00e3e? Como pode ter ent\u00e3o, ter descido do c\u00e9u? Jesus respondeu: n\u00e3o murmureis entre v\u00f3s. Ningu\u00e9m [&hellip;]<\/p>\n","protected":false},"author":119,"featured_media":77698,"comment_status":"open","ping_status":"closed","sticky":false,"template":"","format":"standard","meta":{"footnotes":""},"categories":[9],"tags":[],"class_list":["post-89664","post","type-post","status-publish","format-standard","has-post-thumbnail","hentry","category-artigos"],"_links":{"self":[{"href":"https:\/\/catolicanet.net\/wp-cnet\/wp-json\/wp\/v2\/posts\/89664","targetHints":{"allow":["GET"]}}],"collection":[{"href":"https:\/\/catolicanet.net\/wp-cnet\/wp-json\/wp\/v2\/posts"}],"about":[{"href":"https:\/\/catolicanet.net\/wp-cnet\/wp-json\/wp\/v2\/types\/post"}],"author":[{"embeddable":true,"href":"https:\/\/catolicanet.net\/wp-cnet\/wp-json\/wp\/v2\/users\/119"}],"replies":[{"embeddable":true,"href":"https:\/\/catolicanet.net\/wp-cnet\/wp-json\/wp\/v2\/comments?post=89664"}],"version-history":[{"count":1,"href":"https:\/\/catolicanet.net\/wp-cnet\/wp-json\/wp\/v2\/posts\/89664\/revisions"}],"predecessor-version":[{"id":89666,"href":"https:\/\/catolicanet.net\/wp-cnet\/wp-json\/wp\/v2\/posts\/89664\/revisions\/89666"}],"wp:featuredmedia":[{"embeddable":true,"href":"https:\/\/catolicanet.net\/wp-cnet\/wp-json\/wp\/v2\/media\/77698"}],"wp:attachment":[{"href":"https:\/\/catolicanet.net\/wp-cnet\/wp-json\/wp\/v2\/media?parent=89664"}],"wp:term":[{"taxonomy":"category","embeddable":true,"href":"https:\/\/catolicanet.net\/wp-cnet\/wp-json\/wp\/v2\/categories?post=89664"},{"taxonomy":"post_tag","embeddable":true,"href":"https:\/\/catolicanet.net\/wp-cnet\/wp-json\/wp\/v2\/tags?post=89664"}],"curies":[{"name":"wp","href":"https:\/\/api.w.org\/{rel}","templated":true}]}}