{"id":89650,"date":"2024-08-11T09:15:34","date_gmt":"2024-08-11T12:15:34","guid":{"rendered":"https:\/\/catolicanet.net\/wp-cnet\/?p=89650"},"modified":"2024-08-12T12:16:36","modified_gmt":"2024-08-12T15:16:36","slug":"dia-dos-pais-8","status":"publish","type":"post","link":"https:\/\/catolicanet.net\/wp-cnet\/dia-dos-pais-8\/","title":{"rendered":"Dia dos Pais"},"content":{"rendered":"<p style=\"text-align: justify;\">No segundo domingo de agosto, dia 11, comemoramos aqui no Brasil o Dia dos Pais. \u00c9 claro que sabemos que o Dia dos Pais \u00e9 todos os dias e n\u00e3o somente no segundo domingo de agosto, a exemplo do Dia das M\u00e3es que n\u00e3o \u00e9 somente no segundo domingo de maio, mas todos os dias do ano.<\/p>\n<p style=\"text-align: justify;\">Essas s\u00e3o datas comerciais, mas j\u00e1 que est\u00e3o no calend\u00e1rio aproveitemos da melhor forma. Aproveite essa data para estar com seu pai, almo\u00e7ar com ele, se ele mora longe fa\u00e7a um telefonema, o importante \u00e9 lembrar da data. Caso seu papai j\u00e1 tenha falecido, reze por ele na missa, por seu descanso eterno e que ele esteja intercedendo por voc\u00ea e por sua fam\u00edlia. Tenho recomendado que todos os fi\u00e9is marquem missas em sufr\u00e1gios de seus pais falecidos.<\/p>\n<p style=\"text-align: justify;\">A Igreja aproveita essas datas comerciais para torn\u00e1-las especiais e celebr\u00e1-las com grande alegria. N\u00f3s damos um sentido religioso e espiritual para o dom da paternidade. O Dia das M\u00e3es ocorre em um m\u00eas muito especial para a Igreja, que \u00e9 o m\u00eas Mariano, com diversas festas dedicadas a Nossa Senhora e, ao recordarmos a nossa m\u00e3e da terra, pedimos a intercess\u00e3o da nossa M\u00e3e do c\u00e9u. No Dia dos Av\u00f3s e Idosos, a Igreja recorda Sant\u2019Ana e S\u00e3o Joaquim e, h\u00e1 quatro anos, o Papa Francisco instituiu no \u00faltimo domingo de julho o Dia Mundial dos Av\u00f3s e da Pessoa Idosa. E a partir da celebra\u00e7\u00e3o do Dia dos Pais, a Igreja celebra a Semana Nacional da Fam\u00edlia que vai at\u00e9 o s\u00e1bado seguinte \u00e0 tarde. Dessa forma, a Igreja recorda a import\u00e2ncia da voca\u00e7\u00e3o a paternidade, j\u00e1 que o m\u00eas de agosto \u00e9 o m\u00eas vocacional.<\/p>\n<p style=\"text-align: justify;\">A Igreja tem um carinho especial pelas fam\u00edlias, como j\u00e1 dizia o saudoso Papa S\u00e3o Jo\u00e3o Paulo II, a fam\u00edlia \u00e9 a Igreja Dom\u00e9stica. Fam\u00edlia que reza unida permanece unida, \u00e9 bonito ver uma fam\u00edlia inteira reunida na Igreja para participar da Santa Missa. O bom exemplo que os pais transmitem para os filhos em casa eles levar\u00e3o para a vida. \u00c9 preciso resgatar em nossas par\u00f3quias a Pastoral Familiar.<\/p>\n<p style=\"text-align: justify;\">O matrim\u00f4nio \u00e9 um sacramento indissol\u00favel, ou seja, para a vida inteira, uma vez casados somente a morte pode separar. \u00c9 claro, que vir\u00e3o os momentos de dificuldades e as brigas corriqueiras de todo casal, mas devem superar tudo isso perdoando um ao outro no amor. A paternidade a exemplo de qualquer outra voca\u00e7\u00e3o \u00e9 um chamado de Deus e cabe a cada um responder esse chamado atrav\u00e9s da ora\u00e7\u00e3o. Por isso, a paternidade \u00e9 uma coisa s\u00e9ria, e do mesmo modo que qualquer outra voca\u00e7\u00e3o \u00e9 preciso estar disposto e preparado antes de assumi-la.<\/p>\n<p style=\"text-align: justify;\">Ao olharmos para uma fam\u00edlia recordemos da Sagrada Fam\u00edlia de Nazar\u00e9, a figura do Pai podemos remeter a S\u00e3o Jos\u00e9, pois \u00e9 o chefe daquela fam\u00edlia. A m\u00e3e podemos comparar com Nossa Senhora, aquela que guarda a f\u00e9 da fam\u00edlia e cuida da educa\u00e7\u00e3o dos filhos, e os filhos a exemplo do Menino Jesus devem crescer em Sabedoria, estatura e gra\u00e7a diante de Deus e dos homens. Inclusive o Dia dos Pais em alguns locais \u00e9 celebrado no dia de S\u00e3o Jos\u00e9, em 19 de mar\u00e7o, patrono das fam\u00edlias e da Igreja universal.<\/p>\n<p style=\"text-align: justify;\">Os filhos devem respeitar os seus pais at\u00e9 a velhice, como diz o quarto mandamento da lei de Deus: <em>\u201cHonrar Pai e m\u00e3e\u201d. <\/em>Muitas vezes quando os filhos ficam adultos acham que n\u00e3o precisam mais dos pais e os colocam em casa de repouso ou os abandonam, e esquecem quem sempre cuidou deles. Os filhos devem amar e cuidar dos seus pais at\u00e9 a hora da morte, pois, depois que perder v\u00e3o sentir falta, e ainda v\u00e3o querer ser tratados da mesma forma atrav\u00e9s dos filhos que ter\u00e3o.<\/p>\n<p style=\"text-align: justify;\">Portanto, temos que olhar o Dia dos Pais de uma outra maneira, n\u00e3o com o vi\u00e9s publicit\u00e1rio e comercial, mas com o olhar da f\u00e9, agradecer por ter o nosso pai conosco e para quem j\u00e1 tem o papai falecido, agradecer por ter tido a oportunidade de ter tido um pai. Para aqueles que desejam abra\u00e7ar a voca\u00e7\u00e3o paterna, esse dia deve servir como reflex\u00e3o e atrav\u00e9s dos exemplos que vem da Sagrada Escritura procurar ser um bom pai no futuro. A principal miss\u00e3o do papai e da mam\u00e3e \u00e9 transmitir o tesouro da f\u00e9 cat\u00f3lica aos seus filhos, netos e bisnetos.<\/p>\n<p style=\"text-align: justify;\">Pai n\u00e3o \u00e9 s\u00f3 aquele que carrega nos bra\u00e7os e ajuda nas horas dif\u00edceis, mas, tamb\u00e9m o que aponta as dire\u00e7\u00f5es certas que conduzem aos bons caminhos. O pai muitas vezes \u00e9 o conselheiro, aquele que tira as d\u00favidas dos filhos e motiva os filhos a seguirem o caminho certo. O pai deve ser antes de tudo amigo de seus filhos e deve estar presente na vida dele em todos os momentos, e os filhos devem ver o seu pai como amigo e n\u00e3o apenas como aquele que d\u00e1 bronca, ou inimigo.<\/p>\n<p style=\"text-align: justify;\">Quero, de maneira fraterna, aben\u00e7oar a todos os pais neste dia santo de 2024. Deus necessita muito de seu testemunho! Neste Dia dos Pais agrade\u00e7a a presen\u00e7a paterna que voc\u00ea tem em sua vida e fa\u00e7a o poss\u00edvel para estar com eles nesse dia. Que a Sagrada Fam\u00edlia de Nazar\u00e9 seja exemplo para todas as fam\u00edlias e que os pais sigam o exemplo de S\u00e3o Jos\u00e9!<\/p>\n","protected":false},"excerpt":{"rendered":"<p>No segundo domingo de agosto, dia 11, comemoramos aqui no Brasil o Dia dos Pais. \u00c9 claro que sabemos que o Dia dos Pais \u00e9 todos os dias e n\u00e3o somente no segundo domingo de agosto, a exemplo do Dia das M\u00e3es que n\u00e3o \u00e9 somente no segundo domingo de maio, mas todos os dias [&hellip;]<\/p>\n","protected":false},"author":5,"featured_media":55819,"comment_status":"open","ping_status":"closed","sticky":false,"template":"","format":"standard","meta":{"footnotes":""},"categories":[9],"tags":[],"class_list":["post-89650","post","type-post","status-publish","format-standard","has-post-thumbnail","hentry","category-artigos"],"_links":{"self":[{"href":"https:\/\/catolicanet.net\/wp-cnet\/wp-json\/wp\/v2\/posts\/89650","targetHints":{"allow":["GET"]}}],"collection":[{"href":"https:\/\/catolicanet.net\/wp-cnet\/wp-json\/wp\/v2\/posts"}],"about":[{"href":"https:\/\/catolicanet.net\/wp-cnet\/wp-json\/wp\/v2\/types\/post"}],"author":[{"embeddable":true,"href":"https:\/\/catolicanet.net\/wp-cnet\/wp-json\/wp\/v2\/users\/5"}],"replies":[{"embeddable":true,"href":"https:\/\/catolicanet.net\/wp-cnet\/wp-json\/wp\/v2\/comments?post=89650"}],"version-history":[{"count":1,"href":"https:\/\/catolicanet.net\/wp-cnet\/wp-json\/wp\/v2\/posts\/89650\/revisions"}],"predecessor-version":[{"id":89652,"href":"https:\/\/catolicanet.net\/wp-cnet\/wp-json\/wp\/v2\/posts\/89650\/revisions\/89652"}],"wp:featuredmedia":[{"embeddable":true,"href":"https:\/\/catolicanet.net\/wp-cnet\/wp-json\/wp\/v2\/media\/55819"}],"wp:attachment":[{"href":"https:\/\/catolicanet.net\/wp-cnet\/wp-json\/wp\/v2\/media?parent=89650"}],"wp:term":[{"taxonomy":"category","embeddable":true,"href":"https:\/\/catolicanet.net\/wp-cnet\/wp-json\/wp\/v2\/categories?post=89650"},{"taxonomy":"post_tag","embeddable":true,"href":"https:\/\/catolicanet.net\/wp-cnet\/wp-json\/wp\/v2\/tags?post=89650"}],"curies":[{"name":"wp","href":"https:\/\/api.w.org\/{rel}","templated":true}]}}