{"id":89641,"date":"2024-08-11T09:10:09","date_gmt":"2024-08-11T12:10:09","guid":{"rendered":"https:\/\/catolicanet.net\/wp-cnet\/?p=89641"},"modified":"2024-08-12T12:11:18","modified_gmt":"2024-08-12T15:11:18","slug":"xix-domingo-do-tempo-comum-4","status":"publish","type":"post","link":"https:\/\/catolicanet.net\/wp-cnet\/xix-domingo-do-tempo-comum-4\/","title":{"rendered":"XIX Domingo do Tempo Comum"},"content":{"rendered":"<p style=\"text-align: justify;\">Estamos celebrando o XIX Domingo do Tempo Comum. Temos tamb\u00e9m a alegria de celebramos o dia dos pais. A Liturgia da Palavra deste Domingo ainda est\u00e1 ligada ao Evangelho da multiplica\u00e7\u00e3o dos p\u00e3es. Jesus chama a aten\u00e7\u00e3o porque os judeus n\u00e3o quiseram compreender o sinal da multiplica\u00e7\u00e3o. Claramente, ele afirma: \u201cEu sou o p\u00e3o que desceu do c\u00e9u! Quem dele comer, nunca morrer\u00e1!\u201d.<\/p>\n<p style=\"text-align: justify;\">A primeira leitura \u2013 1Reis 19, 4-8 \u2013 Elias era um grande profeta. Havia enfrentado 400 sacerdotes de Baal, mas a rainha queria tirar-lhe a vida vingando os sacerdotes e Elias teve medo e fugiu para o deserto rogando a Deus que lhe tirasse a vida, pois, n\u00e3o era melhor que seus pais! Mas Deus tinha uma nova miss\u00e3o para o profeta\u2026 mandou um anjo despert\u00e1-lo, e preparou-lhe um p\u00e3o para comer e \u00e1gua para beber. Bebeu e voltou a dormir! Mas o anjo o desperta novamente e mandou caminhar at\u00e9 a montanha de Deus para uma conversa com o Senhor. Desta vez, o profeta obedeceu e caminhou por quarenta dias at\u00e9 chegar na montanha sagrada, onde Deus o revestiu de nova miss\u00e3o. Deus n\u00e3o desiste de seus planos\u2026 e Elias partiu para a nova miss\u00e3o.<\/p>\n<p style=\"text-align: justify;\">A vida lhe parece dura, amarga, sem sentido. Cansado, ele se rende e pede a morte: \u201cAgora basta, Senhor! Tira a minha vida, pois n\u00e3o sou melhor que meus pais&#8230; Cansei! Quero morrer!\u201d Quantas vezes somos como Elias, quantas vezes a exist\u00eancia nos pesa, o sentido da vida parece se nos esconder, quantas vezes parece que apenas sobrevivemos, mas n\u00e3o temos ideia para onde vai o caminho&#8230; O desengano do profeta \u00e9 t\u00e3o profundo que ele, deprimido, cai no sono. E o Senhor envia-lhe um anjo: \u201cLevanta-te e come!\u2019 E ele viu junto \u00e0 sua cabe\u00e7a um p\u00e3o assado&#8230; \u2018Ainda tens um longo caminho a percorrer\u201d. Elias levantou-se, comeu e bebeu e, com a for\u00e7a desse alimento, andou quarenta dias e quarenta noites, at\u00e9 chegar ao Horeb, o monte de Deus\u201d Car\u00edssimos, tamb\u00e9m n\u00f3s estamos a caminho, tamb\u00e9m n\u00f3s precisamos de um p\u00e3o como o de Elias.<\/p>\n<p style=\"text-align: justify;\">Na segunda leitura \u2013 Ef 4,30-5,2 \u2013 nos mostra as indica\u00e7\u00f5es para uma vida renovada. Primeiramente, n\u00e3o contristar o Esp\u00edrito Santo, com o qual Deus selou os ef\u00e9sios para a salva\u00e7\u00e3o definitiva (v. 30) Dessa maneira, devem desaparecer das rela\u00e7\u00f5es entre os irm\u00e3os e irm\u00e3s as amarguras, irrita\u00e7\u00f5es, c\u00f3leras e toda esp\u00e9cie de maldade, pois a a\u00e7\u00e3o do Esp\u00edrito de Cristo deve levar a novos comportamentos. Os fi\u00e9is devem ser bons uns com os outros, compassivos, perdoar a quem precisa, imitar a Deus, enfim, amar como Cristo, ofertando a pr\u00f3pria vida como sacrif\u00edcio e obla\u00e7\u00e3o.<\/p>\n<p style=\"text-align: justify;\">O trecho do Evangelho deste dia (Jo 6,41-51) se inicia com a \u201cmurmura\u00e7\u00e3o\u201d dos judeus (v. 41), porque Jesus se proclama um p\u00e3o descido do c\u00e9u. O agir deles lembra as reclama\u00e7\u00f5es por alimento na sa\u00edda do Egito (Ex 16,2). Tal atitude \u00e9 considerada, na tradi\u00e7\u00e3o judaica, como falta de f\u00e9. Portanto, temos uma oposi\u00e7\u00e3o desses interlocutores contra Jesus, por causa da identidade dele. Eles pensam apenas na origem humana: \u201cEste n\u00e3o \u00e9 Jesus, o filho de Jos\u00e9? N\u00e3o conhecemos seu pai e sua m\u00e3e?\u201d (v. 42). Esse p\u00e3o o Senhor nos d\u00e1, esse p\u00e3o \u00e9 o pr\u00f3prio Cristo, que hoje nos diz: \u201cEu sou o p\u00e3o da vossa vida!\u201d Infelizmente para n\u00f3s, car\u00edssimos, nos iludimos, procurando saciar nossa fome de vida com coisas que n\u00e3o alimentam o cora\u00e7\u00e3o.<\/p>\n<p style=\"text-align: justify;\">O Senhor revela: \u201cO p\u00e3o que eu darei \u00e9 a minha carne para a vida do mundo!\u201d Aqui, o Senhor est\u00e1 falando claramente da Eucaristia: \u201cEu sou o p\u00e3o da vossa vida, eu vos alimento de vida e de sentido de viver; e eu fico entre v\u00f3s, fico convosco, alimento-vos de um modo que n\u00e3o esper\u00e1veis: minha uni\u00e3o convosco \u00e9 total, absoluta: eu vos dou verdadeiramente minha carne, meu corpo morto e ressuscitado, como vida da vossa vida!\u201d N\u00e3o pode haver maior dom, maior intimidade, mais revigorante alimento!<\/p>\n<p style=\"text-align: justify;\">A Eucaristia, comunh\u00e3o no sant\u00edssimo Corpo do Senhor, n\u00e3o somente \u00e9 alimento para o nosso caminho, n\u00e3o somente a sustento da nossa vida, n\u00e3o somente \u00e9 penhor de vida eterna, como tamb\u00e9m nos faz ser um s\u00f3 corpo em Cristo. Neste dia em que celebramos os Dia dos Pais, pe\u00e7amos a S\u00e3o Jos\u00e9 que ilumine a cada chefe de fam\u00edlia e que de a gra\u00e7a de cada pai ser um sinal da Eucaristia em seu lar.<\/p>\n","protected":false},"excerpt":{"rendered":"<p>Estamos celebrando o XIX Domingo do Tempo Comum. Temos tamb\u00e9m a alegria de celebramos o dia dos pais. A Liturgia da Palavra deste Domingo ainda est\u00e1 ligada ao Evangelho da multiplica\u00e7\u00e3o dos p\u00e3es. Jesus chama a aten\u00e7\u00e3o porque os judeus n\u00e3o quiseram compreender o sinal da multiplica\u00e7\u00e3o. Claramente, ele afirma: \u201cEu sou o p\u00e3o que [&hellip;]<\/p>\n","protected":false},"author":5,"featured_media":55819,"comment_status":"open","ping_status":"closed","sticky":false,"template":"","format":"standard","meta":{"footnotes":""},"categories":[9],"tags":[],"class_list":["post-89641","post","type-post","status-publish","format-standard","has-post-thumbnail","hentry","category-artigos"],"_links":{"self":[{"href":"https:\/\/catolicanet.net\/wp-cnet\/wp-json\/wp\/v2\/posts\/89641","targetHints":{"allow":["GET"]}}],"collection":[{"href":"https:\/\/catolicanet.net\/wp-cnet\/wp-json\/wp\/v2\/posts"}],"about":[{"href":"https:\/\/catolicanet.net\/wp-cnet\/wp-json\/wp\/v2\/types\/post"}],"author":[{"embeddable":true,"href":"https:\/\/catolicanet.net\/wp-cnet\/wp-json\/wp\/v2\/users\/5"}],"replies":[{"embeddable":true,"href":"https:\/\/catolicanet.net\/wp-cnet\/wp-json\/wp\/v2\/comments?post=89641"}],"version-history":[{"count":1,"href":"https:\/\/catolicanet.net\/wp-cnet\/wp-json\/wp\/v2\/posts\/89641\/revisions"}],"predecessor-version":[{"id":89643,"href":"https:\/\/catolicanet.net\/wp-cnet\/wp-json\/wp\/v2\/posts\/89641\/revisions\/89643"}],"wp:featuredmedia":[{"embeddable":true,"href":"https:\/\/catolicanet.net\/wp-cnet\/wp-json\/wp\/v2\/media\/55819"}],"wp:attachment":[{"href":"https:\/\/catolicanet.net\/wp-cnet\/wp-json\/wp\/v2\/media?parent=89641"}],"wp:term":[{"taxonomy":"category","embeddable":true,"href":"https:\/\/catolicanet.net\/wp-cnet\/wp-json\/wp\/v2\/categories?post=89641"},{"taxonomy":"post_tag","embeddable":true,"href":"https:\/\/catolicanet.net\/wp-cnet\/wp-json\/wp\/v2\/tags?post=89641"}],"curies":[{"name":"wp","href":"https:\/\/api.w.org\/{rel}","templated":true}]}}