{"id":89615,"date":"2024-08-08T09:19:25","date_gmt":"2024-08-08T12:19:25","guid":{"rendered":"https:\/\/catolicanet.net\/wp-cnet\/?p=89615"},"modified":"2024-08-08T10:20:51","modified_gmt":"2024-08-08T13:20:51","slug":"regional-impulsiona-compromisso-assumido-de-estimular-a-criacao-de-comunidades-eclesiais-missionarias","status":"publish","type":"post","link":"https:\/\/catolicanet.net\/wp-cnet\/regional-impulsiona-compromisso-assumido-de-estimular-a-criacao-de-comunidades-eclesiais-missionarias\/","title":{"rendered":"REGIONAL IMPULSIONA COMPROMISSO ASSUMIDO DE ESTIMULAR A CRIA\u00c7\u00c3O DE COMUNIDADES ECLESIAIS MISSION\u00c1RIAS"},"content":{"rendered":"<p style=\"text-align: justify;\">No fim de semana, dias 3 e 4 de agosto, aconteceu na sede do regional Centro-Oeste da Confer\u00eancia Nacional dos Bispos do Brasil (CNBB), em Goi\u00e2nia, a 2\u00aa Reuni\u00e3o de Coordenadores Diocesanos e Coordenadores de Pastoral e Movimentos e Presidentes de Organismos do Regional. O encontro teve assessoria do bispo diocesano de Rubiataba-Mozarl\u00e2ndia e secret\u00e1rio do regional, dom Agamenilton Damascena.O tema principal refletido foi Comunidades Eclesiais Mission\u00e1rias.<\/p>\n<p style=\"text-align: justify;\">Conforme Dom Agamenilton, ao aprofundar o tema o regional busca dar uma resposta ao compromisso assumido na 21\u00aa Assembleia Eclesial do Regional, realizada em outubro do ano passado, no qual a Igreja no estado de Goi\u00e1s e no Distrito Federal reafirmou a decis\u00e3o de ser crist\u00e3 em comunidades eclesiais mission\u00e1rias, como uma maneira de revitalizar as par\u00f3quias. \u201cEsse encontro foi um modo de ajudar as dioceses, os coordenadores, a entenderem melhor o assunto e, juntos, encontrarmos caminhos para, em nossas dioceses aqui no regional, sermos crist\u00e3os em comunidades eclesiais mission\u00e1rias\u201d, afirmou o bispo.<\/p>\n<p style=\"text-align: justify;\"><strong>Saiba mais em:<\/strong>\u00a0<a href=\"https:\/\/cnbbco.com\/portal\/comunidades-eclesiais-missionarias-estao-nascendo-nas-dioceses-e-dando-forma-ao-compromisso-assumido-pelo-regional-centro-oeste\/\" target=\"_blank\" rel=\"noopener\">cnbbco.com\u00a0<\/a><\/p>\n","protected":false},"excerpt":{"rendered":"<p>No fim de semana, dias 3 e 4 de agosto, aconteceu na sede do regional Centro-Oeste da Confer\u00eancia Nacional dos Bispos do Brasil (CNBB), em Goi\u00e2nia, a 2\u00aa Reuni\u00e3o de Coordenadores Diocesanos e Coordenadores de Pastoral e Movimentos e Presidentes de Organismos do Regional. O encontro teve assessoria do bispo diocesano de Rubiataba-Mozarl\u00e2ndia e secret\u00e1rio [&hellip;]<\/p>\n","protected":false},"author":1,"featured_media":89616,"comment_status":"open","ping_status":"closed","sticky":false,"template":"","format":"standard","meta":{"footnotes":""},"categories":[7],"tags":[],"class_list":["post-89615","post","type-post","status-publish","format-standard","has-post-thumbnail","hentry","category-cnbb"],"_links":{"self":[{"href":"https:\/\/catolicanet.net\/wp-cnet\/wp-json\/wp\/v2\/posts\/89615","targetHints":{"allow":["GET"]}}],"collection":[{"href":"https:\/\/catolicanet.net\/wp-cnet\/wp-json\/wp\/v2\/posts"}],"about":[{"href":"https:\/\/catolicanet.net\/wp-cnet\/wp-json\/wp\/v2\/types\/post"}],"author":[{"embeddable":true,"href":"https:\/\/catolicanet.net\/wp-cnet\/wp-json\/wp\/v2\/users\/1"}],"replies":[{"embeddable":true,"href":"https:\/\/catolicanet.net\/wp-cnet\/wp-json\/wp\/v2\/comments?post=89615"}],"version-history":[{"count":1,"href":"https:\/\/catolicanet.net\/wp-cnet\/wp-json\/wp\/v2\/posts\/89615\/revisions"}],"predecessor-version":[{"id":89618,"href":"https:\/\/catolicanet.net\/wp-cnet\/wp-json\/wp\/v2\/posts\/89615\/revisions\/89618"}],"wp:featuredmedia":[{"embeddable":true,"href":"https:\/\/catolicanet.net\/wp-cnet\/wp-json\/wp\/v2\/media\/89616"}],"wp:attachment":[{"href":"https:\/\/catolicanet.net\/wp-cnet\/wp-json\/wp\/v2\/media?parent=89615"}],"wp:term":[{"taxonomy":"category","embeddable":true,"href":"https:\/\/catolicanet.net\/wp-cnet\/wp-json\/wp\/v2\/categories?post=89615"},{"taxonomy":"post_tag","embeddable":true,"href":"https:\/\/catolicanet.net\/wp-cnet\/wp-json\/wp\/v2\/tags?post=89615"}],"curies":[{"name":"wp","href":"https:\/\/api.w.org\/{rel}","templated":true}]}}