{"id":89553,"date":"2024-07-28T09:19:27","date_gmt":"2024-07-28T12:19:27","guid":{"rendered":"https:\/\/catolicanet.net\/wp-cnet\/?p=89553"},"modified":"2024-08-05T13:20:59","modified_gmt":"2024-08-05T16:20:59","slug":"17o-domingo-do-tempo-comum-ev-jo-6-1-15","status":"publish","type":"post","link":"https:\/\/catolicanet.net\/wp-cnet\/17o-domingo-do-tempo-comum-ev-jo-6-1-15\/","title":{"rendered":"17\u00ba Domingo do Tempo Comum, Ev. Jo 6, 1-15."},"content":{"rendered":"<p style=\"text-align: center;\"><em>Texto iluminador: \u00c1 vista do sinal, que Jesus tinha realizado, as pessoas exclamavam: \u201cEste \u00e9 verdadeiramente o Profeta que deve vir ao mundo\u201d. <\/em><\/p>\n<p style=\"text-align: justify;\"><em>\u00a0<\/em>O povo procurava Jesus e o seguia, pois ouvia Seu ensinamento e era favorecido por seu poder, contudo continuava interesseiro (queriam do p\u00e3o de Jesus\u2026) e desconfiado, como, se constata neste cap\u00edtulo. Devo deixar claro que todo Evangelho de Jo\u00e3o \u00e9 fenomenal, rico em ensinamentos e religiosamente questionador, al\u00e9m de altamente simb\u00f3lico. \u00c9 atual\u00edssimo.<\/p>\n<p style=\"text-align: justify;\">No texto de hoje, Jesus deixa claro que mesmo interrogando os disc\u00edpulos, sobre o que deveria ser realizado, Ele, j\u00e1, sabia o que iria fazer (Jo, 6,6). No entanto, outrora, como hoje, n\u00e3o dispensa nossa colabora\u00e7\u00e3o. Outrora a de Felipe e Andr\u00e9 (Jo, 6,5-8), hoje, a nossa, a vossa:\u00a0 a de todos n\u00f3s. Ele pode, em tese, realizar tudo sozinho, mas n\u00e3o dispensa nossa colabora\u00e7\u00e3o, na solu\u00e7\u00e3o dos problemas. N\u00f3s, j\u00e1, o percebemos?<\/p>\n<p style=\"text-align: justify;\">Abund\u00e2ncia sim, esbanjamento n\u00e3o. Foi, por isso, que Jesus mandou ajuntar os peda\u00e7os dos p\u00e3es que sobraram, que somaram doze cestos. Se h\u00e1, hoje em dia, fome e mis\u00e9ria em tantos setores da sociedade, e n\u00e3o em poucos pa\u00edses, n\u00e3o \u00e9 porque, a terra n\u00e3o produza o suficiente: \u00e9 a gan\u00e2ncia, a m\u00e1 administra\u00e7\u00e3o, quando n\u00e3o a corrup\u00e7\u00e3o que predominam. Ainda h\u00e1 profetas, bons pastores e administradores, mas o poder da injusti\u00e7a e da corrup\u00e7\u00e3o \u00e9 maior.<\/p>\n<p style=\"text-align: justify;\">Por causa do milagre realizado, queriam ent\u00e3o faz\u00ea-Lo rei. H\u00e1 l\u00f3gica nisto: haviam comido bem e gratuitamente. No entanto, Jesus se esquivou, foi para o monte, entreter-se com Seu Pai. Certamente, n\u00e3o veio como milagreiro, ou para ser o melhor e mais barato padeiro do mundo, nem rei. Veio para instaurar o Reino de Deus, servir e urgir a fraternidade no mundo. Veio mostrar que h\u00e1 solu\u00e7\u00e3o para os problemas, mas tamb\u00e9m, que era necess\u00e1rio, que todos fizessem sua parte: se convertessem e participassem da constru\u00e7\u00e3o do Reino de Deus. E hoje, Jesus \u00e9 bem entendido e corretamente seguido? Na minha opini\u00e3o certamente n\u00e3o, e na sua?<\/p>\n","protected":false},"excerpt":{"rendered":"<p>Texto iluminador: \u00c1 vista do sinal, que Jesus tinha realizado, as pessoas exclamavam: \u201cEste \u00e9 verdadeiramente o Profeta que deve vir ao mundo\u201d. \u00a0O povo procurava Jesus e o seguia, pois ouvia Seu ensinamento e era favorecido por seu poder, contudo continuava interesseiro (queriam do p\u00e3o de Jesus\u2026) e desconfiado, como, se constata neste cap\u00edtulo. [&hellip;]<\/p>\n","protected":false},"author":119,"featured_media":77698,"comment_status":"open","ping_status":"closed","sticky":false,"template":"","format":"standard","meta":{"footnotes":""},"categories":[9],"tags":[],"class_list":["post-89553","post","type-post","status-publish","format-standard","has-post-thumbnail","hentry","category-artigos"],"_links":{"self":[{"href":"https:\/\/catolicanet.net\/wp-cnet\/wp-json\/wp\/v2\/posts\/89553","targetHints":{"allow":["GET"]}}],"collection":[{"href":"https:\/\/catolicanet.net\/wp-cnet\/wp-json\/wp\/v2\/posts"}],"about":[{"href":"https:\/\/catolicanet.net\/wp-cnet\/wp-json\/wp\/v2\/types\/post"}],"author":[{"embeddable":true,"href":"https:\/\/catolicanet.net\/wp-cnet\/wp-json\/wp\/v2\/users\/119"}],"replies":[{"embeddable":true,"href":"https:\/\/catolicanet.net\/wp-cnet\/wp-json\/wp\/v2\/comments?post=89553"}],"version-history":[{"count":1,"href":"https:\/\/catolicanet.net\/wp-cnet\/wp-json\/wp\/v2\/posts\/89553\/revisions"}],"predecessor-version":[{"id":89555,"href":"https:\/\/catolicanet.net\/wp-cnet\/wp-json\/wp\/v2\/posts\/89553\/revisions\/89555"}],"wp:featuredmedia":[{"embeddable":true,"href":"https:\/\/catolicanet.net\/wp-cnet\/wp-json\/wp\/v2\/media\/77698"}],"wp:attachment":[{"href":"https:\/\/catolicanet.net\/wp-cnet\/wp-json\/wp\/v2\/media?parent=89553"}],"wp:term":[{"taxonomy":"category","embeddable":true,"href":"https:\/\/catolicanet.net\/wp-cnet\/wp-json\/wp\/v2\/categories?post=89553"},{"taxonomy":"post_tag","embeddable":true,"href":"https:\/\/catolicanet.net\/wp-cnet\/wp-json\/wp\/v2\/tags?post=89553"}],"curies":[{"name":"wp","href":"https:\/\/api.w.org\/{rel}","templated":true}]}}