{"id":89512,"date":"2024-07-29T09:08:15","date_gmt":"2024-07-29T12:08:15","guid":{"rendered":"https:\/\/catolicanet.net\/wp-cnet\/?p=89512"},"modified":"2024-08-02T15:09:33","modified_gmt":"2024-08-02T18:09:33","slug":"a-sociedade-humana","status":"publish","type":"post","link":"https:\/\/catolicanet.net\/wp-cnet\/a-sociedade-humana\/","title":{"rendered":"\u201cA sociedade Humana\u201d"},"content":{"rendered":"<p style=\"text-align: center;\"><em>Cadernos do Conc\u00edlio \u2013 Volume 27<\/em><\/p>\n<p style=\"text-align: justify;\"><em>\u00a0<\/em>Hoje nos debru\u00e7aremos no volume vinte e sete da cole\u00e7\u00e3o \u201cCadernos do Conc\u00edlio Ecum\u00eanico Vaticano II\u201d elaborados em prepara\u00e7\u00e3o ao Jubileu da Esperan\u00e7a que acontecer\u00e1 no pr\u00f3ximo ano, onde comemoraremos os 60 anos do Conc\u00edlio Ecum\u00eanico Vaticano II. O tema desse volume: <em>\u201cA sociedade humana\u201d. <\/em><\/p>\n<p style=\"text-align: justify;\">A sociedade humana \u00e9 por vezes complexa, formada por diversos tipos de pessoas em suas diferentes etnias, ra\u00e7as, religi\u00e3o e classe social. A Igreja tem de estar aberta e pronta para falar com toda a sociedade, independente da classifica\u00e7\u00e3o. Inclusive essa foi a inten\u00e7\u00e3o do Conc\u00edlio Ecum\u00eanico Vaticano II falar com todo o povo, da igreja para o mundo, e de certa maneira a Igreja tornar-se mais pr\u00f3xima do povo.<\/p>\n<p style=\"text-align: justify;\">Por isso, por mais que o Conc\u00edlio Ecum\u00eanico Vaticano II tenha acontecido h\u00e1 praticamente sessenta anos atr\u00e1s ele continua vivo e atual, tanto \u00e9 que estamos discutindo os principais temas do Conc\u00edlio nessa colet\u00e2nea especial.<\/p>\n<p style=\"text-align: justify;\">Um documento de grande import\u00e2ncia elaborado ao longo do Conc\u00edlio Ecum\u00eanico Vaticano II e conversa diretamente com a sociedade como um todo \u00e9 a Constitui\u00e7\u00e3o Pastoral <em>\u201cGaudium et Spes\u201d. <\/em>Significa alegria e esperan\u00e7a e trata sobre a Igreja em rela\u00e7\u00e3o ao mundo contempor\u00e2neo, como bem sabemos o mundo passa constantemente por diversas transforma\u00e7\u00f5es, inclusive o mundo era de um jeito durante o Conc\u00edlio Ecum\u00eanico Vaticano II e hoje j\u00e1 est\u00e1 bem diferente. S\u00e3o mudan\u00e7as tecnol\u00f3gicas, mudan\u00e7as de pensamento, mudan\u00e7as na forma de educar os filhos, dentre outras. N\u00f3s chamamos hoje de mudan\u00e7a de \u00e9poca.<\/p>\n<p style=\"text-align: justify;\">Muitas das discuss\u00f5es do mundo atual est\u00e3o presentes na Constitui\u00e7\u00e3o Pastoral <em>Gaudium et Spes,<\/em> sobretudo no que diz respeito a dignidade da pessoa humana, ou seja, respeitar o ser humano em sua integridade, por inteiro, e desde o seu nascimento at\u00e9 a sua morte. Temos que respeitar a vida e n\u00e3o a ferir de jeito nenhum pois ningu\u00e9m tem o direito de tirar a pr\u00f3pria vida ou a vida do outro, se Deus deu a vida, somente Ele tem o poder de tir\u00e1-la.<\/p>\n<p style=\"text-align: justify;\">O documento fala tamb\u00e9m sobre a comunidade humana, ou seja, essa comunidade humana s\u00e3o todos os que habitam o planeta terra, e cada um deve contribuir para que a nossa sociedade seja sempre mais justa e fraterna e que todos possam conviver bem. Recentemente o Papa Francisco lan\u00e7ou dois documentos: a Carta Enc\u00edclica <em>\u201cLaudato Si\u201d<\/em> (2015) e a Carta Enc\u00edclica <em>\u201cFratelli Tutti\u201d<\/em> (2020). Os dois documentos em conson\u00e2ncia com a Constitui\u00e7\u00e3o Pastoral <em>Gaudium et Spes<\/em> falam sobre como cada um deve cuidar bem do planeta em que vive sempre pensando em si mesmo e no pr\u00f3ximo. Faz parte dos documentos sociais do magist\u00e9rio.<\/p>\n<p style=\"text-align: justify;\">Podemos fazer uma reflex\u00e3o sobre como est\u00e1 o planeta hoje, as cat\u00e1strofes clim\u00e1ticas que est\u00e3o cada vez mais severas, o aquecimento global, as ondas de calor que estamos enfrentando sempre mais severas, e ainda, as esta\u00e7\u00f5es do ano todas misturadas. Portanto, fa\u00e7amos a nossa parte cuidando da comunidade humana respeitando o universo, n\u00e3o poluindo o ambiente em que vive, economizando \u00e1gua, e sempre pensando no que estamos deixando para a pr\u00f3xima gera\u00e7\u00e3o.<\/p>\n<p style=\"text-align: justify;\">Um dos mandamentos da lei de Deus e um dos mais importantes \u00e9 o amor a Deus e consequentemente o amor ao pr\u00f3ximo, por isso, viver em comunidade humana conforme ressalta esses documentos, sobretudo a <em>Gaudium et Spes <\/em>\u00e9 amar o pr\u00f3ximo, muitas vezes se colocando no lugar do outro, e refletindo se aquilo que \u00e9 ruim para mim \u00e9 tamb\u00e9m ruim para o outro, se as consequ\u00eancias dos meus atos n\u00e3o v\u00e3o impactar de certa forma na vida do outro.<\/p>\n<p style=\"text-align: justify;\">Outra transforma\u00e7\u00e3o do mundo atual \u00e9 o avan\u00e7o tecnol\u00f3gico, no tempo do Conc\u00edlio a tecnologia n\u00e3o era t\u00e3o avan\u00e7ada, mas j\u00e1 tinha a preocupa\u00e7\u00e3o daquilo que ela poderia vir a ser. A tecnologia teve muitos avan\u00e7os e com certeza ir\u00e1 avan\u00e7ar cada vez mais, ela ao mesmo tempo que \u00e9 boa, tamb\u00e9m pode ser ruim. Tanto podemos usar a tecnologia para o bem quanto para o mal.<\/p>\n<p style=\"text-align: justify;\">Aqui hoje n\u00f3s nos colocamos diante da assim chamada \u201cintelig\u00eancia artificial\u201d. Est\u00e1 comum nos dias de hoje a quest\u00e3o da intelig\u00eancia artificial, temos que tomar cuidado com ela para que a intelig\u00eancia artificial n\u00e3o ocupe o lugar do ser humano e construamos uma sociedade de \u201crob\u00f4s\u201d e sem sentimentos.<\/p>\n<p style=\"text-align: justify;\">O que esse documento nos atesta \u00e9 que devemos nos preocupar com o pr\u00f3ximo em vista do bem comum para todos. Todos devem cuidar do lugar em que vivem para que todos se sintam bem ali. As regras de boa conviv\u00eancia devem valer para todos, desde aqueles que ocupam os altos cargos, como por exemplo, pol\u00edticos at\u00e9 o mais humilde habitante da cidade.<\/p>\n<p style=\"text-align: justify;\">Cabe a n\u00f3s respeitarmos a vida, tanto a nossa como a do outro, e ainda respeit\u00e1-la desde a concep\u00e7\u00e3o at\u00e9 a velhice. N\u00e3o podemos tirar nem a nossa vida e nem a do outro. Todos os homens e mulheres s\u00e3o iguais perante Deus, ningu\u00e9m \u00e9 melhor do que o outro. Por isso, n\u00e3o podemos menosprezar o outro, por ter mais bens ou ser mais rico ou mais pobre, n\u00e3o levaremos nada daqui para a vida eterna, mas somente se fomos capazes de amar o nosso semelhante.<\/p>\n<p style=\"text-align: justify;\">Convido a tomarem em m\u00e3os esse volume vinte e sete da Cole\u00e7\u00e3o Cadernos do Conc\u00edlio Ecum\u00eanico Vaticano II, bem como a Constitui\u00e7\u00e3o Pastoral <em>\u201cGaudium et Spes\u201d, <\/em>e que possamos viver bem em sociedade, amando e respeitando o pr\u00f3ximo, e construindo um mundo melhor para todos. Cuidemos da nossa casa comum para que possamos deixar um futuro melhor para as pr\u00f3ximas gera\u00e7\u00f5es. Esse \u00e9 um documento muito interessante e importante do Conc\u00edlio Vaticano II que devemos nos propor a meditar.<\/p>\n","protected":false},"excerpt":{"rendered":"<p>Cadernos do Conc\u00edlio \u2013 Volume 27 \u00a0Hoje nos debru\u00e7aremos no volume vinte e sete da cole\u00e7\u00e3o \u201cCadernos do Conc\u00edlio Ecum\u00eanico Vaticano II\u201d elaborados em prepara\u00e7\u00e3o ao Jubileu da Esperan\u00e7a que acontecer\u00e1 no pr\u00f3ximo ano, onde comemoraremos os 60 anos do Conc\u00edlio Ecum\u00eanico Vaticano II. O tema desse volume: \u201cA sociedade humana\u201d. A sociedade humana \u00e9 [&hellip;]<\/p>\n","protected":false},"author":5,"featured_media":55819,"comment_status":"open","ping_status":"closed","sticky":false,"template":"","format":"standard","meta":{"footnotes":""},"categories":[9],"tags":[],"class_list":["post-89512","post","type-post","status-publish","format-standard","has-post-thumbnail","hentry","category-artigos"],"_links":{"self":[{"href":"https:\/\/catolicanet.net\/wp-cnet\/wp-json\/wp\/v2\/posts\/89512","targetHints":{"allow":["GET"]}}],"collection":[{"href":"https:\/\/catolicanet.net\/wp-cnet\/wp-json\/wp\/v2\/posts"}],"about":[{"href":"https:\/\/catolicanet.net\/wp-cnet\/wp-json\/wp\/v2\/types\/post"}],"author":[{"embeddable":true,"href":"https:\/\/catolicanet.net\/wp-cnet\/wp-json\/wp\/v2\/users\/5"}],"replies":[{"embeddable":true,"href":"https:\/\/catolicanet.net\/wp-cnet\/wp-json\/wp\/v2\/comments?post=89512"}],"version-history":[{"count":1,"href":"https:\/\/catolicanet.net\/wp-cnet\/wp-json\/wp\/v2\/posts\/89512\/revisions"}],"predecessor-version":[{"id":89514,"href":"https:\/\/catolicanet.net\/wp-cnet\/wp-json\/wp\/v2\/posts\/89512\/revisions\/89514"}],"wp:featuredmedia":[{"embeddable":true,"href":"https:\/\/catolicanet.net\/wp-cnet\/wp-json\/wp\/v2\/media\/55819"}],"wp:attachment":[{"href":"https:\/\/catolicanet.net\/wp-cnet\/wp-json\/wp\/v2\/media?parent=89512"}],"wp:term":[{"taxonomy":"category","embeddable":true,"href":"https:\/\/catolicanet.net\/wp-cnet\/wp-json\/wp\/v2\/categories?post=89512"},{"taxonomy":"post_tag","embeddable":true,"href":"https:\/\/catolicanet.net\/wp-cnet\/wp-json\/wp\/v2\/tags?post=89512"}],"curies":[{"name":"wp","href":"https:\/\/api.w.org\/{rel}","templated":true}]}}