{"id":89493,"date":"2024-08-01T09:20:25","date_gmt":"2024-08-01T12:20:25","guid":{"rendered":"https:\/\/catolicanet.net\/wp-cnet\/?p=89493"},"modified":"2024-08-02T14:21:13","modified_gmt":"2024-08-02T17:21:13","slug":"eu-sou-o-pao-da-vida-4","status":"publish","type":"post","link":"https:\/\/catolicanet.net\/wp-cnet\/eu-sou-o-pao-da-vida-4\/","title":{"rendered":"\u201cEu sou o p\u00e3o da vida\u201d."},"content":{"rendered":"<p style=\"text-align: justify;\">\u00a0\u00a0\u00a0\u00a0\u00a0\u00a0\u00a0\u00a0\u00a0\u00a0\u00a0 No m\u00eas de agosto a Igreja Cat\u00f3lica coloca em evid\u00eancia o tema vocacional. No plano de Deus cada batizado \u00e9 convidado a dar sua contribui\u00e7\u00e3o espec\u00edfica. Uma comunidade, que tem por cabe\u00e7a Jesus Cristo, precisa de muitas pessoas colaborando, conforme seus dons e carismas. O tema do M\u00eas Vocacional deste ano \u00e9 \u201cIgreja: uma sinfonia vocacional\u201d e tem por lema \u201cPedi, pois, ao Senhor da Messe\u201d (cf. Mt 9,38). Toda comunidade cat\u00f3lica \u00e9 convidada a rezar, a falar e a convidar batizados a responderem ao chamado que lhes Deus faz. No primeiro domingo \u00e9 destacado o minist\u00e9rio ordenado, isto \u00e9, os di\u00e1conos, padres e bispos.<\/p>\n<p style=\"text-align: justify;\">\u00a0\u00a0\u00a0\u00a0\u00a0\u00a0\u00a0\u00a0\u00a0\u00a0\u00a0 No domingo passado come\u00e7ou a leitura do cap\u00edtulo 6 de Evangelho de S\u00e3o Jo\u00e3o que relata a multiplica\u00e7\u00e3o de cinco p\u00e3es e dois peixes para alimentar a multid\u00e3o (\u00caxodo 16,2-4.12.15, Salmo 77, Ef\u00e9sios 4,17.20-24 e Jo\u00e3o 6,24-35). O sinal extraordin\u00e1rio empolgou a multid\u00e3o a ponto de quererem proclamar Jesus rei. Mas Ele se retira sozinho para o monte e depois se dirige para sinagoga de Cafarnaum onde a multid\u00e3o o reencontra. Neste reencontro se desenvolve um longo ensinamento de Jesus atrav\u00e9s de di\u00e1logos, contesta\u00e7\u00f5es, aprofundamentos e rea\u00e7\u00f5es dos ouvintes.<\/p>\n<p style=\"text-align: justify;\">\u00a0\u00a0\u00a0\u00a0\u00a0\u00a0\u00a0\u00a0\u00a0\u00a0\u00a0 Jesus \u00e9 perguntado como chegou em Cafarnaum. N\u00e3o responde porque foi parar a\u00ed, mas toca na quest\u00e3o porque a multid\u00e3o o est\u00e1 procurando. \u201cEstais me procurando n\u00e3o porque vistes sinais, mas porque comestes p\u00e3o e ficastes satisfeitos\u201d. Jesus quer ajudar a multid\u00e3o e ir al\u00e9m de comer p\u00e3o para matar a fome. Isto \u00e9 muito importante, tanto que Jesus multiplicou os p\u00e3es e peixes. Mas, deseja abrir um horizonte da exist\u00eancia que n\u00e3o \u00e9 simplesmente o das preocupa\u00e7\u00f5es cotidianas do comer, vestir, da carreira. \u201cEsfor\u00e7ai-vos n\u00e3o pelo alimento que se perde, mas pelo alimento que permanece at\u00e9 a vida eterna, e que o Filho do Homem vos dar\u00e1\u201d.<\/p>\n<p style=\"text-align: justify;\">\u00a0\u00a0\u00a0\u00a0\u00a0\u00a0\u00a0\u00a0\u00a0\u00a0\u00a0 O di\u00e1logo prossegue com a pergunta dirigida a Jesus. \u201cQue devemos fazer para realizar as obras de Deus?\u201d A resposta \u00e9 clara: \u201cA obra de Deus \u00e9 que acrediteis naquele que ele enviou\u201d. \u201cO centro da exist\u00eancia, aquilo que d\u00e1 sentido e esperan\u00e7a firme ao caminho muitas vezes dif\u00edcil da vida \u00e9 a f\u00e9 em Jesus, o encontro com Cristo. Tamb\u00e9m nos perguntemos: \u201cQue devemos fazer para ter a vida eterna?\u201d. E Jesus diz: \u201cAcreditai em mim\u201d. A f\u00e9 \u00e9 o elemento fundamental. N\u00e3o se trata aqui de seguir uma ideia, um programa, mas de encontrar Jesus como uma Pessoa viva, de se deixar comprometer totalmente por Ele e pelo seu Evangelho. Jesus convida a n\u00e3o se limitar ao horizonte puramente humano e a abrir-se ao horizonte de Deus, ao horizonte da f\u00e9. Ele exige uma \u00fanica obra:\u00a0 aceitar o plano de Deus, ou seja, \u201cacreditar naquele que Ele enviou\u201d (Bento XVI).<\/p>\n<p style=\"text-align: justify;\">\u00a0\u00a0\u00a0\u00a0\u00a0\u00a0\u00a0\u00a0\u00a0\u00a0\u00a0 A multid\u00e3o pede: \u201cSenhor d\u00e1-nos sempre desse p\u00e3o\u201d. Jesus lhes disse: \u201cEu sou o p\u00e3o da vida. Quem vem a mim n\u00e3o ter\u00e1 mais fome e quem cr\u00ea em mim nunca mais ter\u00e1 sede\u201d. Na \u00faltima ceia, Jesus reunido com os ap\u00f3stolos, toma o p\u00e3o e diz: \u201cIsto \u00e9 o meu corpo\u201d e o mesmo faz com o c\u00e1lice. E por fim ordena: \u201cFazei isto em mem\u00f3ria de mim\u201d. Deixou aos ap\u00f3stolos e seus sucessores a miss\u00e3o de alimentar, pelos s\u00e9culos dos s\u00e9culos, a multid\u00e3o com o \u201cp\u00e3o descido do c\u00e9u\u201d. Em cada celebra\u00e7\u00e3o eucar\u00edstica presidida pelo bispo ou pelo padre, os que creem em Jesus Cristo, podem se alimentar do \u201calimento que permanece para avida eterna\u201d.<\/p>\n<p style=\"text-align: justify;\">\u00a0\u00a0\u00a0\u00a0\u00a0\u00a0\u00a0\u00a0\u00a0\u00a0\u00a0 Sejamos gratos a Deus Pai porque nos concedeu na terra Jesus Cristo, o \u201cverdadeiro p\u00e3o do c\u00e9u\u201d. Gratid\u00e3o por ter confiado aos bispos e presb\u00edteros a gra\u00e7a de alimentar diariamente, em todos os tempos, os fi\u00e9is com o p\u00e3o eucar\u00edstico.<\/p>\n","protected":false},"excerpt":{"rendered":"<p>\u00a0\u00a0\u00a0\u00a0\u00a0\u00a0\u00a0\u00a0\u00a0\u00a0\u00a0 No m\u00eas de agosto a Igreja Cat\u00f3lica coloca em evid\u00eancia o tema vocacional. No plano de Deus cada batizado \u00e9 convidado a dar sua contribui\u00e7\u00e3o espec\u00edfica. Uma comunidade, que tem por cabe\u00e7a Jesus Cristo, precisa de muitas pessoas colaborando, conforme seus dons e carismas. O tema do M\u00eas Vocacional deste ano \u00e9 \u201cIgreja: uma [&hellip;]<\/p>\n","protected":false},"author":18,"featured_media":55821,"comment_status":"open","ping_status":"closed","sticky":false,"template":"","format":"standard","meta":{"footnotes":""},"categories":[9],"tags":[],"class_list":["post-89493","post","type-post","status-publish","format-standard","has-post-thumbnail","hentry","category-artigos"],"_links":{"self":[{"href":"https:\/\/catolicanet.net\/wp-cnet\/wp-json\/wp\/v2\/posts\/89493","targetHints":{"allow":["GET"]}}],"collection":[{"href":"https:\/\/catolicanet.net\/wp-cnet\/wp-json\/wp\/v2\/posts"}],"about":[{"href":"https:\/\/catolicanet.net\/wp-cnet\/wp-json\/wp\/v2\/types\/post"}],"author":[{"embeddable":true,"href":"https:\/\/catolicanet.net\/wp-cnet\/wp-json\/wp\/v2\/users\/18"}],"replies":[{"embeddable":true,"href":"https:\/\/catolicanet.net\/wp-cnet\/wp-json\/wp\/v2\/comments?post=89493"}],"version-history":[{"count":1,"href":"https:\/\/catolicanet.net\/wp-cnet\/wp-json\/wp\/v2\/posts\/89493\/revisions"}],"predecessor-version":[{"id":89495,"href":"https:\/\/catolicanet.net\/wp-cnet\/wp-json\/wp\/v2\/posts\/89493\/revisions\/89495"}],"wp:featuredmedia":[{"embeddable":true,"href":"https:\/\/catolicanet.net\/wp-cnet\/wp-json\/wp\/v2\/media\/55821"}],"wp:attachment":[{"href":"https:\/\/catolicanet.net\/wp-cnet\/wp-json\/wp\/v2\/media?parent=89493"}],"wp:term":[{"taxonomy":"category","embeddable":true,"href":"https:\/\/catolicanet.net\/wp-cnet\/wp-json\/wp\/v2\/categories?post=89493"},{"taxonomy":"post_tag","embeddable":true,"href":"https:\/\/catolicanet.net\/wp-cnet\/wp-json\/wp\/v2\/tags?post=89493"}],"curies":[{"name":"wp","href":"https:\/\/api.w.org\/{rel}","templated":true}]}}