{"id":89472,"date":"2024-07-21T08:59:50","date_gmt":"2024-07-21T11:59:50","guid":{"rendered":"https:\/\/catolicanet.net\/wp-cnet\/?p=89472"},"modified":"2024-07-25T11:01:05","modified_gmt":"2024-07-25T14:01:05","slug":"cirio-de-nazare-na-arq-rio-2024-18-a-21-de-julho-de-2024","status":"publish","type":"post","link":"https:\/\/catolicanet.net\/wp-cnet\/cirio-de-nazare-na-arq-rio-2024-18-a-21-de-julho-de-2024\/","title":{"rendered":"C\u00edrio de Nazar\u00e9 na Arq Rio 2024 \u2013 18 a 21 de julho de 2024"},"content":{"rendered":"<p style=\"text-align: center;\"><em>Tema: \u201cPerseverar na ora\u00e7\u00e3o com Maria, M\u00e3e de Jesus\u201d<\/em><\/p>\n<p style=\"text-align: justify;\">Entre os dias 18 a 21 de julho de 2024 recebemos uma visita muito importante em nossa Arquidiocese que \u00e9 a visita da imagem peregrina de Nossa Senhora de Nazar\u00e9. Aconteceu em nossa Arquidiocese o \u201cC\u00edrio de Nazar\u00e9\u201d muito conhecido em Bel\u00e9m do Par\u00e1 e que acontece no m\u00eas de outubro. Em nossa Arquidiocese o C\u00edrio n\u00e3o tem a mesma propor\u00e7\u00e3o do que em Bel\u00e9m do Par\u00e1, mas quer mobilizar cada fiel a ir ao encontro da M\u00e3e de Jesus \u00e9 uma ocasi\u00e3o de uma miss\u00e3o popular ao iniciar o segundo semestre.<\/p>\n<p style=\"text-align: justify;\">Onde a M\u00e3e de Jesus aparece, Ela traz consigo o seu Filho Jesus, Ela traz a paz que vem de Deus e o desejo de que todos os fi\u00e9is acorram a Ela e ao seu Filho. Ela traz consigo os desejos de Deus para que humanidade retome o bom caminho e se converta. Ela faz do mesmo modo que nas bodas de Can\u00e1 da Galileia pedindo que \u201cfa\u00e7amos tudo aquilo que Jesus disser\u201d.<\/p>\n<p style=\"text-align: justify;\">Quando Nossa Senhora vem, Ela traz a paz e onde est\u00e1 o conflito ou a guerra reina a paz e a conc\u00f3rdia. \u00c9 uma gra\u00e7a muito grande receber a visita da imagem peregrina de Nossa Senhora de Nazar\u00e9 em nossa Arquidiocese. Foram bela e comovidas peregrina\u00e7\u00f5es nestes dias que ora encerramos.<\/p>\n<p style=\"text-align: justify;\">O C\u00edrio de Nazar\u00e9 \u00e9 uma forma de todos n\u00f3s expressarmos a nossa f\u00e9, em Deus por intercess\u00e3o de Nossa Senhora. Foi o momento para evangelizar as ruas do bairro, os morros de nossa cidade e comunidades. O C\u00edrio \u00e9 mission\u00e1rio, pois vamos ao encontro das pessoas com Nossa Senhora e onde a M\u00e3e est\u00e1, tamb\u00e9m est\u00e1 o Filho. A miss\u00e3o \u00e9 justamente ir ao encontro do outro e com isso muitos cora\u00e7\u00f5es s\u00e3o tocados.<\/p>\n<p style=\"text-align: justify;\">Ao longo dos dias do C\u00edrio de Nazar\u00e9 muitas pessoas s\u00e3o tocadas e se emocionam ao ver a imagem de Nossa Senhora de Nazar\u00e9. Nesses dias em que a imagem de Nossa Senhora de Nazar\u00e9 ficou em nossa Arquidiocese pedimos paz e prote\u00e7\u00e3o para nossa cidade, nossa fam\u00edlia, pe\u00e7amos sa\u00fade e emprego.<\/p>\n<p style=\"text-align: justify;\">O tema do C\u00edrio de Nazar\u00e9 desse ano de 2024 \u00e9: <em>\u201cPerseverar na ora\u00e7\u00e3o com Maria, M\u00e3e de Jesus\u201d. <\/em>Estamos no ano santo da ora\u00e7\u00e3o preparando-nos para o ano jubilar da esperan\u00e7a no pr\u00f3ximo ano. O tema deste ano portanto, tem tudo a ver com aquilo que estamos celebrando. Somos convidados a caminhar na \u201cescola de Maria\u201d e aprender com Ela a rezar a rezar \u00e0 Deus de maneira correta. Devemos rezar e n\u00e3o desanimar, mas perseverar at\u00e9 a gra\u00e7a acontecer. Dirijamos o nosso pedido \u00e0 M\u00e3e, que o Filho atende.<\/p>\n<p style=\"text-align: justify;\">A programa\u00e7\u00e3o teve in\u00edcio na Quinta-Feira, dia 18 de julho com a missa no 3\u00ba COMAR, junto ao Aeroporto de Santos Dumont. \u00c0s 11h a imagem visitou o convento de Santo Ant\u00f4nio no centro. \u00c0s 14h a Capela Nossa Senhora de Nazar\u00e9 em Cacuia, na Ilha do Governador. \u00c0s 17h30 a imagem visitou a Capela Nossa Senhora de Nazar\u00e9 Camorim, na Barra da Tijuca. Por fim, \u00e0s 20h a imagem visitou pela primeira vez a Capela Nossa Senhora de Nazar\u00e9, na vila Paci\u00eancia.<\/p>\n<p style=\"text-align: justify;\">Na Sexta-Feira, dia 19 de julho as 10h30 a imagem visitou o Educand\u00e1rio Nossa Senhora de Nazar\u00e9 no Catumbi. \u00c0s 11h30 aconteceu a comovente visita ao Hospital do C\u00e2ncer II (INCA), Santo Cristo. As 13h a imagem esteve na Catedral para um tempo de ora\u00e7\u00e3o com o povo. \u00c0s 15h30 a imagem foi de barca para Paquet\u00e1. \u00c0s 17h Missa na Par\u00f3quia Bom Jesus do Monte, no Paquet\u00e1 retornando na barca das 19:30.<\/p>\n<p style=\"text-align: justify;\">No S\u00e1bado, dia 20 de julho, a programa\u00e7\u00e3o come\u00e7ou logo cedo com a reza do Santo Ter\u00e7o na Bas\u00edlica Santu\u00e1rio de S\u00e3o Sebasti\u00e3o, na Tijuca. \u00c0s 9h aconteceu a Missa \u201cO Rio celebra\u201d com transmiss\u00e3o pela Rede Vida, no Santu\u00e1rio S\u00e3o Sebasti\u00e3o, na Tijuca. \u00c0s 10h30 a imagem visitou a Igreja S\u00e3o Paulo Ap\u00f3stolo em Copacabana. \u00c0s 11h30 a imagem visitou o Centro de Tradi\u00e7\u00f5es Nordestinas em S\u00e3o Crist\u00f3v\u00e3o. \u00c0s 14h aconteceu a visita a Par\u00f3quia Jesus de Nazar\u00e9, na Mar\u00e9. \u00c0s 15h30 aconteceu um momento muito importante e marcante para todos os fi\u00e9is, que \u00e9 o Mini-C\u00edrio, a semelhan\u00e7a daquilo que acontece em Bel\u00e9m do Par\u00e1. A concentra\u00e7\u00e3o foi no Hospital Municipal Ronaldo Gazolla e Missa na Par\u00f3quia Nossa Senhora de Nazar\u00e9 e Santos M\u00e1rtires Ugandeses em Acari. Para concluir o S\u00e1bado, tivemos outro momento marcante, a Missa seguida de uma Vig\u00edlia que aconteceu \u00e0s 19h na Par\u00f3quia Nossa Senhora de Nazar\u00e9, em Anchieta.<\/p>\n<p style=\"text-align: justify;\">No \u00faltimo dia de visita da Imagem, no Domingo dia 21 de julho, \u00e0s 8h acontece a Missa na TV Brasil, no Outeiro da Gl\u00f3ria, no bairro da Gl\u00f3ria. \u00c0s 9h30 missa campal na Par\u00f3quia S\u00e3o Tiago em Inha\u00fama. Por fim, \u00e0s 11h missa na Par\u00f3quia Nossa Senhora da Esperan\u00e7a, em Botafogo. Ap\u00f3s essa atividade encerra-se o C\u00edrio 2024 com a imagem voltando ao Aeroporto.<\/p>\n<p style=\"text-align: justify;\">Portanto, meus irm\u00e3os, agrade\u00e7amos a oportunidade do C\u00edrio de Nazar\u00e9 em nossa Arquidiocese neste ano, com certeza muitas gra\u00e7as foram e ser\u00e3o alcan\u00e7adas, pois quem pede a M\u00e3e o Filho atende.<\/p>\n<p style=\"text-align: justify;\">Que Nossa Senhora de Nazar\u00e9, a M\u00e3e de Jesus, nos proteja nesses quatro dias que estiver em nossa cidade e que do Rio de Janeiro a ben\u00e7\u00e3o da M\u00e3e chegue a todo o Brasil.<\/p>\n","protected":false},"excerpt":{"rendered":"<p>Tema: \u201cPerseverar na ora\u00e7\u00e3o com Maria, M\u00e3e de Jesus\u201d Entre os dias 18 a 21 de julho de 2024 recebemos uma visita muito importante em nossa Arquidiocese que \u00e9 a visita da imagem peregrina de Nossa Senhora de Nazar\u00e9. Aconteceu em nossa Arquidiocese o \u201cC\u00edrio de Nazar\u00e9\u201d muito conhecido em Bel\u00e9m do Par\u00e1 e que [&hellip;]<\/p>\n","protected":false},"author":5,"featured_media":55819,"comment_status":"open","ping_status":"closed","sticky":false,"template":"","format":"standard","meta":{"footnotes":""},"categories":[9],"tags":[],"class_list":["post-89472","post","type-post","status-publish","format-standard","has-post-thumbnail","hentry","category-artigos"],"_links":{"self":[{"href":"https:\/\/catolicanet.net\/wp-cnet\/wp-json\/wp\/v2\/posts\/89472","targetHints":{"allow":["GET"]}}],"collection":[{"href":"https:\/\/catolicanet.net\/wp-cnet\/wp-json\/wp\/v2\/posts"}],"about":[{"href":"https:\/\/catolicanet.net\/wp-cnet\/wp-json\/wp\/v2\/types\/post"}],"author":[{"embeddable":true,"href":"https:\/\/catolicanet.net\/wp-cnet\/wp-json\/wp\/v2\/users\/5"}],"replies":[{"embeddable":true,"href":"https:\/\/catolicanet.net\/wp-cnet\/wp-json\/wp\/v2\/comments?post=89472"}],"version-history":[{"count":1,"href":"https:\/\/catolicanet.net\/wp-cnet\/wp-json\/wp\/v2\/posts\/89472\/revisions"}],"predecessor-version":[{"id":89474,"href":"https:\/\/catolicanet.net\/wp-cnet\/wp-json\/wp\/v2\/posts\/89472\/revisions\/89474"}],"wp:featuredmedia":[{"embeddable":true,"href":"https:\/\/catolicanet.net\/wp-cnet\/wp-json\/wp\/v2\/media\/55819"}],"wp:attachment":[{"href":"https:\/\/catolicanet.net\/wp-cnet\/wp-json\/wp\/v2\/media?parent=89472"}],"wp:term":[{"taxonomy":"category","embeddable":true,"href":"https:\/\/catolicanet.net\/wp-cnet\/wp-json\/wp\/v2\/categories?post=89472"},{"taxonomy":"post_tag","embeddable":true,"href":"https:\/\/catolicanet.net\/wp-cnet\/wp-json\/wp\/v2\/tags?post=89472"}],"curies":[{"name":"wp","href":"https:\/\/api.w.org\/{rel}","templated":true}]}}