{"id":89469,"date":"2024-07-23T10:58:18","date_gmt":"2024-07-23T13:58:18","guid":{"rendered":"https:\/\/catolicanet.net\/wp-cnet\/?p=89469"},"modified":"2024-07-25T10:59:36","modified_gmt":"2024-07-25T13:59:36","slug":"a-desconstrucao-das-feridas-emocionais","status":"publish","type":"post","link":"https:\/\/catolicanet.net\/wp-cnet\/a-desconstrucao-das-feridas-emocionais\/","title":{"rendered":"A desconstru\u00e7\u00e3o das feridas emocionais"},"content":{"rendered":"<p style=\"text-align: justify;\">As feridas emocionais se estendem atrav\u00e9s dos la\u00e7os familiares de forma quase implac\u00e1vel. S\u00e3o como uma sombra que se camufla nas palavras, no modelo educacional, nos sil\u00eancios, nos olhares e nos vazios. At\u00e9 que algu\u00e9m maduro e consciente det\u00e9m o processo para dizer basta e desconstruir essa teia de aranha.<\/p>\n<p style=\"text-align: justify;\">Trancados no isolamento dos pr\u00f3prios lares, quase ningu\u00e9m sabe com plena certeza o que acontece entre as quatro paredes, onde gera\u00e7\u00f5es de pessoas compartilham um espa\u00e7o em comum e os mesmos dramas. As feridas de uns impactam sobre os outros como ondas invis\u00edveis, como fios que movem fantoches e como ondas carregadas de raiva que corroem as rochas das praias. Ent\u00e3o, vamos falar de uma coisa complexa, dolorosa, e \u00e0s vezes dilacerante.<\/p>\n<p style=\"text-align: justify;\">Quando falamos da origem dessas feridas emocionais que s\u00e3o transmitidas ao longo dos la\u00e7os familiares \u00e9 comum pensar em fatos como abusos sexuais, viol\u00eancia verbais, morais, f\u00edsica ou a perda traum\u00e1tica de um ser querido.\u00a0Lacera\u00e7\u00f5es emocionais causadas por outros processos talvez muito mais comuns que as apontadas anteriormente. Vamos mencionar tr\u00eas fatores:<\/p>\n<ol style=\"text-align: justify;\">\n<li>Ter crescido sob uma cria\u00e7\u00e3o baseada no apego inseguro ou em um contexto baseado na conten\u00e7\u00e3o emocional gera, sem d\u00favida, diversas feridas e inclusive transtornos emocionais.<\/li>\n<li>Fazer parte de uma fam\u00edlia onde a ira sempre est\u00e1 presente \u00e9 outro respons\u00e1vel. S\u00e3o contextos onde abundam os gritos, as censuras entre os seus membros, a toxicidade emocional, o desprezo e a desvaloriza\u00e7\u00e3o constante.<\/li>\n<li>Outro aspecto que pode ocasionar um grande impacto no seio de uma fam\u00edlia \u00e9 o fato da m\u00e3e ou o pai viver mergulhado em uma depress\u00e3o cr\u00f4nica e n\u00e3o tratada. A impot\u00eancia, os c\u00f3digos de comunica\u00e7\u00e3o e as din\u00e2micas estabelecidas entre pais e filhos deixam marcas permanentes.<\/li>\n<\/ol>\n<p style=\"text-align: justify;\">J\u00e1 ouvimos falar que a dor faz parte da vida, que o sofrimento nos ensina e que \u00e9 preciso perdoar para a paz na alma. Na verdade, todas estas ideias t\u00eam importantes nuances que \u00e9 preciso detalhar e inclusive reinterpretar.<\/p>\n<p style=\"text-align: justify;\">O renomado fil\u00f3sofo e te\u00f3logo Santo Agostinho de Hipona disse de forma magistral: \u201cO ser humano aprende do sofrimento, mas muito mais pelo amor\u201d. N\u00e3o \u00e9 uma obriga\u00e7\u00e3o sofrer para aprender; de fato, o verdadeiro aprendizado nos \u00e9 dado pela verdade e pelo amor. Ambos s\u00e3o fundamentais para a cura, liberta\u00e7\u00e3o e reconcilia\u00e7\u00e3o.<\/p>\n<p style=\"text-align: justify;\">A cura das emo\u00e7\u00f5es traum\u00e1ticas e a liberta\u00e7\u00e3o de um passado escravagista patol\u00f3gico s\u00e3o as maiores vit\u00f3rias da interioridade do ser humano. A fam\u00edlia deve procurar ajuda de profissionais da sa\u00fade mental para um aux\u00edlio na qualidade relacional familiar, na sa\u00fade f\u00edsica, emocional, mental e viver uma nova modalidade de fam\u00edlia na configura\u00e7\u00e3o terap\u00eautica. As escolas proporcionarem no seu quadro de profissionais como: psicanalistas e psic\u00f3logos para terapia de alunos, professores, diretores e funcion\u00e1rios. Viver no equil\u00edbrio emocional \u00e9 obter resultados satisfat\u00f3rios pelo que produz com prazer a felicidade pessoal e familiar. O bem-estar integral flui motiva\u00e7\u00f5es para as grandes realiza\u00e7\u00f5es de futuros e sadios la\u00e7os familiares!<\/p>\n<p style=\"text-align: justify;\">Dr. In\u00e1cio Jos\u00e9 do Vale, Psicanalista Cl\u00ednico, PhD.<\/p>\n<p style=\"text-align: justify;\">Trabalha Clinicando na Comunidade de A\u00e7\u00e3o Pastoral \u2013 CAP<\/p>\n<p style=\"text-align: justify;\">Especialista em Psicologia Cl\u00ednica pela Faculdade Dom Alberto-RS.<\/p>\n<p style=\"text-align: justify;\">Especialista em Psicologia da Sa\u00fade pela Faculdade de Administra\u00e7\u00e3o, Ci\u00eancias e Educa\u00e7\u00e3o-MG.<\/p>\n<p style=\"text-align: justify;\">Doutorado em Psican\u00e1lise Cl\u00ednica pela Escola de Psican\u00e1lise da Sociedade Brasileira de Psican\u00e1lise Contempor\u00e2nea. Rio de Janeiro-RJ. \u00a0Cadastrada na Organiza\u00e7\u00e3o das Na\u00e7\u00f5es Unidas \u2013 (ONU).<\/p>\n<p style=\"text-align: justify;\"><strong>Autor do livro Terapia Psicanal\u00edtica: Demolindo a Ansiedade, a Depress\u00e3o e a Posse da Sa\u00fade F\u00edsica e Psicol\u00f3gica\u00a0 <\/strong><\/p>\n","protected":false},"excerpt":{"rendered":"<p>As feridas emocionais se estendem atrav\u00e9s dos la\u00e7os familiares de forma quase implac\u00e1vel. S\u00e3o como uma sombra que se camufla nas palavras, no modelo educacional, nos sil\u00eancios, nos olhares e nos vazios. At\u00e9 que algu\u00e9m maduro e consciente det\u00e9m o processo para dizer basta e desconstruir essa teia de aranha. Trancados no isolamento dos pr\u00f3prios [&hellip;]<\/p>\n","protected":false},"author":16,"featured_media":55822,"comment_status":"open","ping_status":"closed","sticky":false,"template":"","format":"standard","meta":{"footnotes":""},"categories":[9],"tags":[],"class_list":["post-89469","post","type-post","status-publish","format-standard","has-post-thumbnail","hentry","category-artigos"],"_links":{"self":[{"href":"https:\/\/catolicanet.net\/wp-cnet\/wp-json\/wp\/v2\/posts\/89469","targetHints":{"allow":["GET"]}}],"collection":[{"href":"https:\/\/catolicanet.net\/wp-cnet\/wp-json\/wp\/v2\/posts"}],"about":[{"href":"https:\/\/catolicanet.net\/wp-cnet\/wp-json\/wp\/v2\/types\/post"}],"author":[{"embeddable":true,"href":"https:\/\/catolicanet.net\/wp-cnet\/wp-json\/wp\/v2\/users\/16"}],"replies":[{"embeddable":true,"href":"https:\/\/catolicanet.net\/wp-cnet\/wp-json\/wp\/v2\/comments?post=89469"}],"version-history":[{"count":1,"href":"https:\/\/catolicanet.net\/wp-cnet\/wp-json\/wp\/v2\/posts\/89469\/revisions"}],"predecessor-version":[{"id":89471,"href":"https:\/\/catolicanet.net\/wp-cnet\/wp-json\/wp\/v2\/posts\/89469\/revisions\/89471"}],"wp:featuredmedia":[{"embeddable":true,"href":"https:\/\/catolicanet.net\/wp-cnet\/wp-json\/wp\/v2\/media\/55822"}],"wp:attachment":[{"href":"https:\/\/catolicanet.net\/wp-cnet\/wp-json\/wp\/v2\/media?parent=89469"}],"wp:term":[{"taxonomy":"category","embeddable":true,"href":"https:\/\/catolicanet.net\/wp-cnet\/wp-json\/wp\/v2\/categories?post=89469"},{"taxonomy":"post_tag","embeddable":true,"href":"https:\/\/catolicanet.net\/wp-cnet\/wp-json\/wp\/v2\/tags?post=89469"}],"curies":[{"name":"wp","href":"https:\/\/api.w.org\/{rel}","templated":true}]}}