{"id":89401,"date":"2024-07-19T10:43:41","date_gmt":"2024-07-19T13:43:41","guid":{"rendered":"https:\/\/catolicanet.net\/wp-cnet\/?p=89401"},"modified":"2024-07-19T13:45:16","modified_gmt":"2024-07-19T16:45:16","slug":"cinco-conselhos-do-papa-francisco-aos-jovens-da-america-latina","status":"publish","type":"post","link":"https:\/\/catolicanet.net\/wp-cnet\/cinco-conselhos-do-papa-francisco-aos-jovens-da-america-latina\/","title":{"rendered":"Cinco conselhos do papa Francisco aos jovens da Am\u00e9rica Latina"},"content":{"rendered":"<p style=\"text-align: justify;\">O papa Francisco deu cinco conselhos aos jovens latino-americanos que participam do XXI Encontro de L\u00edderes Nacionais da Pastoral da Juventude da Am\u00e9rica Latina e do Caribe, que ocorre em Assun\u00e7\u00e3o, Paraguai, de 15 a 20 de julho.<\/p>\n<p style=\"text-align: justify;\">1. \u201cVoc\u00eas s\u00e3o o presente, sejam corajosos!&#8221;<\/p>\n<p style=\"text-align: justify;\">2. \u201cEu os encorajo a se agarrarem firmemente \u00e0s suas ra\u00edzes e seguirem em frente sem medo\u201d.<\/p>\n<p style=\"text-align: justify;\">3. \u201cBusquem a unidade em meio a todas as diferen\u00e7as.\u201d<\/p>\n<p style=\"text-align: justify;\">4. \u201cTrabalhem pela justi\u00e7a que faz a paz efetiva e duradoura\u201d.<\/p>\n<p style=\"text-align: justify;\">5. \u201cConstruam o bem comum e fecundem a felicidade da P\u00e1tria Grande que comp\u00f5e os povos latino-americanos para continuar a aumentar o Reino de Deus\u201d.<\/p>\n<p style=\"text-align: justify;\">Em mensagem de 12 de julho, o papa agradeceu que durante esse encontro se tenha proposto trabalhar o \u201cdiscernimento espiritual comunit\u00e1rio\u201d para melhor abordar a realidade dos jovens.<\/p>\n<p style=\"text-align: justify;\">Assim, escreveu o papa, \u201ctodas as vozes podem ser ouvidas, reconhecidas e valorizadas\u201d.<\/p>\n<div class=\"donation-box box-shadow mb-7\" style=\"text-align: justify;\"><\/div>\n<p style=\"text-align: justify;\">O papa disse que \u201c\u00e9 encorajador\u201d que esse mesmo discernimento seja considerado como uma \u201cforma de convers\u00e3o na pr\u00e1tica pastoral\u201d e desejou que esses trabalhos lhes permitam \u201cidentificar os desafios e oportunidades que enfrentam com a ajuda do Esp\u00edrito Santo\u201d.<\/p>\n<p style=\"text-align: justify;\"><strong>N\u00e3o tenham medo do Senhor<\/strong><\/p>\n<p style=\"text-align: justify;\">O papa tamb\u00e9m enviou uma carta no dia 27 de maio aos bispos respons\u00e1veis \u200b\u200bpelo evento, escrevendo-lhes que \u201ca juventude \u00e9 essa etapa da vida normalmente caracterizada por um otimismo natural, energia e esperan\u00e7a\u201d.<\/p>\n<p style=\"text-align: justify;\">Francisco exortou-os a \u201cdeixar que Cristo transforme seu otimismo natural em amor aut\u00eantico; um amor que sabe se sacrificar, que \u00e9 sincero, real e genu\u00edno, para que sua juventude seja um dom para Jesus e para o mundo e assim voc\u00eas poder\u00e3o gastar sua vida de forma digna e frut\u00edfera\u201d.<\/p>\n<p style=\"text-align: justify;\">\u201cN\u00e3o tenham medo do Senhor que passa por n\u00f3s e sussurra em nosso ouvido, inclina-se para n\u00f3s e nos oferece sua m\u00e3o para nos levantar toda vez que ca\u00edmos. Ele nos quer de p\u00e9, ressuscitados. Portanto, n\u00e3o tenham medo de deix\u00e1-Lo entrar em sua vida; abram de par em par as portas de seu cora\u00e7\u00e3o para Ele, pois a nova vida que vem d\u2019Ele \u00e9 incompar\u00e1vel e vale a pena ser vivida\u201d, escreveu o papa em sua carta.<\/p>\n","protected":false},"excerpt":{"rendered":"<p>O papa Francisco deu cinco conselhos aos jovens latino-americanos que participam do XXI Encontro de L\u00edderes Nacionais da Pastoral da Juventude da Am\u00e9rica Latina e do Caribe, que ocorre em Assun\u00e7\u00e3o, Paraguai, de 15 a 20 de julho. 1. \u201cVoc\u00eas s\u00e3o o presente, sejam corajosos!&#8221; 2. \u201cEu os encorajo a se agarrarem firmemente \u00e0s suas [&hellip;]<\/p>\n","protected":false},"author":1,"featured_media":89402,"comment_status":"open","ping_status":"closed","sticky":false,"template":"","format":"standard","meta":{"footnotes":""},"categories":[4],"tags":[],"class_list":["post-89401","post","type-post","status-publish","format-standard","has-post-thumbnail","hentry","category-cotidiano"],"_links":{"self":[{"href":"https:\/\/catolicanet.net\/wp-cnet\/wp-json\/wp\/v2\/posts\/89401","targetHints":{"allow":["GET"]}}],"collection":[{"href":"https:\/\/catolicanet.net\/wp-cnet\/wp-json\/wp\/v2\/posts"}],"about":[{"href":"https:\/\/catolicanet.net\/wp-cnet\/wp-json\/wp\/v2\/types\/post"}],"author":[{"embeddable":true,"href":"https:\/\/catolicanet.net\/wp-cnet\/wp-json\/wp\/v2\/users\/1"}],"replies":[{"embeddable":true,"href":"https:\/\/catolicanet.net\/wp-cnet\/wp-json\/wp\/v2\/comments?post=89401"}],"version-history":[{"count":1,"href":"https:\/\/catolicanet.net\/wp-cnet\/wp-json\/wp\/v2\/posts\/89401\/revisions"}],"predecessor-version":[{"id":89404,"href":"https:\/\/catolicanet.net\/wp-cnet\/wp-json\/wp\/v2\/posts\/89401\/revisions\/89404"}],"wp:featuredmedia":[{"embeddable":true,"href":"https:\/\/catolicanet.net\/wp-cnet\/wp-json\/wp\/v2\/media\/89402"}],"wp:attachment":[{"href":"https:\/\/catolicanet.net\/wp-cnet\/wp-json\/wp\/v2\/media?parent=89401"}],"wp:term":[{"taxonomy":"category","embeddable":true,"href":"https:\/\/catolicanet.net\/wp-cnet\/wp-json\/wp\/v2\/categories?post=89401"},{"taxonomy":"post_tag","embeddable":true,"href":"https:\/\/catolicanet.net\/wp-cnet\/wp-json\/wp\/v2\/tags?post=89401"}],"curies":[{"name":"wp","href":"https:\/\/api.w.org\/{rel}","templated":true}]}}