{"id":89385,"date":"2024-07-19T10:01:15","date_gmt":"2024-07-19T13:01:15","guid":{"rendered":"https:\/\/catolicanet.net\/wp-cnet\/?p=89385"},"modified":"2024-07-19T13:02:20","modified_gmt":"2024-07-19T16:02:20","slug":"divulgado-programa-da-viagem-do-papa-a-luxemburgo-e-belgica","status":"publish","type":"post","link":"https:\/\/catolicanet.net\/wp-cnet\/divulgado-programa-da-viagem-do-papa-a-luxemburgo-e-belgica\/","title":{"rendered":"Divulgado programa da viagem do Papa a Luxemburgo e B\u00e9lgica"},"content":{"rendered":"<figure class=\"article__image\" style=\"text-align: justify;\"><span class=\"didascalia_img\">Papa antes de partir para Mata, em 3 de abril de 2022.\u00a0 (DARRIN ZAMMIT LUPI)<\/span><\/figure>\n<div class=\"article__meta \" data-mediatype=\"\">\n<div class=\"article__subTitle\" style=\"text-align: justify;\">Ser\u00e3o cinco discursos e uma homilia do Santo Padre na visita de quatro dias que far\u00e1 a Luxemburgo e B\u00e9lgica de 26 a 29 de setembro.<\/div>\n<div class=\"title__separator\" style=\"text-align: justify;\"><\/div>\n<div class=\"article__text\">\n<p style=\"text-align: justify;\"><b>Vatican News<\/b><\/p>\n<p style=\"text-align: justify;\">Foi divulgado nesta sexta-feira, 19, o programa da Viagem Apost\u00f3lica do Santo Padre a Luxemburgo e B\u00e9lgica, a ser realizada de 26 a 29 de setembro de 2024. Os hor\u00e1rios referem-se \u00e0 hora local:<\/p>\n<p style=\"text-align: justify;\"><u><b>Quinta-feira, 26 de setembro de 2024<\/b><\/u><\/p>\n<p style=\"text-align: justify;\"><b>ROMA &#8211; LUXEMBURGO &#8211; BRUXELAS<\/b><\/p>\n<p style=\"text-align: justify;\">08h05 &#8211; Partida de avi\u00e3o do Aeroporto Internacional de Roma\/Fiumicino com destino a Luxemburgo<\/p>\n<p style=\"text-align: justify;\">10h00 &#8211; Chegada ao Aeroporto Internacional de Luxemburgo\/Findel<\/p>\n<p style=\"text-align: justify;\">10h00 &#8211; Cerim\u00f4nia de Boas-vindas<\/p>\n<p style=\"text-align: justify;\">10h45 &#8211; Visita de cortesia ao Gr\u00e3o Duque de Luxemburgo no\u00a0<i>Palais Grand-Ducal<\/i><\/p>\n<p style=\"text-align: justify;\">11h15 &#8211; Reuni\u00e3o com o primeiro-ministro<\/p>\n<p style=\"text-align: justify;\">11h50 &#8211; Encontro com as Autoridades, Sociedade Civil e Corpo Diplom\u00e1tico no\u00a0<i>Cercle Cit\u00e9<\/i>\u00a0&#8211;\u00a0<b>Discurso do Santo Padre<\/b><\/p>\n<p style=\"text-align: justify;\">16h30 &#8211; Encontro com a Comunidade Cat\u00f3lica na Catedral de Notre-Dame em Luxemburgo &#8211;\u00a0<b>Discurso do Santo Padre<\/b><\/p>\n<p style=\"text-align: justify;\">17h45 &#8211; Cerim\u00f4nia de despedida no Aeroporto Internacional de Luxemburgo\/Findel<\/p>\n<p style=\"text-align: justify;\">18h15 &#8211; Partida de avi\u00e3o do Aeroporto Internacional de Luxemburgo\/Findel com destino a Bruxelas<\/p>\n<p style=\"text-align: justify;\">19h10 &#8211; Chegada \u00e0 Base A\u00e9rea de Melsbroek<\/p>\n<p style=\"text-align: justify;\">19h10 &#8211; Cerim\u00f4nia de Boas-vindas<\/p>\n<p style=\"text-align: justify;\"><u><b>Sexta-feira, 27 de setembro de 2024<\/b><\/u><\/p>\n<p style=\"text-align: justify;\"><b>BRUXELAS &#8211; LOVAIN<\/b><\/p>\n<p style=\"text-align: justify;\">09h15 &#8211;\u00a0 Visita de cortesia ao rei da B\u00e9lgica no Castelo de Laeken<\/p>\n<p style=\"text-align: justify;\">09h45 &#8211; Encontro com o primeiro-ministro belga<\/p>\n<p style=\"text-align: justify;\">10h00 &#8211; Encontro com as Autoridades e a Sociedade Civil &#8211;\u00a0<b>Discurso do Santo Padre<\/b><\/p>\n<p style=\"text-align: justify;\">16h30 &#8211; Encontro com os professores universit\u00e1rios no \u201cPromotiezaal\u201d da \u201cKatholieke Universiteit Leuven\u201d &#8211;\u00a0<i>Discurso do Santo Padre<\/i><\/p>\n<p style=\"text-align: justify;\"><u><b>S\u00e1bado, 28 de setembro de 2024<\/b><\/u><\/p>\n<p style=\"text-align: justify;\"><b>BRUXELAS &#8211; LOUVAIN-LA-NEUVE<\/b><\/p>\n<p style=\"text-align: justify;\">10h00 &#8211; Encontro com Bispos, Sacerdotes, Di\u00e1conos, Pessoas Consagradas, Seminaristas e Agentes Pastorais na Bas\u00edlica do Sagrado Cora\u00e7\u00e3o de Koekelberg &#8211;\u00a0<b>Discurso do Santo Padre<\/b><\/p>\n<p style=\"text-align: justify;\">16h30 &#8211; Encontro com Estudantes Universit\u00e1rios na \u201cAula Magna\u201d da Universidade Cat\u00f3lica de Lovain &#8211;\u00a0<b>Discurso do Santo Padre<\/b><\/p>\n<p style=\"text-align: justify;\">18h15 &#8211; Encontro provado com membros da Companhia de Jesus \u200b\u200b\u200b\u200bno\u00a0<i>Coll\u00e8ge Saint Michel<\/i><\/p>\n<p style=\"text-align: justify;\"><u><b>Domingo, 29 de setembro de 2024<\/b><\/u><\/p>\n<p style=\"text-align: justify;\"><b>BRUXELAS &#8211; ROMA<\/b><\/p>\n<p style=\"text-align: justify;\">10h00 &#8211; Santa Missa no Est\u00e1dio Rei Baldu\u00edno &#8211;\u00a0<b>Homilia do Santo Padre e\u00a0<\/b><i><b>Angelus<\/b><\/i><\/p>\n<p style=\"text-align: justify;\">12h15 &#8211; Cerim\u00f4nia de Despedida na Base A\u00e9rea de Melsbroek<\/p>\n<p style=\"text-align: justify;\">12h45\u00a0 &#8211; Partida de avi\u00e3o da Base A\u00e9rea de Melsbroek para Roma<\/p>\n<p style=\"text-align: justify;\">14h55 &#8211; Chegada ao Aeroporto Internacional de Roma\/Fiumicino<\/p>\n<\/div>\n<\/div>\n","protected":false},"excerpt":{"rendered":"<p>Papa antes de partir para Mata, em 3 de abril de 2022.\u00a0 (DARRIN ZAMMIT LUPI) Ser\u00e3o cinco discursos e uma homilia do Santo Padre na visita de quatro dias que far\u00e1 a Luxemburgo e B\u00e9lgica de 26 a 29 de setembro. Vatican News Foi divulgado nesta sexta-feira, 19, o programa da Viagem Apost\u00f3lica do Santo [&hellip;]<\/p>\n","protected":false},"author":1,"featured_media":89386,"comment_status":"open","ping_status":"closed","sticky":false,"template":"","format":"standard","meta":{"footnotes":""},"categories":[3],"tags":[],"class_list":["post-89385","post","type-post","status-publish","format-standard","has-post-thumbnail","hentry","category-vaticano"],"_links":{"self":[{"href":"https:\/\/catolicanet.net\/wp-cnet\/wp-json\/wp\/v2\/posts\/89385","targetHints":{"allow":["GET"]}}],"collection":[{"href":"https:\/\/catolicanet.net\/wp-cnet\/wp-json\/wp\/v2\/posts"}],"about":[{"href":"https:\/\/catolicanet.net\/wp-cnet\/wp-json\/wp\/v2\/types\/post"}],"author":[{"embeddable":true,"href":"https:\/\/catolicanet.net\/wp-cnet\/wp-json\/wp\/v2\/users\/1"}],"replies":[{"embeddable":true,"href":"https:\/\/catolicanet.net\/wp-cnet\/wp-json\/wp\/v2\/comments?post=89385"}],"version-history":[{"count":1,"href":"https:\/\/catolicanet.net\/wp-cnet\/wp-json\/wp\/v2\/posts\/89385\/revisions"}],"predecessor-version":[{"id":89388,"href":"https:\/\/catolicanet.net\/wp-cnet\/wp-json\/wp\/v2\/posts\/89385\/revisions\/89388"}],"wp:featuredmedia":[{"embeddable":true,"href":"https:\/\/catolicanet.net\/wp-cnet\/wp-json\/wp\/v2\/media\/89386"}],"wp:attachment":[{"href":"https:\/\/catolicanet.net\/wp-cnet\/wp-json\/wp\/v2\/media?parent=89385"}],"wp:term":[{"taxonomy":"category","embeddable":true,"href":"https:\/\/catolicanet.net\/wp-cnet\/wp-json\/wp\/v2\/categories?post=89385"},{"taxonomy":"post_tag","embeddable":true,"href":"https:\/\/catolicanet.net\/wp-cnet\/wp-json\/wp\/v2\/tags?post=89385"}],"curies":[{"name":"wp","href":"https:\/\/api.w.org\/{rel}","templated":true}]}}