{"id":89381,"date":"2024-07-19T09:58:06","date_gmt":"2024-07-19T12:58:06","guid":{"rendered":"https:\/\/catolicanet.net\/wp-cnet\/?p=89381"},"modified":"2024-07-19T13:00:30","modified_gmt":"2024-07-19T16:00:30","slug":"parolin-na-ucrania-visitas-a-kyiv-e-odessa-e-encontro-com-autoridades-civis-e-religiosas","status":"publish","type":"post","link":"https:\/\/catolicanet.net\/wp-cnet\/parolin-na-ucrania-visitas-a-kyiv-e-odessa-e-encontro-com-autoridades-civis-e-religiosas\/","title":{"rendered":"Parolin na Ucr\u00e2nia: visitas a Kyiv e Odessa, e encontro com autoridades civis e religiosas"},"content":{"rendered":"<figure class=\"article__image\"><span class=\"didascalia_img\">Cardeal secret\u00e1rio de Estado do Vaticano, Pietro Parolin\u00a0 (Daniele Scudieri &#8211; Imagoeconomica)<\/span><\/figure>\n<div class=\"article__meta audioInside\" data-mediatype=\"\">\n<div class=\"article__subTitle\" style=\"text-align: justify;\">O secret\u00e1rio de Estado visitar\u00e1 a Ucr\u00e2nia a partir desta sexta-feira, 19 de julho, at\u00e9 quarta-feira, 24 de julho. Esta ser\u00e1 sua primeira visita ao pa\u00eds da Europa Oriental desde o in\u00edcio da agress\u00e3o russa. O cardeal presidir\u00e1 a Missa no Santu\u00e1rio Mariano de Berdychiv para a celebra\u00e7\u00e3o conclusiva da peregrina\u00e7\u00e3o dos cat\u00f3licos ucranianos de rito latino.<\/div>\n<div class=\"title__separator\" style=\"text-align: justify;\"><\/div>\n<div class=\"article__text\">\n<p style=\"text-align: justify;\"><b>Vatican News<\/b><\/p>\n<div style=\"text-align: justify;\">\n<div class=\"article__embed article__embed--unwrap article__embed--dark\">\n<div class=\"article__innerTitle\">Ou\u00e7a e compartilhe<\/div>\n<div>\n<audio class=\"wp-audio-shortcode\" id=\"audio-89381-1\" preload=\"none\" style=\"width: 100%;\" controls=\"controls\"><source type=\"audio\/mpeg\" src=\"https:\/\/media.vaticannews.va\/media\/audio\/s1\/2024\/07\/19\/11\/138145531_F138145531.mp3?_=1\" \/><a href=\"https:\/\/media.vaticannews.va\/media\/audio\/s1\/2024\/07\/19\/11\/138145531_F138145531.mp3\">https:\/\/media.vaticannews.va\/media\/audio\/s1\/2024\/07\/19\/11\/138145531_F138145531.mp3<\/a><\/audio>\n<\/div>\n<\/div>\n<\/div>\n<p style=\"text-align: justify;\">Tem in\u00edcio nesta sexta-feira, 19 de julho, a viagem \u00e0 Ucr\u00e2nia do cardeal secret\u00e1rio de Estado Pietro Parolin, nomeado pelo Papa como delegado pontif\u00edcio para a celebra\u00e7\u00e3o conclusiva da peregrina\u00e7\u00e3o dos cat\u00f3licos ucranianos de rito latino, que se realiza no final do m\u00eas de julho no Santu\u00e1rio Mariano de Berdychiv.<\/p>\n<p style=\"text-align: justify;\">A visita do cardeal, a primeira ao pa\u00eds da Europa Oriental desde o in\u00edcio da invas\u00e3o russa, terminar\u00e1 no pr\u00f3ximo dia 24 de julho. Nestes dias, como divulgado pela conta oficial da Secretaria de Estado do Vaticano no X (<a href=\"https:\/\/x.com\/TerzaLoggia\" target=\"_blank\" rel=\"external nofollow noopener\">@TerzaLoggia<\/a>), h\u00e1 diversos compromissos e eventos programados.<\/p>\n<div style=\"text-align: justify;\">\n<aside class=\"article__readmore inEvidence\">\n<div class=\"teaser--labelEvidence teaser teaser--type-article teaser2x1--inEvidence\">\n<article>\n<div class=\"teaser__contentWrapper\">\n<div class=\"teaser__text\">O Papa nomeou o Cardeal-Secret\u00e1rio de Estado como seu representante para as celebra\u00e7\u00f5es de encerramento da peregrina\u00e7\u00e3o dos cat\u00f3licos ucranianos de rito latino, programada para o &#8230;<\/div>\n<\/div>\n<\/article>\n<\/div>\n<\/aside>\n<\/div>\n<h2 style=\"text-align: justify;\">Missa no Santu\u00e1rio de Berdychiv<\/h2>\n<p style=\"text-align: justify;\">No in\u00edcio da viagem, Parolin far\u00e1 uma breve parada no Episcopado do Metropolita de Lviv dos Latinos e, em seguida, visitar\u00e1 a cidade de Odessa. No domingo, 21 de julho, o cardeal presidir\u00e1 a Missa em Berdychiv para as celebra\u00e7\u00f5es conclusivas da peregrina\u00e7\u00e3o dos cat\u00f3licos ucranianos. O Santu\u00e1rio est\u00e1 localizado na regi\u00e3o (prov\u00edncia) de Zhytomyr, a oeste de Kyiv, e \u00e9 destino de peregrina\u00e7\u00f5es que re\u00fanem fi\u00e9is cat\u00f3licos de toda a Ucr\u00e2nia e tamb\u00e9m de outros pa\u00edses. Nos \u00faltimos dois anos, os peregrinos t\u00eam ido ao local pedir, em especial, a intercess\u00e3o de Maria pela paz.<\/p>\n<h2 style=\"text-align: justify;\">Encontro com autoridades<\/h2>\n<p style=\"text-align: justify;\">Nos dias seguintes, Parolin visitar\u00e1 a Catedral Greco-Cat\u00f3lica de Kyiv. Est\u00e1 previsto tamb\u00e9m um encontro com o arcebispo maior da Igreja Greco-Cat\u00f3lica Ucraniana, Sviatoslav Shevchuk. O programa inclui ainda o encontro do secret\u00e1rio de Estado do Vaticano com as autoridades civis e religiosas do pa\u00eds.<\/p>\n<\/div>\n<\/div>\n","protected":false},"excerpt":{"rendered":"<p>Cardeal secret\u00e1rio de Estado do Vaticano, Pietro Parolin\u00a0 (Daniele Scudieri &#8211; Imagoeconomica) O secret\u00e1rio de Estado visitar\u00e1 a Ucr\u00e2nia a partir desta sexta-feira, 19 de julho, at\u00e9 quarta-feira, 24 de julho. Esta ser\u00e1 sua primeira visita ao pa\u00eds da Europa Oriental desde o in\u00edcio da agress\u00e3o russa. O cardeal presidir\u00e1 a Missa no Santu\u00e1rio Mariano [&hellip;]<\/p>\n","protected":false},"author":1,"featured_media":89382,"comment_status":"open","ping_status":"closed","sticky":false,"template":"","format":"standard","meta":{"footnotes":""},"categories":[3],"tags":[],"class_list":["post-89381","post","type-post","status-publish","format-standard","has-post-thumbnail","hentry","category-vaticano"],"_links":{"self":[{"href":"https:\/\/catolicanet.net\/wp-cnet\/wp-json\/wp\/v2\/posts\/89381","targetHints":{"allow":["GET"]}}],"collection":[{"href":"https:\/\/catolicanet.net\/wp-cnet\/wp-json\/wp\/v2\/posts"}],"about":[{"href":"https:\/\/catolicanet.net\/wp-cnet\/wp-json\/wp\/v2\/types\/post"}],"author":[{"embeddable":true,"href":"https:\/\/catolicanet.net\/wp-cnet\/wp-json\/wp\/v2\/users\/1"}],"replies":[{"embeddable":true,"href":"https:\/\/catolicanet.net\/wp-cnet\/wp-json\/wp\/v2\/comments?post=89381"}],"version-history":[{"count":1,"href":"https:\/\/catolicanet.net\/wp-cnet\/wp-json\/wp\/v2\/posts\/89381\/revisions"}],"predecessor-version":[{"id":89384,"href":"https:\/\/catolicanet.net\/wp-cnet\/wp-json\/wp\/v2\/posts\/89381\/revisions\/89384"}],"wp:featuredmedia":[{"embeddable":true,"href":"https:\/\/catolicanet.net\/wp-cnet\/wp-json\/wp\/v2\/media\/89382"}],"wp:attachment":[{"href":"https:\/\/catolicanet.net\/wp-cnet\/wp-json\/wp\/v2\/media?parent=89381"}],"wp:term":[{"taxonomy":"category","embeddable":true,"href":"https:\/\/catolicanet.net\/wp-cnet\/wp-json\/wp\/v2\/categories?post=89381"},{"taxonomy":"post_tag","embeddable":true,"href":"https:\/\/catolicanet.net\/wp-cnet\/wp-json\/wp\/v2\/tags?post=89381"}],"curies":[{"name":"wp","href":"https:\/\/api.w.org\/{rel}","templated":true}]}}