{"id":89373,"date":"2024-07-18T09:39:22","date_gmt":"2024-07-18T12:39:22","guid":{"rendered":"https:\/\/catolicanet.net\/wp-cnet\/?p=89373"},"modified":"2024-07-18T13:44:55","modified_gmt":"2024-07-18T16:44:55","slug":"voce-sabe-qual-planta-e-mencionada-com-mais-frequencia-na-biblia","status":"publish","type":"post","link":"https:\/\/catolicanet.net\/wp-cnet\/voce-sabe-qual-planta-e-mencionada-com-mais-frequencia-na-biblia\/","title":{"rendered":"Voc\u00ea sabe qual planta \u00e9 mencionada com mais frequ\u00eancia na B\u00edblia?"},"content":{"rendered":"<div style=\"text-align: justify;\"><span class=\"SubHeading_subheading__NJ_eJ\" aria-label=\"postar legenda\"><span>D\u00ea uma olhada em algumas das muitas plantas que s\u00e3o frequentemente mencionadas na B\u00edblia<\/span><\/span><\/div>\n<div style=\"text-align: justify;\">\n<div>\n<p><span>As plantas ocupam um lugar especial na B\u00edblia. N\u00e3o s\u00f3 fazem parte da bela cria\u00e7\u00e3o que Deus deu \u00e0 humanidade, mas muitas plantas tamb\u00e9m servem como s\u00edmbolos e met\u00e1foras para verdades religiosas e li\u00e7\u00f5es de vida.<\/span><\/p>\n<\/div>\n<\/div>\n<div style=\"text-align: justify;\">\n<div>\n<p><span>Mais de cem plantas s\u00e3o mencionadas\u00a0na\u00a0<\/span><span>B\u00edblia<\/span><span>\u00a0, desde \u00e1rvores poderosas at\u00e9 flores e especiarias. As mais citadas s\u00e3o a videira e a oliveira.<\/span><\/p>\n<\/div>\n<\/div>\n<div style=\"text-align: justify;\">\n<div>\n<p><span>Al\u00e9m de seus usos pr\u00e1ticos para alimenta\u00e7\u00e3o e cura, as plantas na B\u00edblia muitas vezes t\u00eam significados simb\u00f3licos profundos. Por exemplo, a oliveira era essencial \u00e0 vida e aos rituais, pois\u00a0<\/span><span>o azeite era utilizado para ungir,<\/span><span>\u00a0cozinhar e iluminar.<\/span><\/p>\n<\/div>\n<\/div>\n<div style=\"text-align: justify;\">\n<div>\n<p><span>A videira e o vinho simbolizam a alegria e a alian\u00e7a entre Deus e o seu povo. At\u00e9 as plantas mais simples, como os\u00a0<\/span><span>l\u00edrios,<\/span><span> s\u00e3o usadas para representar o cuidado de Deus pela sua cria\u00e7\u00e3o.<\/span><\/p>\n<\/div>\n<\/div>\n<div style=\"text-align: justify;\">\n<div>\n<p><span>Na galeria abaixo, veja algumas das plantas frequentemente mencionadas na B\u00edblia e descubra o seu significado simb\u00f3lico e fun\u00e7\u00e3o.<\/span><\/p>\n<\/div>\n<\/div>\n<div style=\"text-align: justify;\">\n<h2 class=\"Heading_heading__PlVsb\" style=\"text-align: justify;\">Plantas na B\u00edblia e seu significado:<\/h2>\n<p><img decoding=\"async\" src=\"https:\/\/wp.es.aleteia.org\/wp-content\/uploads\/sites\/7\/2024\/07\/shutterstock_2469161609.jpg?w=960&amp;q=75\" alt=\"trigo\" \/><\/p>\n<div class=\"Footer_titleStyle__d9FiO\"><span>Trigo<\/span><\/div>\n<div class=\"Footer_caption__SlXXH\"><span>O trigo representa a vida e a sobreviv\u00eancia, pois era um alimento b\u00e1sico nos tempos b\u00edblicos. Junto com o trigo, a cevada era o gr\u00e3o b\u00e1sico para o p\u00e3o e outros pratos. Todas as tarefas, desde a semeadura at\u00e9 a colheita e o cozimento do p\u00e3o, s\u00e3o utilizadas como s\u00edmbolos da Paix\u00e3o, morte, ressurrei\u00e7\u00e3o e sacrif\u00edcio eucar\u00edstico de Jesus na Santa Missa. &#8220;Porque o Senhor teu Deus te conduz [&#8230;] a uma terra de trigo, cevada, videiras, figueiras e rom\u00e3s, a uma terra de oliveiras e mel.&#8221; (Deuteron\u00f4mio 8, 7-8)<\/span><\/div>\n<\/div>\n<div style=\"text-align: justify;\"><\/div>\n<div style=\"text-align: justify;\"><img decoding=\"async\" src=\"https:\/\/wp.es.aleteia.org\/wp-content\/uploads\/sites\/7\/2024\/07\/shutterstock_1170162568.jpg?w=960&amp;q=75\" alt=\"boatos\" \/><\/div>\n<div style=\"text-align: justify;\">\n<div class=\"Footer_titleStyle__d9FiO\"><span>Videira<\/span><\/div>\n<div class=\"Footer_caption__SlXXH\"><span>A videira e o vinho simbolizam a alegria e a alian\u00e7a entre Deus e o seu povo. Os vinhedos s\u00e3o frequentemente mencionados como um sinal de riqueza e do cuidado de Deus. Jesus elevou o simbolismo do vinho a um novo n\u00edvel, foi o seu primeiro milagre, e o vinho \u00e9 usado em todas as Santas Missas como uma lembran\u00e7a da \u00daltima Ceia e do sacrif\u00edcio de Jesus. Na Eucaristia, o vinho se transforma no sangue de Jesus. \u201cEu sou a videira verdadeira e meu Pai \u00e9 o viticultor\u201d. (Jo 15,1)<\/span><\/div>\n<\/div>\n<div style=\"text-align: justify;\"><\/div>\n<div style=\"text-align: justify;\"><img decoding=\"async\" src=\"https:\/\/wp.es.aleteia.org\/wp-content\/uploads\/sites\/7\/2024\/07\/shutterstock_2409455343.jpg?w=960&amp;q=75\" alt=\"Oliveira\" \/><\/div>\n<div style=\"text-align: justify;\">\n<div class=\"Footer_titleStyle__d9FiO\"><span>Oliva<\/span><\/div>\n<div class=\"Footer_caption__SlXXH\"><span>A oliveira \u00e9 um s\u00edmbolo da paz e da b\u00ean\u00e7\u00e3o de Deus. Era essencial \u00e0 vida e aos rituais, pois o azeite era utilizado para ungir, cozinhar e iluminar. As oliveiras tamb\u00e9m est\u00e3o associadas aos \u00faltimos momentos de Jesus antes da sua paix\u00e3o, quando rezou no Monte das Oliveiras. As \u00e1rvores que estavam \u201cpresentes\u201d naquela \u00e9poca ainda hoje podem ser vistas naquele local, pois t\u00eam mais de 2.000 anos. \u00ab\u00c0 noite a pomba voltou e eis que no seu bico havia um ramo de oliveira verde. E No\u00e9 sabia que as \u00e1guas haviam recuado da terra. (Deuteron\u00f4mio 8:11)<\/span><\/div>\n<\/div>\n<div style=\"text-align: justify;\"><\/div>\n<div style=\"text-align: justify;\"><img decoding=\"async\" src=\"https:\/\/wp.es.aleteia.org\/wp-content\/uploads\/sites\/7\/2024\/07\/shutterstock_675610729.jpg?w=960&amp;q=75\" alt=\"cedro do L\u00edbano\" \/><\/div>\n<div style=\"text-align: justify;\">\n<div class=\"Footer_titleStyle__d9FiO\"><span>Cedro<\/span><\/div>\n<div class=\"Footer_caption__SlXXH\"><span>O cedro \u00e9 um s\u00edmbolo de for\u00e7a, majestade e virtude. Foi usado para construir templos e pal\u00e1cios reais, e o Templo de Salom\u00e3o foi constru\u00eddo com madeira de alta qualidade. O profeta Isa\u00edas usa isso como met\u00e1fora para a virtude: \u201cOs justos brotam como a palmeira, crescem como o cedro do L\u00edbano\u201d. (Isa. 2:13\/Sl. 92:13).<\/span><\/div>\n<\/div>\n<div style=\"text-align: justify;\"><\/div>\n<div style=\"text-align: justify;\"><img decoding=\"async\" src=\"https:\/\/wp.es.aleteia.org\/wp-content\/uploads\/sites\/7\/2024\/07\/shutterstock_2371442573.jpg?w=960&amp;q=75\" alt=\"rom\u00e3\" \/><\/div>\n<div style=\"text-align: justify;\">\n<div class=\"Footer_titleStyle__d9FiO\"><span>Granada<\/span><\/div>\n<div class=\"Footer_caption__SlXXH\"><span>A rom\u00e3 \u00e9 um s\u00edmbolo da paix\u00e3o e ressurrei\u00e7\u00e3o de Jesus. &#8220;Como uma granada, \u00e9 a sombra do sapato.&#8221; (CP 4:3)<\/span><\/div>\n<\/div>\n<div style=\"text-align: justify;\"><\/div>\n<div style=\"text-align: justify;\"><img decoding=\"async\" src=\"https:\/\/wp.es.aleteia.org\/wp-content\/uploads\/sites\/7\/2024\/07\/shutterstock_1635037501.jpg?w=960&amp;q=75\" alt=\"cupresso\" \/><\/div>\n<div style=\"text-align: justify;\">\n<div class=\"Footer_titleStyle__d9FiO\"><span>Cipreste<\/span><\/div>\n<div class=\"Footer_caption__SlXXH\"><span>Na B\u00edblia, a madeira de cipreste \u00e9 mencionada na constru\u00e7\u00e3o de templos, navios e objetos sagrados. \u00c9 resistente \u00e0s intemp\u00e9ries. Durante a constru\u00e7\u00e3o do Templo de Salom\u00e3o em Jerusal\u00e9m, foi usado para fazer portas, altares&#8230; &#8220;Sou como um cipreste verde, o seu fruto se encontra em mim.&#8221; (Os 14:9)<\/span><\/div>\n<\/div>\n<div style=\"text-align: justify;\"><\/div>\n<div style=\"text-align: justify;\"><img decoding=\"async\" src=\"https:\/\/wp.es.aleteia.org\/wp-content\/uploads\/sites\/7\/2024\/07\/shutterstock_2192671307.jpg?w=960&amp;q=75\" alt=\"alfarroba\" \/><\/div>\n<div style=\"text-align: justify;\">\n<div class=\"Footer_titleStyle__d9FiO\"><span>Alfarrobeira<\/span><\/div>\n<div class=\"Footer_caption__SlXXH\"><span>A alfarrobeira \u00e9 mencionada no Novo Testamento quando Jesus conta a par\u00e1bola do filho pr\u00f3digo que, com fome, procurava alimentar-se das alfarrobeiras que os porcos comiam. &#8220;Ele queria se fartar das alfarrobas que os porcos comiam, mas ningu\u00e9m lhe dava.&#8221; (Lucas 15:16)<\/span><\/div>\n<\/div>\n<div style=\"text-align: justify;\"><\/div>\n<div style=\"text-align: justify;\"><img decoding=\"async\" src=\"https:\/\/wp.es.aleteia.org\/wp-content\/uploads\/sites\/7\/2024\/07\/shutterstock_2350843823.jpg?w=960&amp;q=75\" alt=\"murta\" \/><\/div>\n<div style=\"text-align: justify;\">\n<div class=\"Footer_titleStyle__d9FiO\"><span>Murta<\/span><\/div>\n<div class=\"Footer_caption__SlXXH\"><span>\u00c9 um s\u00edmbolo de renova\u00e7\u00e3o espiritual e beleza. Suas folhas e flores s\u00e3o perfumadas pelos \u00f3leos essenciais que cont\u00eam. \u00abEm vez de espinhos crescer\u00e3o ciprestes; em vez de urtigas, murtas. Isto ser\u00e1 para a gl\u00f3ria do Senhor, um sinal duradouro que n\u00e3o ser\u00e1 destru\u00eddo. (Isa\u00edas 55:13)<\/span><\/div>\n<\/div>\n<div style=\"text-align: justify;\"><\/div>\n<div style=\"text-align: justify;\"><img decoding=\"async\" src=\"https:\/\/wp.es.aleteia.org\/wp-content\/uploads\/sites\/7\/2024\/07\/shutterstock_2466527353.jpg?w=960&amp;q=75\" alt=\"Figo\" \/><\/div>\n<div style=\"text-align: justify;\">\n<div class=\"Footer_titleStyle__d9FiO\"><span>Figueira<\/span><\/div>\n<div class=\"Footer_caption__SlXXH\"><span>A figueira \u00e9 uma das primeiras plantas mencionadas na B\u00edblia, e em G\u00eanesis 1 lemos que Ad\u00e3o e Eva costuraram aventais com folhas de figueira. O tipo de figueira \u00e9 o sic\u00f4moro, no qual Zaqueu (Mateus) subiu para ver Jesus. \u00abEnt\u00e3o seus olhos foram abertos e eles perceberam que estavam nus. &#8220;Eles tiraram os aventais feitos de folhas de figueira.&#8221; (Deuteron\u00f4mio 3:7)<\/span><\/div>\n<\/div>\n<div style=\"text-align: justify;\"><\/div>\n<div style=\"text-align: justify;\"><img decoding=\"async\" src=\"https:\/\/wp.es.aleteia.org\/wp-content\/uploads\/sites\/7\/2024\/07\/shutterstock_1832326660.jpg?w=960&amp;q=75\" alt=\"canela\" \/><\/div>\n<div>\n<div class=\"Footer_titleStyle__d9FiO\" style=\"text-align: justify;\"><span>Canela<\/span><\/div>\n<div class=\"Footer_caption__SlXXH\" style=\"text-align: justify;\"><span>A canela \u00e9 uma pequena \u00e1rvore cuja casca seca \u00e9 uma das fontes mais antigas de canela. Esta especiaria, mencionada no Antigo Testamento, tem sido usada na alimenta\u00e7\u00e3o e na medicina. &#8220;Perfumei meu colch\u00e3o com mirra, babosa e canela.&#8221; (Gn 7:17)<\/span><\/div>\n<\/div>\n<div><\/div>\n<div><\/div>\n","protected":false},"excerpt":{"rendered":"<p>D\u00ea uma olhada em algumas das muitas plantas que s\u00e3o frequentemente mencionadas na B\u00edblia As plantas ocupam um lugar especial na B\u00edblia. N\u00e3o s\u00f3 fazem parte da bela cria\u00e7\u00e3o que Deus deu \u00e0 humanidade, mas muitas plantas tamb\u00e9m servem como s\u00edmbolos e met\u00e1foras para verdades religiosas e li\u00e7\u00f5es de vida. Mais de cem plantas s\u00e3o [&hellip;]<\/p>\n","protected":false},"author":1,"featured_media":89374,"comment_status":"open","ping_status":"closed","sticky":false,"template":"","format":"standard","meta":{"footnotes":""},"categories":[4],"tags":[],"class_list":["post-89373","post","type-post","status-publish","format-standard","has-post-thumbnail","hentry","category-cotidiano"],"_links":{"self":[{"href":"https:\/\/catolicanet.net\/wp-cnet\/wp-json\/wp\/v2\/posts\/89373","targetHints":{"allow":["GET"]}}],"collection":[{"href":"https:\/\/catolicanet.net\/wp-cnet\/wp-json\/wp\/v2\/posts"}],"about":[{"href":"https:\/\/catolicanet.net\/wp-cnet\/wp-json\/wp\/v2\/types\/post"}],"author":[{"embeddable":true,"href":"https:\/\/catolicanet.net\/wp-cnet\/wp-json\/wp\/v2\/users\/1"}],"replies":[{"embeddable":true,"href":"https:\/\/catolicanet.net\/wp-cnet\/wp-json\/wp\/v2\/comments?post=89373"}],"version-history":[{"count":1,"href":"https:\/\/catolicanet.net\/wp-cnet\/wp-json\/wp\/v2\/posts\/89373\/revisions"}],"predecessor-version":[{"id":89376,"href":"https:\/\/catolicanet.net\/wp-cnet\/wp-json\/wp\/v2\/posts\/89373\/revisions\/89376"}],"wp:featuredmedia":[{"embeddable":true,"href":"https:\/\/catolicanet.net\/wp-cnet\/wp-json\/wp\/v2\/media\/89374"}],"wp:attachment":[{"href":"https:\/\/catolicanet.net\/wp-cnet\/wp-json\/wp\/v2\/media?parent=89373"}],"wp:term":[{"taxonomy":"category","embeddable":true,"href":"https:\/\/catolicanet.net\/wp-cnet\/wp-json\/wp\/v2\/categories?post=89373"},{"taxonomy":"post_tag","embeddable":true,"href":"https:\/\/catolicanet.net\/wp-cnet\/wp-json\/wp\/v2\/tags?post=89373"}],"curies":[{"name":"wp","href":"https:\/\/api.w.org\/{rel}","templated":true}]}}