{"id":89337,"date":"2024-07-16T09:44:45","date_gmt":"2024-07-16T12:44:45","guid":{"rendered":"https:\/\/catolicanet.net\/wp-cnet\/?p=89337"},"modified":"2024-07-16T16:45:43","modified_gmt":"2024-07-16T19:45:43","slug":"secretarios-executivos-dos-19-regionais-da-cnbb-estao-no-nordeste-1-em-seu-encontro-anual","status":"publish","type":"post","link":"https:\/\/catolicanet.net\/wp-cnet\/secretarios-executivos-dos-19-regionais-da-cnbb-estao-no-nordeste-1-em-seu-encontro-anual\/","title":{"rendered":"SECRET\u00c1RIOS EXECUTIVOS DOS 19 REGIONAIS DA CNBB EST\u00c3O NO NORDESTE 1 EM SEU ENCONTRO ANUAL"},"content":{"rendered":"<p style=\"text-align: justify;\">De 15 a 19 de julho, os secret\u00e1rios e secret\u00e1rias executivas dos 19 regionais da Confer\u00eancia Nacional dos Bispos do Brasil (CNBB) estar\u00e3o, em Fortaleza (CE) para o seu encontro anual. O encontro acontece na sede do regional Nordeste 1.<\/p>\n<blockquote><p><img loading=\"lazy\" decoding=\"async\" class=\"size-medium wp-image-966866 alignleft\" src=\"https:\/\/www.cnbb.org.br\/wp-content\/uploads\/2024\/07\/Padre-Janison-1-300x225.jpg\" sizes=\"auto, (max-width: 300px) 100vw, 300px\" srcset=\"https:\/\/www.cnbb.org.br\/wp-content\/uploads\/2024\/07\/Padre-Janison-1-300x225.jpg 300w, https:\/\/www.cnbb.org.br\/wp-content\/uploads\/2024\/07\/Padre-Janison-1-1024x768.jpg 1024w, https:\/\/www.cnbb.org.br\/wp-content\/uploads\/2024\/07\/Padre-Janison-1-768x576.jpg 768w, https:\/\/www.cnbb.org.br\/wp-content\/uploads\/2024\/07\/Padre-Janison-1-1536x1152.jpg 1536w, https:\/\/www.cnbb.org.br\/wp-content\/uploads\/2024\/07\/Padre-Janison-1-500x375.jpg 500w, https:\/\/www.cnbb.org.br\/wp-content\/uploads\/2024\/07\/Padre-Janison-1-800x600.jpg 800w, https:\/\/www.cnbb.org.br\/wp-content\/uploads\/2024\/07\/Padre-Janison-1.jpg 1600w\" alt=\"\" width=\"300\" height=\"225\" \/>De acordo com o subsecret\u00e1rio adjunto de pastoral da CNBB, padre J\u00e2nison de S\u00e1, o regional Nordeste 1 da CNBB, o encontro ser\u00e1 um encontro ser\u00e1 de muita reflex\u00e3o, ora\u00e7\u00e3o e planejamento, al\u00e9m de comunica\u00e7\u00f5es sobre o andamento dos regionais da CNBB.<\/p><\/blockquote>\n<h3 style=\"text-align: justify;\">Avalia\u00e7\u00e3o da nova gest\u00e3o<\/h3>\n<p style=\"text-align: justify;\">O bispo auxiliar de Bras\u00edlia e secret\u00e1rio-geral da CNBB, dom Ricardo Hoepers, destacou que trata-se de um momento importante no qual ser\u00e1 feita uma avalia\u00e7\u00e3o dos quase dois anos da nova gest\u00e3o da CNBB. \u201cTamb\u00e9m nos debru\u00e7aremos sobre as novas perspectivas que se abrem a partir das novas diretrizes gerais da a\u00e7\u00e3o evangelizadora da Igreja no Brasil\u201d, disse.<\/p>\n<p style=\"text-align: justify;\">Dom Ricardo falou sobre suas impress\u00f5es do regional Nordeste 1. \u201cPercebemos que \u00e9 um regional muito bem organizado e com uma vibrante caminhada pastoral. Parabenizo o presidente do regional, dom Magnus Henrique Lopes, e sua equipe. Nos alegra muito estar aqui e ver o quanto o regional avan\u00e7ou pastoral e administrativamente\u201d, disse.<\/p>\n<p style=\"text-align: justify;\"><img loading=\"lazy\" decoding=\"async\" class=\"aligncenter wp-image-966865 size-large\" src=\"https:\/\/www.cnbb.org.br\/wp-content\/uploads\/2024\/07\/Secretarios-Executivos-1-1024x470.jpg\" sizes=\"auto, (max-width: 1024px) 100vw, 1024px\" srcset=\"https:\/\/www.cnbb.org.br\/wp-content\/uploads\/2024\/07\/Secretarios-Executivos-1-1024x470.jpg 1024w, https:\/\/www.cnbb.org.br\/wp-content\/uploads\/2024\/07\/Secretarios-Executivos-1-300x138.jpg 300w, https:\/\/www.cnbb.org.br\/wp-content\/uploads\/2024\/07\/Secretarios-Executivos-1-768x353.jpg 768w, https:\/\/www.cnbb.org.br\/wp-content\/uploads\/2024\/07\/Secretarios-Executivos-1-1536x706.jpg 1536w, https:\/\/www.cnbb.org.br\/wp-content\/uploads\/2024\/07\/Secretarios-Executivos-1-500x230.jpg 500w, https:\/\/www.cnbb.org.br\/wp-content\/uploads\/2024\/07\/Secretarios-Executivos-1.jpg 1576w\" alt=\"\" width=\"1024\" height=\"470\" \/><\/p>\n<p style=\"text-align: justify;\">\n<pre>Por Willian Bonfim com fotos e informa\u00e7\u00f5es de Alex Ferreira, Comunica\u00e7\u00e3o NE 1<\/pre>\n","protected":false},"excerpt":{"rendered":"<p>De 15 a 19 de julho, os secret\u00e1rios e secret\u00e1rias executivas dos 19 regionais da Confer\u00eancia Nacional dos Bispos do Brasil (CNBB) estar\u00e3o, em Fortaleza (CE) para o seu encontro anual. O encontro acontece na sede do regional Nordeste 1. De acordo com o subsecret\u00e1rio adjunto de pastoral da CNBB, padre J\u00e2nison de S\u00e1, o [&hellip;]<\/p>\n","protected":false},"author":1,"featured_media":89338,"comment_status":"open","ping_status":"closed","sticky":false,"template":"","format":"standard","meta":{"footnotes":""},"categories":[7],"tags":[],"class_list":["post-89337","post","type-post","status-publish","format-standard","has-post-thumbnail","hentry","category-cnbb"],"_links":{"self":[{"href":"https:\/\/catolicanet.net\/wp-cnet\/wp-json\/wp\/v2\/posts\/89337","targetHints":{"allow":["GET"]}}],"collection":[{"href":"https:\/\/catolicanet.net\/wp-cnet\/wp-json\/wp\/v2\/posts"}],"about":[{"href":"https:\/\/catolicanet.net\/wp-cnet\/wp-json\/wp\/v2\/types\/post"}],"author":[{"embeddable":true,"href":"https:\/\/catolicanet.net\/wp-cnet\/wp-json\/wp\/v2\/users\/1"}],"replies":[{"embeddable":true,"href":"https:\/\/catolicanet.net\/wp-cnet\/wp-json\/wp\/v2\/comments?post=89337"}],"version-history":[{"count":1,"href":"https:\/\/catolicanet.net\/wp-cnet\/wp-json\/wp\/v2\/posts\/89337\/revisions"}],"predecessor-version":[{"id":89340,"href":"https:\/\/catolicanet.net\/wp-cnet\/wp-json\/wp\/v2\/posts\/89337\/revisions\/89340"}],"wp:featuredmedia":[{"embeddable":true,"href":"https:\/\/catolicanet.net\/wp-cnet\/wp-json\/wp\/v2\/media\/89338"}],"wp:attachment":[{"href":"https:\/\/catolicanet.net\/wp-cnet\/wp-json\/wp\/v2\/media?parent=89337"}],"wp:term":[{"taxonomy":"category","embeddable":true,"href":"https:\/\/catolicanet.net\/wp-cnet\/wp-json\/wp\/v2\/categories?post=89337"},{"taxonomy":"post_tag","embeddable":true,"href":"https:\/\/catolicanet.net\/wp-cnet\/wp-json\/wp\/v2\/tags?post=89337"}],"curies":[{"name":"wp","href":"https:\/\/api.w.org\/{rel}","templated":true}]}}