{"id":89311,"date":"2024-07-16T09:28:19","date_gmt":"2024-07-16T12:28:19","guid":{"rendered":"https:\/\/catolicanet.net\/wp-cnet\/?p=89311"},"modified":"2024-07-16T16:29:36","modified_gmt":"2024-07-16T19:29:36","slug":"nada-obsta-do-dicasterio-para-a-doutrina-da-fe-sobre-nossa-senhora-dello-scoglio","status":"publish","type":"post","link":"https:\/\/catolicanet.net\/wp-cnet\/nada-obsta-do-dicasterio-para-a-doutrina-da-fe-sobre-nossa-senhora-dello-scoglio\/","title":{"rendered":"Nada obsta do Dicast\u00e9rio para a Doutrina da F\u00e9 sobre Nossa Senhora &#8220;dello Scoglio&#8221;"},"content":{"rendered":"<div class=\"mediaContent__inner \">\n<figure class=\"article__image\" style=\"text-align: justify;\"><span class=\"didascalia_img\">Santu\u00e1rio de Nossa Senhora &#8220;dello Scoglio&#8221; na Cal\u00e1bria (Copyright \u00a9 2024 Nostra Signora dello Scoglio. Powered by Fondazione Madonna dello Scoglio)<\/span><\/figure>\n<\/div>\n<article class=\"article \">\n<div class=\"article__meta audioInside\" data-mediatype=\"foto\">\n<div class=\"article__subTitle\" style=\"text-align: justify;\">De acordo com as novas normas, o Dicast\u00e9rio para a Doutrina da F\u00e9 tornou p\u00fablica a decis\u00e3o positiva em rela\u00e7\u00e3o aos frutos espirituais ap\u00f3s as apari\u00e7\u00f5es relatadas pelo vidente Cosimo Fragomeni na Cal\u00e1bria, sul da It\u00e1lia. Tamb\u00e9m nesse caso n\u00e3o h\u00e1 pronunciamento sobre a origem sobrenatural, mas os fi\u00e9is est\u00e3o autorizados a dar sua ades\u00e3o<\/div>\n<div class=\"title__separator\" style=\"text-align: justify;\"><\/div>\n<div class=\"article__text\">\n<p style=\"text-align: justify;\"><b>Vatican News<\/b><\/p>\n<div style=\"text-align: justify;\">\n<div class=\"article__embed article__embed--unwrap article__embed--dark\">\n<div class=\"article__innerTitle\">Ou\u00e7a e compartilhe<\/div>\n<div>\n<!--[if lt IE 9]><script>document.createElement('audio');<\/script><![endif]-->\n<audio class=\"wp-audio-shortcode\" id=\"audio-89311-1\" preload=\"none\" style=\"width: 100%;\" controls=\"controls\"><source type=\"audio\/mpeg\" src=\"https:\/\/media.vaticannews.va\/media\/audio\/s1\/2024\/07\/16\/12\/138137389_F138137389.mp3?_=1\" \/><a href=\"https:\/\/media.vaticannews.va\/media\/audio\/s1\/2024\/07\/16\/12\/138137389_F138137389.mp3\">https:\/\/media.vaticannews.va\/media\/audio\/s1\/2024\/07\/16\/12\/138137389_F138137389.mp3<\/a><\/audio>\n<\/div>\n<\/div>\n<\/div>\n<p style=\"text-align: justify;\">&#8220;No mundo secularizado em que vivemos, no qual tantos transcorrem a sua exist\u00eancia sem alguma refer\u00eancia ao transcendente, os peregrinos que se aproximam do Santu\u00e1rio \u2018dello Scoglio\u2019 s\u00e3o um potente sinal de f\u00e9&#8221;. Essas s\u00e3o as\u00a0<a href=\"https:\/\/www.vatican.va\/roman_curia\/congregations\/cfaith\/documents\/rc_ddf_doc_20240705_lettera-santuario-placanica_po.html\" target=\"_blank\" rel=\"external noopener\">palavras do cardeal Victor Manuel Fern\u00e1ndez<\/a>, prefeito do Dicast\u00e9rio para a Doutrina da F\u00e9, que &#8211; em resposta a uma carta do bispo de Locri-Gerace, Francesco Oliva, datada de 3 de junho &#8211; &#8220;confirma a determina\u00e7\u00e3o Nihil obstat&#8221; (Nada obsta) proposta pelo prelado em refer\u00eancia aos acontecimentos em torno do Santu\u00e1rio Diocesano de Nossa Senhora \u201cdello Scoglio\u201d, localizado em Santa Domenica di Placanica, na Cal\u00e1bria, sul da It\u00e1lia.<\/p>\n<h2 style=\"text-align: justify;\">Reconhecimento de uma experi\u00eancia do Esp\u00edrito<\/h2>\n<p style=\"text-align: justify;\">A\u00ed, em 11 de maio de 1968, a Virgem Maria teria aparecido pela primeira vez a Cosimo Fragomeni, um humilde lavrador de 18 anos. De acordo com as novas\u00a0<a href=\"https:\/\/www.vatican.va\/roman_curia\/congregations\/cfaith\/documents\/rc_ddf_doc_20240517_norme-fenomeni-soprannaturali_po.html\" target=\"_blank\" rel=\"external noopener\">Normas publicadas em 17 de maio passado<\/a>\u00a0pelo Dicast\u00e9rio para a Doutrina da F\u00e9, o nada obsta &#8211; especifica o cardeal Fern\u00e1ndez na carta &#8211; n\u00e3o deve ser entendido &#8220;como uma aprova\u00e7\u00e3o do car\u00e1ter sobrenatural do fen\u00f4meno&#8221;, mas como o reconhecimento de uma &#8220;experi\u00eancia do Esp\u00edrito&#8221;, para a qual o bispo diocesano \u00e9 encorajado a apreciar o valor pastoral e a promover a difus\u00e3o dessa proposta espiritual, tamb\u00e9m por meio de peregrina\u00e7\u00f5es, enquanto &#8220;os fi\u00e9is s\u00e3o autorizados&#8221; a dar sua ades\u00e3o a esses eventos &#8220;de maneira prudente&#8221;.<\/p>\n<h2 style=\"text-align: justify;\">Um lugar para encontrar a miseric\u00f3rdia de Deus<\/h2>\n<p style=\"text-align: justify;\">A primeira apari\u00e7\u00e3o em 1968, conta Cosimo, teria sido precedida por um feixe de luz vindo de um rochedo de arenito perto da casa do jovem e teria se repetido pelos quatro dias seguintes. Nas mensagens relatadas por Cosimo, a Virgem convida \u00e0 convers\u00e3o e \u00e0 ora\u00e7\u00e3o, expressando seu desejo de ver a localidade calabresa transformada em um grande centro de espiritualidade onde as pessoas possam encontrar a miseric\u00f3rdia de Deus. Cosimo limpou a \u00e1rea ao redor do rochedo, fez um aterro e escavou o rochedo arenito para fazer um nicho no qual colocar uma pequena est\u00e1tua mariana de m\u00e1rmore, comprada em Carrara.<\/p>\n<h2 style=\"text-align: justify;\">De uma simples capela a um Santu\u00e1rio diocesano<\/h2>\n<p style=\"text-align: justify;\">O local logo se tornou uma meta para peregrinos de toda a It\u00e1lia e tamb\u00e9m do exterior. No in\u00edcio, havia uma capela simples, mas o fluxo crescente de peregrinos levou \u00e0 constru\u00e7\u00e3o de um grande Santu\u00e1rio. Enquanto isso, em 1987, Cosimo se tornou um terci\u00e1rio franciscano. Em 7 de dezembro de 2008, o ent\u00e3o bispo de Locri-Gerace, dom Giuseppe Fiorini Morosini, decretou que a realidade religiosa &#8220;Nossa Senhora dello Scoglio&#8221; fosse colocada sob os cuidados pastorais do bispo dessa diocese. Em 22 de maio de 2013, durante a audi\u00eancia geral na Pra\u00e7a S\u00e3o Pedro, o irm\u00e3o Cosimo, acompanhado pelo prelado, pediu ao Papa Francisco que aben\u00e7oasse a pedra fundamental do santu\u00e1rio do &#8220;Scoglio&#8221; que estava sendo constru\u00eddo. Em 11 de fevereiro de 2016, o novo bispo de Locri-Gerace, dom Francesco Oliva, elevou o local de culto a &#8220;Santu\u00e1rio diocesano&#8221; com o t\u00edtulo de &#8220;Nossa Senhora dello Scoglio&#8221;, enquanto em 10 de julho de 2017 ele confiou seu cuidado pastoral aos Mission\u00e1rios da Evangeliza\u00e7\u00e3o.<\/p>\n<h2 style=\"text-align: justify;\">Frutos evidentes de vida crist\u00e3<\/h2>\n<p style=\"text-align: justify;\">Em sua carta, o cardeal Fern\u00e1ndez enfatiza como esse lugar atrai o interesse de muitos fi\u00e9is &#8220;de todas as categorias, especialmente os que sofrem e os doentes&#8221;. &#8220;No curso dos anos sucessivos, o lugar e tudo que lhe concerne&#8221;, acrescenta, &#8220;tornou-se objeto de aten\u00e7\u00e3o, de devota frequenta\u00e7\u00e3o e peregrina\u00e7\u00f5es, sob a vigil\u00e2ncia do competente Ordin\u00e1rio&#8221;, &#8220;consolidando assim uma intensa atividade espiritual de ora\u00e7\u00e3o e de escuta&#8221;. Em seguida, cita as palavras do bispo Oliva, que disse: &#8220;S\u00e3o evidentes os frutos de vida crist\u00e3 em quantos frequentam o Scoglio, como a exist\u00eancia do esp\u00edrito de ora\u00e7\u00e3o, convers\u00f5es, alguma voca\u00e7\u00e3o sacerdotal e \u00e0 vida religiosa, testemunhos de caridade, como tamb\u00e9m uma sadia devo\u00e7\u00e3o e outros frutos espirituais&#8221;, sem o aparecimento de &#8220;elementos cr\u00edticos ou arriscados e, menos ainda, problem\u00e1ticos&#8221;.<\/p>\n<h2 style=\"text-align: justify;\">O pedido do bispo de Locri<\/h2>\n<p style=\"text-align: justify;\">Em sua carta de junho passado ao Dicast\u00e9rio para a Doutrina da F\u00e9, o bispo de Locri prop\u00f4s o nada obsta como o reconhecimento necess\u00e1rio para que essa realidade continue a operar, de modo que quantos a ele se dirigem sintam-se confortados e estimulados a prosseguir, sabendo estar em comunh\u00e3o com a Igreja Cat\u00f3lica. Assim, o Dicast\u00e9rio &#8211; escreve o cardeal Fern\u00e1ndez &#8211; toma conhecimento do &#8220;positivo relat\u00f3rio&#8221; do prelado acerca do bem espiritual que se realiza neste lugar, sobre a qual o senhor refere exercitar uma &#8220;constante vigil\u00e2ncia a fim de que n\u00e3o se verifiquem manipula\u00e7\u00f5es das pessoas, lucros econ\u00f4micos indevidos, graves erros doutrinais, que poderiam provocar esc\u00e2ndalos, prejudicar os fi\u00e9is e minar a credibilidade eclesial.&#8221;<\/p>\n<h2 style=\"text-align: justify;\">Fern\u00e1ndez: venerar Maria numa clara perspectiva cristol\u00f3gica<\/h2>\n<p style=\"text-align: justify;\">O cardeal lembra &#8220;que a correta venera\u00e7\u00e3o de Maria, M\u00e3e de Jesus, M\u00e3e da Igreja e nossa M\u00e3e, deve se exprimir excluindo formas impr\u00f3prias de venera\u00e7\u00e3o e o uso de t\u00edtulos marianos impr\u00f3prios. Ser\u00e1 importante, ao contr\u00e1rio, manifestar uma venera\u00e7\u00e3o em clara perspectiva cristol\u00f3gica, como ensina o magist\u00e9rio eclesial: &#8220;quando \u00e9 honrada a M\u00e3e, o Filho [&#8230;] seja devidamente conhecido, amado, glorificado&#8221; (LG, 66)&#8221;.<\/p>\n<p style=\"text-align: justify;\">A presen\u00e7a dos peregrinos diante da Virgem, que &#8220;para eles se torna express\u00e3o l\u00edmpida da miseric\u00f3rdia do Senhor&#8221;, conclui o prefeito do Dicast\u00e9rio para a Doutrina da F\u00e9, &#8220;\u00e9 um modo de reconhecer a pr\u00f3pria insufici\u00eancia para levar adiante as fadigas da vida, como tamb\u00e9m a sua ardente necessidade e seu desejo de Deus&#8221;. Em tal contexto de f\u00e9, t\u00e3o precioso, um renovado an\u00fancio do\u00a0<i>kerigma<\/i>\u00a0poder\u00e1 ainda mais iluminar e enriquecer essa experi\u00eancia do Esp\u00edrito&#8221;.<\/p>\n<h2 style=\"text-align: justify;\">O decreto<\/h2>\n<p style=\"text-align: justify;\">Ao mesmo tempo em que foi publicada a carta do Dicast\u00e9rio, foi divulgado o decreto do bispo de Locri-Gerace, sancionando a autoriza\u00e7\u00e3o &#8220;para apreciar o valor pastoral e tamb\u00e9m para promover a difus\u00e3o dessa proposta espiritual, inclusive por meio de poss\u00edveis peregrina\u00e7\u00f5es, encontros e reuni\u00f5es de ora\u00e7\u00e3o&#8221;. Os fi\u00e9is &#8220;est\u00e3o autorizados a dar&#8221; ao &#8220;referido culto&#8221;, &#8220;de maneira prudente, a sua ades\u00e3o&#8221;. Tudo isso, no entanto, &#8220;n\u00e3o implica em uma declara\u00e7\u00e3o do car\u00e1ter sobrenatural do fen\u00f4meno&#8221; e &#8220;os fi\u00e9is n\u00e3o s\u00e3o obrigados a acreditar nele&#8221;. Quaisquer outras mensagens dos envolvidos s\u00f3 ser\u00e3o divulgadas ap\u00f3s o ju\u00edzo do bispo. Dom Oliva convida os fi\u00e9is a participarem da celebra\u00e7\u00e3o solene prevista no santu\u00e1rio na tarde de 5 de agosto.<\/p>\n<\/div>\n<\/div>\n<\/article>\n","protected":false},"excerpt":{"rendered":"<p>Santu\u00e1rio de Nossa Senhora &#8220;dello Scoglio&#8221; na Cal\u00e1bria (Copyright \u00a9 2024 Nostra Signora dello Scoglio. Powered by Fondazione Madonna dello Scoglio) De acordo com as novas normas, o Dicast\u00e9rio para a Doutrina da F\u00e9 tornou p\u00fablica a decis\u00e3o positiva em rela\u00e7\u00e3o aos frutos espirituais ap\u00f3s as apari\u00e7\u00f5es relatadas pelo vidente Cosimo Fragomeni na Cal\u00e1bria, sul [&hellip;]<\/p>\n","protected":false},"author":1,"featured_media":89312,"comment_status":"open","ping_status":"closed","sticky":false,"template":"","format":"standard","meta":{"footnotes":""},"categories":[3],"tags":[],"class_list":["post-89311","post","type-post","status-publish","format-standard","has-post-thumbnail","hentry","category-vaticano"],"_links":{"self":[{"href":"https:\/\/catolicanet.net\/wp-cnet\/wp-json\/wp\/v2\/posts\/89311","targetHints":{"allow":["GET"]}}],"collection":[{"href":"https:\/\/catolicanet.net\/wp-cnet\/wp-json\/wp\/v2\/posts"}],"about":[{"href":"https:\/\/catolicanet.net\/wp-cnet\/wp-json\/wp\/v2\/types\/post"}],"author":[{"embeddable":true,"href":"https:\/\/catolicanet.net\/wp-cnet\/wp-json\/wp\/v2\/users\/1"}],"replies":[{"embeddable":true,"href":"https:\/\/catolicanet.net\/wp-cnet\/wp-json\/wp\/v2\/comments?post=89311"}],"version-history":[{"count":1,"href":"https:\/\/catolicanet.net\/wp-cnet\/wp-json\/wp\/v2\/posts\/89311\/revisions"}],"predecessor-version":[{"id":89314,"href":"https:\/\/catolicanet.net\/wp-cnet\/wp-json\/wp\/v2\/posts\/89311\/revisions\/89314"}],"wp:featuredmedia":[{"embeddable":true,"href":"https:\/\/catolicanet.net\/wp-cnet\/wp-json\/wp\/v2\/media\/89312"}],"wp:attachment":[{"href":"https:\/\/catolicanet.net\/wp-cnet\/wp-json\/wp\/v2\/media?parent=89311"}],"wp:term":[{"taxonomy":"category","embeddable":true,"href":"https:\/\/catolicanet.net\/wp-cnet\/wp-json\/wp\/v2\/categories?post=89311"},{"taxonomy":"post_tag","embeddable":true,"href":"https:\/\/catolicanet.net\/wp-cnet\/wp-json\/wp\/v2\/tags?post=89311"}],"curies":[{"name":"wp","href":"https:\/\/api.w.org\/{rel}","templated":true}]}}