{"id":89294,"date":"2024-07-09T08:59:40","date_gmt":"2024-07-09T11:59:40","guid":{"rendered":"https:\/\/catolicanet.net\/wp-cnet\/?p=89294"},"modified":"2024-07-16T16:01:05","modified_gmt":"2024-07-16T19:01:05","slug":"maria-a-primeira-fiel","status":"publish","type":"post","link":"https:\/\/catolicanet.net\/wp-cnet\/maria-a-primeira-fiel\/","title":{"rendered":"Maria, a Primeira Fiel"},"content":{"rendered":"<p style=\"text-align: center;\"><em>Cadernos do conc\u00edlio \u2013 Volume 24<\/em><em>\u00a0<\/em><\/p>\n<p style=\"text-align: justify;\">Hoje nos debru\u00e7aremos no volume vinte e quatro da cole\u00e7\u00e3o Cadernos do Conc\u00edlio Ecum\u00eanico Vaticano II que trata sobre o tema: <em>\u201cMaria, A primeira fiel\u201d. <\/em>Nossa Senhora se tornou disc\u00edpula mission\u00e1ria desde o momento que concebeu Jesus a partir do \u201cSim\u201d que deu a Deus diante do anjo Gabriel. Ap\u00f3s o an\u00fancio do Anjo, Ela sai apressadamente e vai visitar Santa Isabel, que estava esperando Jo\u00e3o Batista.<\/p>\n<p style=\"text-align: justify;\">Nossa Senhora continua sendo disc\u00edpula mission\u00e1ria acompanhando de perto os passos de Jesus desde a inf\u00e2ncia, ensinando tamb\u00e9m as coisas de Deus e cumprindo os preceitos da religi\u00e3o judaica. Depois acompanha os disc\u00edpulos em algumas miss\u00f5es e inclusive estava presente com eles no dia de Pentecostes.<\/p>\n<p style=\"text-align: justify;\">Aos p\u00e9s da Cruz, Nossa Senhora recebe uma miss\u00e3o importante dada por Jesus, de ser a M\u00e3e de todos os viventes. Ele, do alto da Cruz diz ao seu disc\u00edpulo amado: \u201cFilho, eis a\u00ed a tua m\u00e3e\u201d e depois diz a Nossa Senhora: \u201cMulher, eis a\u00ed o teu filho\u201d. Ao entregar Jo\u00e3o a Nossa Senhora, Ele entrega toda a humanidade aos cuidados de Maria.<\/p>\n<p style=\"text-align: justify;\">Nesse intuito Nossa Senhora nos ensina a ser disc\u00edpulos at\u00e9 as \u00faltimas consequ\u00eancias, at\u00e9 a hora de nossa morte, conforme rezamos na Ave-Maria. Ela \u00e9 conhecida como a primeira \u201ccrist\u00e3\u201d, pois conviveu com Jesus e o viu ressuscitado. Ela \u00e9 a discipula fiel e est\u00e1 presente com Jesus at\u00e9 a hora da Cruz. Ela nos ensina a agirmos da mesma forma que Ela e servirmos Jesus em todos os momentos.<\/p>\n<p style=\"text-align: justify;\">Nossa Senhora \u00e9 M\u00e3e, disc\u00edpula mission\u00e1ria, quando fazemos miss\u00e3o, Ela vai \u00e0 frente e com o carinho materno abre os caminhos. Por isso, a miss\u00e3o se realiza com o ter\u00e7o na m\u00e3o. A miss\u00e3o que Nossa Senhora abra\u00e7ou foi muito grande, ser M\u00e3e do filho de Deus. Ela, ao mesmo modo que todos os profetas que foram chamados por Deus para uma grande miss\u00e3o responde<em>: \u201cEis aqui a serva do Senhor, fa\u00e7a-se em mim segundo a tua Palavra\u201d.<\/em><\/p>\n<p style=\"text-align: justify;\">Maria, sinal da igreja, \u00e9 considerada a nova \u201cEva\u201d, pois traz em seu ventre o pr\u00edncipe da paz e aquele que nos regeneraria do pecado original. Ela pisa da cabe\u00e7a da serpente e essa lhe fere o calcanhar. A humanidade \u00e9 redimida atrav\u00e9s do sacrif\u00edcio de Cristo na Cruz, e isso s\u00f3 foi poss\u00edvel a partir do Sim de Nossa Senhora. Na B\u00edblia est\u00e1 contida toda a hist\u00f3ria da salva\u00e7\u00e3o, desde o Antigo Testamento at\u00e9 morte e ressurrei\u00e7\u00e3o de Jesus que com Pentecostes inaugura o tempo da igreja. No livro de Atos dos Ap\u00f3stolos narra-se o in\u00edcio da Igreja primitiva, a partir do envio mission\u00e1rio do Senhor, por meio do Esp\u00edrito Santo em Pentecostes, e que Nossa Senhora estava presente.<\/p>\n<p style=\"text-align: justify;\">Nossa Senhora, sendo disc\u00edpula missionaria, \u00e9 aquela que se solidariza com o sofrimento humano. Nas bodas de Can\u00e1 da Galileia Ela intercede pelo povo que estava sem vinho e diz a eles: <em>\u201cFazei tudo o que Ele vos disser\u201d (Jo 2,3-5). <\/em>Al\u00e9m de que logo ap\u00f3s o anjo ter aparecido, Ela sai correndo apressadamente e sente a necessidade de visitar a sua prima e ajud\u00e1-la at\u00e9 o momento do parto. Do mesmo modo quando Jesus aparece e envia o Esp\u00edrito para que eles sa\u00edssem em miss\u00e3o, e Ela estava junto, com certeza naquele momento Ela estava consolando o cora\u00e7\u00e3o dos disc\u00edpulos e transmitindo a eles a certeza de que Jesus iria cumprir a promessa de ressuscitar dos mortos.<\/p>\n<p style=\"text-align: justify;\">Maria anima a miss\u00e3o da Igreja e d\u00e1 coragem aos mission\u00e1rios, isso acontece quando tem as manifesta\u00e7\u00f5es particulares como em F\u00e1tima, Lourdes, Aparecida e tantas outras. Ela encoraja aqueles aos quais aparece para que fa\u00e7am a vontade seu Filho Jesus aqui na terra. Ela aparece normalmente aos humildes do povo para que, atrav\u00e9s de sua humildade, conven\u00e7am os poderosos a fazer algo em favor de toda a popula\u00e7\u00e3o. E ainda, pede para que atrav\u00e9s da ora\u00e7\u00e3o e piedade dessas pessoas que ela apareceu toda a humanidade volte o cora\u00e7\u00e3o para Deus.<\/p>\n<p style=\"text-align: justify;\">N\u00f3s veneramos Nossa Senhora, temos um carinho e respeito por Ela, devido ser a M\u00e3e de Jesus. Lembramos de Nossa Senhora por ser M\u00e3e de Jesus, o Filho de Deus.<\/p>\n<p style=\"text-align: justify;\">Nossa Senhora \u00e9 a M\u00e3e de todos, independente de religi\u00e3o, pois, conforme dissemos acima, Ela \u00e9 a M\u00e3e de todos os viventes, principalmente a partir do momento que Jesus a entrega aos cuidados de Jo\u00e3o e Jo\u00e3o aos cuidados dela. Por isso, ao longo do Conc\u00edlio Ecum\u00eanico Vaticano II foi falado sobre a import\u00e2ncia de Maria, pois o Conc\u00edlio foi ecum\u00eanico, com a presen\u00e7a inclusive de membros de outros credos.<\/p>\n<p style=\"text-align: justify;\">O Papa S\u00e3o Paulo VI, em 21 de novembro de 1964, diante de mais de dois mil bispos reunidos em S\u00e3o Pedro declara Maria como \u201cM\u00e3e da Igreja\u201d. Era o encerramento da terceira sess\u00e3o do Conc\u00edlio Ecum\u00eanico Vaticano II. S\u00e3o Paulo VI retoma nesse discurso tudo o que era dito sobre Nossa Senhora no \u00faltimo cap\u00edtulo da Constitui\u00e7\u00e3o Dogm\u00e1tica <em>Lumen Gentium.<\/em> O Conc\u00edlio Ecum\u00eanico apresenta uma s\u00edntese sobre o lugar que Maria Sant\u00edssima ocupa no mist\u00e9rio de Cristo e da Igreja. N\u00e3o podemos separar a M\u00e3e do Filho, pois onde est\u00e1 a M\u00e3e tamb\u00e9m est\u00e1 o Filho.<\/p>\n<p style=\"text-align: justify;\">Compreendamos que Nossa Senhora \u00e9 nossa M\u00e3e, pois se \u00e9 M\u00e3e de Jesus e n\u00f3s somos irm\u00e3os de Jesus por meio do batismo ela tamb\u00e9m \u00e9 nossa M\u00e3e. Ela \u00e9 nossa mediadora e mediadora da Igreja, ou seja, Ela leva as nossas necessidades \u00e0 Deus e intercede por n\u00f3s, a exemplo das bodas de Can\u00e1.<\/p>\n<p style=\"text-align: justify;\">Convido a tomarem o volume vinte e quatro dessa cole\u00e7\u00e3o Cadernos do Conc\u00edlio Ecum\u00eanico Vaticano II em m\u00e3os, e ainda ler o cap\u00edtulo oitavo da Lumen Gentium e aprofundar o tema da cole\u00e7\u00e3o cadernos do Conc\u00edlio que trata sobre a Virgem Maria M\u00e3e de Deus no mist\u00e9rio de Cristo e da Igreja.<\/p>\n","protected":false},"excerpt":{"rendered":"<p>Cadernos do conc\u00edlio \u2013 Volume 24\u00a0 Hoje nos debru\u00e7aremos no volume vinte e quatro da cole\u00e7\u00e3o Cadernos do Conc\u00edlio Ecum\u00eanico Vaticano II que trata sobre o tema: \u201cMaria, A primeira fiel\u201d. Nossa Senhora se tornou disc\u00edpula mission\u00e1ria desde o momento que concebeu Jesus a partir do \u201cSim\u201d que deu a Deus diante do anjo Gabriel. [&hellip;]<\/p>\n","protected":false},"author":5,"featured_media":55819,"comment_status":"open","ping_status":"closed","sticky":false,"template":"","format":"standard","meta":{"footnotes":""},"categories":[9],"tags":[],"class_list":["post-89294","post","type-post","status-publish","format-standard","has-post-thumbnail","hentry","category-artigos"],"_links":{"self":[{"href":"https:\/\/catolicanet.net\/wp-cnet\/wp-json\/wp\/v2\/posts\/89294","targetHints":{"allow":["GET"]}}],"collection":[{"href":"https:\/\/catolicanet.net\/wp-cnet\/wp-json\/wp\/v2\/posts"}],"about":[{"href":"https:\/\/catolicanet.net\/wp-cnet\/wp-json\/wp\/v2\/types\/post"}],"author":[{"embeddable":true,"href":"https:\/\/catolicanet.net\/wp-cnet\/wp-json\/wp\/v2\/users\/5"}],"replies":[{"embeddable":true,"href":"https:\/\/catolicanet.net\/wp-cnet\/wp-json\/wp\/v2\/comments?post=89294"}],"version-history":[{"count":1,"href":"https:\/\/catolicanet.net\/wp-cnet\/wp-json\/wp\/v2\/posts\/89294\/revisions"}],"predecessor-version":[{"id":89296,"href":"https:\/\/catolicanet.net\/wp-cnet\/wp-json\/wp\/v2\/posts\/89294\/revisions\/89296"}],"wp:featuredmedia":[{"embeddable":true,"href":"https:\/\/catolicanet.net\/wp-cnet\/wp-json\/wp\/v2\/media\/55819"}],"wp:attachment":[{"href":"https:\/\/catolicanet.net\/wp-cnet\/wp-json\/wp\/v2\/media?parent=89294"}],"wp:term":[{"taxonomy":"category","embeddable":true,"href":"https:\/\/catolicanet.net\/wp-cnet\/wp-json\/wp\/v2\/categories?post=89294"},{"taxonomy":"post_tag","embeddable":true,"href":"https:\/\/catolicanet.net\/wp-cnet\/wp-json\/wp\/v2\/tags?post=89294"}],"curies":[{"name":"wp","href":"https:\/\/api.w.org\/{rel}","templated":true}]}}