{"id":89202,"date":"2024-07-04T10:00:11","date_gmt":"2024-07-04T13:00:11","guid":{"rendered":"https:\/\/catolicanet.net\/wp-cnet\/?p=89202"},"modified":"2024-07-04T16:01:57","modified_gmt":"2024-07-04T19:01:57","slug":"renova-mas-cada-acao-paroquial-tem-um-impacto-na-igreja-global","status":"publish","type":"post","link":"https:\/\/catolicanet.net\/wp-cnet\/renova-mas-cada-acao-paroquial-tem-um-impacto-na-igreja-global\/","title":{"rendered":"Renova M\u00e1s: Cada a\u00e7\u00e3o paroquial tem um impacto na Igreja global"},"content":{"rendered":"<div style=\"text-align: justify;\"><span class=\"SubHeading_subheading__NJ_eJ\" aria-label=\"postar legenda\"><span>Andr\u00e9s Castillo, fundador da Renova M\u00e1s, partilha com Aleteia a import\u00e2ncia de servir e fortalecer as nossas par\u00f3quias, porque \u201c\u00e0 medida que a nossa par\u00f3quia cresce, novas pessoas s\u00e3o transformadas atrav\u00e9s do que Jesus faz nas suas vidas e toda a Igreja come\u00e7a a crescer\u201d<\/span><\/span><\/div>\n<div style=\"text-align: justify;\">\n<div>\n<p><span>Andr\u00e9s Castillo &#8211; mission\u00e1rio, de fam\u00edlia mission\u00e1ria &#8211; dedica-se h\u00e1 14 anos, junto com sua esposa, ao fortalecimento de par\u00f3quias para gerar crescimento na Igreja global; tudo isso atrav\u00e9s de um projeto que nasceu com o ent\u00e3o arcebispo Jorge Mario Bergoglio.<\/span><\/p>\n<\/div>\n<\/div>\n<div style=\"text-align: justify;\">\n<div>\n<p><span>Em entrevista, partilha com a Aleteia como tem sido viajar pelo mundo prestando ajuda a par\u00f3quias imensamente necessitadas e como isso tem gerado uma grande aprendizagem e uma imensa gratid\u00e3o no seu cora\u00e7\u00e3o.<\/span><\/p>\n<\/div>\n<\/div>\n<div style=\"text-align: justify;\">\n<blockquote class=\"Quote_container__XMwM_\">\n<div>\n<p><span>\u201cNeste passeio entre tantas par\u00f3quias e entre tantas pessoas, pensa-se que o minist\u00e9rio \u00e9 aquele que ajuda as par\u00f3quias e, na verdade, Deus ensina \u00e9 que este caminho \u00e9 mais feito para as pessoas nos ensinarem coisas e para podermos crescer .<\/span><\/p>\n<\/div>\n<div><\/div>\n<\/blockquote>\n<\/div>\n<div style=\"text-align: justify;\">\n<h2 class=\"Heading_heading__PlVsb\"><span>Como dizer n\u00e3o ao Papa?<\/span><\/h2>\n<\/div>\n<div style=\"text-align: justify;\">\n<figure class=\"ImageBlock_figure__x1S9e\"><img loading=\"lazy\" decoding=\"async\" class=\"ImageBlock_image__Y5gng\" src=\"https:\/\/wp.es.aleteia.org\/wp-content\/uploads\/sites\/7\/2024\/07\/renovamas-3.jpg?w=960&amp;q=75\" sizes=\"auto, (max-width: 500px) 400px, 800px\" srcset=\"https:\/\/wp.es.aleteia.org\/wp-content\/uploads\/sites\/7\/2024\/07\/renovamas-3.jpg?w=75&amp;q=75 75w, https:\/\/wp.es.aleteia.org\/wp-content\/uploads\/sites\/7\/2024\/07\/renovamas-3.jpg?w=95&amp;q=75 95w, https:\/\/wp.es.aleteia.org\/wp-content\/uploads\/sites\/7\/2024\/07\/renovamas-3.jpg?w=120&amp;q=75 120w, https:\/\/wp.es.aleteia.org\/wp-content\/uploads\/sites\/7\/2024\/07\/renovamas-3.jpg?w=240&amp;q=75 240w, https:\/\/wp.es.aleteia.org\/wp-content\/uploads\/sites\/7\/2024\/07\/renovamas-3.jpg?w=360&amp;q=75 360w, https:\/\/wp.es.aleteia.org\/wp-content\/uploads\/sites\/7\/2024\/07\/renovamas-3.jpg?w=360&amp;q=75 360w, https:\/\/wp.es.aleteia.org\/wp-content\/uploads\/sites\/7\/2024\/07\/renovamas-3.jpg?w=480&amp;q=75 480w, https:\/\/wp.es.aleteia.org\/wp-content\/uploads\/sites\/7\/2024\/07\/renovamas-3.jpg?w=480&amp;q=75 480w, https:\/\/wp.es.aleteia.org\/wp-content\/uploads\/sites\/7\/2024\/07\/renovamas-3.jpg?w=640&amp;q=75 640w, https:\/\/wp.es.aleteia.org\/wp-content\/uploads\/sites\/7\/2024\/07\/renovamas-3.jpg?w=640&amp;q=75 640w, https:\/\/wp.es.aleteia.org\/wp-content\/uploads\/sites\/7\/2024\/07\/renovamas-3.jpg?w=960&amp;q=75 960w\" alt=\"renovar mais\" width=\"1200\" height=\"800\" data-nimg=\"1\" \/><\/p>\n<div class=\"ImageBlock_copyright__mSdmK\"><span>Cortesia de Andr\u00e9s Castillo<\/span><\/div>\n<\/figure>\n<\/div>\n<div style=\"text-align: justify;\">\n<div>\n<p><span>O que come\u00e7ou como um projeto local, pensado para ser aplicado em algumas \u00e1reas de Buenos Aires, tornou-se subitamente uma rede global gra\u00e7as a um favor imposs\u00edvel de negar.<\/span><\/p>\n<\/div>\n<\/div>\n<div style=\"text-align: justify;\">\n<div>\n<p><span>No dia 1\u00ba de julho de 2017, Andr\u00e9s e Diego Solano, cofundador, viajaram a Roma para visit\u00e1-lo e apresentar os resultados do projeto que desenvolveram em Buenos Aires. Foi ent\u00e3o que o Papa lhes pediu um favor.<\/span><\/p>\n<\/div>\n<\/div>\n<div style=\"text-align: justify;\">\n<blockquote class=\"Quote_container__XMwM_\">\n<div>\n<p><span>\u201cEle disse: &#8216;Bem, quero lhe pedir um favor&#8217;. Foi assim que tudo come\u00e7ou e sempre fa\u00e7o a piada de que como posso dizer n\u00e3o ao Papa? (risos) Ele me disse: &#8216;Quero que eles tornem isso global. Quero que eles tornem isso global.&#8217;\u201d<\/span><\/p>\n<\/div>\n<div><\/div>\n<\/blockquote>\n<\/div>\n<div style=\"text-align: justify;\">\n<div>\n<p><span>Foi assim que nasceu\u00a0<\/span><span>a Renova M\u00e1s<\/span><span>\u00a0, uma rede global de mission\u00e1rios leigos que busca transformar a Igreja e torn\u00e1-la plenamente mission\u00e1ria. \u201cO que fazemos \u00e9 fortalecer as par\u00f3quias, gerar crescimento e otimizar os espa\u00e7os pastorais\u201d.\u00a0<\/span><\/p>\n<\/div>\n<\/div>\n<div style=\"text-align: justify;\">\n<div>\n<p><span>Fundamentada no n\u00famero 278 do documento de Aparecida, a Renova faz um diagn\u00f3stico das freguesias para propor como fortalecer \u00e1reas de melhoria.<\/span><\/p>\n<\/div>\n<\/div>\n<div style=\"text-align: justify;\">\n<div>\n<p><span>Atrav\u00e9s da utiliza\u00e7\u00e3o de aplica\u00e7\u00f5es e p\u00e1ginas web, sacerdotes de todo o mundo podem entrar e responder a uma s\u00e9rie de quest\u00f5es que conduzem a um modelo paroquial, do qual emergem programas de a\u00e7\u00e3o.<\/span><\/p>\n<\/div>\n<\/div>\n<div style=\"text-align: justify;\">\n<blockquote class=\"Quote_container__XMwM_\">\n<div>\n<p><span>\u201cO Esp\u00edrito Santo fez algo maravilhoso e sobrenatural. N\u00e3o poder\u00edamos de forma alguma dizer que isto \u00e9 algo humano (&#8230;) viajamos basicamente pela Europa, Am\u00e9rica do Norte, Am\u00e9rica Central, Am\u00e9rica do Sul; \u201cAjudamos v\u00e1rias par\u00f3quias no mundo e temos uma rede com mission\u00e1rios que est\u00e1 presente em mais de 13 pa\u00edses (\u2026) sem a a\u00e7\u00e3o do Esp\u00edrito Santo isto n\u00e3o poderia ser real\u201d.<\/span><\/p>\n<\/div>\n<div><\/div>\n<\/blockquote>\n<\/div>\n<div style=\"text-align: justify;\">\n<div>\n<p><span>No entanto, este uso da tecnologia e da intelig\u00eancia artificial, longe de sistematizar e homogeneizar as coisas, permitiu-lhes valorizar o factor humano e compreender a particularidade de cada par\u00f3quia, de cada p\u00e1roco e de minist\u00e9rio pastoral.<\/span><\/p>\n<\/div>\n<\/div>\n<div style=\"text-align: justify;\">\n<blockquote class=\"Quote_container__XMwM_\">\n<div>\n<p><span>\u201cA primeira coisa que encontramos como tesouro \u00e9 que n\u00e3o existe molde id\u00eantico (&#8230;) mesmo na mesma cidade as freguesias s\u00e3o diferentes, t\u00eam realidades diferentes. Quando tra\u00e7amos uma estrat\u00e9gia, fazemos algo personalizado que quase certamente n\u00e3o iremos repetir em nenhum lugar do mundo.\u201d<\/span><\/p>\n<\/div>\n<div><span style=\"color: #111111; font-family: Roboto, sans-serif; font-size: 27px;\">Do particular ao global<\/span><\/div>\n<\/blockquote>\n<\/div>\n<div style=\"text-align: justify;\">\n<div>\n<p><span>Em cada uma destas abordagens tiveram a oportunidade de criar projetos pastorais espec\u00edficos \u2013 por exemplo, com a pastoral juvenil ou com a pastoral musical \u2013 e, quando um projeto produz muitos resultados, nasce um programa de forma\u00e7\u00e3o global.<\/span><\/p>\n<\/div>\n<\/div>\n<div style=\"text-align: justify;\">\n<div>\n<p><span>\u201cAo escalar globalmente, nasce muita coisa, como &#8211; por exemplo &#8211; uma escola de m\u00fasica que j\u00e1 tem duas localidades (Argentina e EUA). Em dois anos (os participantes) se formam como m\u00fasicos do Minist\u00e9rio da M\u00fasica.\u201d\u00a0<\/span><\/p>\n<\/div>\n<\/div>\n<div style=\"text-align: justify;\">\n<div>\n<p><span>Da mesma forma,\u00a0<\/span><span>a Renova<\/span><span>\u00a0possui pe\u00e7as de teatro, confer\u00eancias de lideran\u00e7a e produ\u00e7\u00f5es de r\u00e1dio e televis\u00e3o.<\/span><\/p>\n<\/div>\n<\/div>\n<div style=\"text-align: justify;\"><iframe id=\"instagram-embed-0\" class=\"instagram-media instagram-media-rendered\" src=\"https:\/\/www.instagram.com\/p\/C615biav0cd\/embed\/?cr=1&amp;v=2&amp;wp=620&amp;rd=https%3A%2F%2Fes.aleteia.org&amp;rp=%2F2024%2F07%2F03%2Frenova-mas-cada-accion-parroquial-repercute-en-la-iglesia-mundial#%7B%22ci%22%3A0%2C%22os%22%3A608687%7D\" height=\"828\" frameborder=\"0\" scrolling=\"no\" allowfullscreen=\"allowfullscreen\" data-instgrm-payload-id=\"instagram-media-payload-0\" data-mce-fragment=\"1\"><\/iframe><\/div>\n<div style=\"text-align: justify;\">\n<h2 class=\"Heading_heading__PlVsb\"><span>Sucesso \u00e9 quando as pessoas transformam seus cora\u00e7\u00f5es\u00a0<\/span><\/h2>\n<\/div>\n<div style=\"text-align: justify;\">\n<div>\n<p><span>Embora o projeto tenha resultados tang\u00edveis e m\u00faltiplas hist\u00f3rias de par\u00f3quias que voltaram \u00e0 vida, para Andr\u00e9s o verdadeiro sucesso \u00e9 que as pessoas transformam os seus cora\u00e7\u00f5es.<\/span><\/p>\n<\/div>\n<\/div>\n<div style=\"text-align: justify;\">\n<div>\n<p><span>\u201cFalamos de par\u00f3quia, estrutura, estrat\u00e9gia, processos\u2026 mas no final das contas, o que toca o cora\u00e7\u00e3o \u00e9 quando voc\u00ea v\u00ea uma pessoa transformada pelo poder do Esp\u00edrito Santo. \u201cToda transforma\u00e7\u00e3o dentro da Igreja ocorre quando a pessoa opta por abra\u00e7ar a vontade de Deus e a\u00ed tudo flui, porque \u00e9 o pr\u00f3prio Esp\u00edrito Santo que flui, n\u00e3o n\u00f3s\u201d.<\/span><\/p>\n<\/div>\n<\/div>\n<div style=\"text-align: justify;\">\n<h2 class=\"Heading_heading__PlVsb\"><span>Toda a Igreja cresce<\/span><\/h2>\n<\/div>\n<div style=\"text-align: justify;\">\n<div>\n<p><span>Estar em contacto com tantas realidades da Igreja, em todo o mundo, deixou muitas li\u00e7\u00f5es.\u00a0<\/span><\/p>\n<\/div>\n<\/div>\n<div style=\"text-align: justify;\">\n<div>\n<p><span>\u201cFic\u00e1mos fortemente enraizados na quest\u00e3o local e territorial, \u00e9 normal para o ser humano, mas fic\u00e1mos t\u00e3o fortemente enraizados nisso que n\u00e3o conseguimos ver que cada a\u00e7\u00e3o que geramos na nossa par\u00f3quia tem um impacto na Igreja Cat\u00f3lica a n\u00edvel global. , de um lugar m\u00edstico e de um lugar concreto.\u201d\u00a0<\/span><\/p>\n<\/div>\n<\/div>\n<div>\n<div>\n<p style=\"text-align: justify;\"><span>E conclui com um ponto determinante: \u201c\u00c0 medida que a nossa par\u00f3quia cresce, novas pessoas s\u00e3o transformadas atrav\u00e9s daquilo que Jesus faz nas suas vidas e toda a Igreja come\u00e7a a crescer\u201d.<\/span><\/p>\n<\/div>\n<\/div>\n","protected":false},"excerpt":{"rendered":"<p>Andr\u00e9s Castillo, fundador da Renova M\u00e1s, partilha com Aleteia a import\u00e2ncia de servir e fortalecer as nossas par\u00f3quias, porque \u201c\u00e0 medida que a nossa par\u00f3quia cresce, novas pessoas s\u00e3o transformadas atrav\u00e9s do que Jesus faz nas suas vidas e toda a Igreja come\u00e7a a crescer\u201d Andr\u00e9s Castillo &#8211; mission\u00e1rio, de fam\u00edlia mission\u00e1ria &#8211; dedica-se h\u00e1 [&hellip;]<\/p>\n","protected":false},"author":1,"featured_media":89203,"comment_status":"open","ping_status":"closed","sticky":false,"template":"","format":"standard","meta":{"footnotes":""},"categories":[4],"tags":[],"class_list":["post-89202","post","type-post","status-publish","format-standard","has-post-thumbnail","hentry","category-cotidiano"],"_links":{"self":[{"href":"https:\/\/catolicanet.net\/wp-cnet\/wp-json\/wp\/v2\/posts\/89202","targetHints":{"allow":["GET"]}}],"collection":[{"href":"https:\/\/catolicanet.net\/wp-cnet\/wp-json\/wp\/v2\/posts"}],"about":[{"href":"https:\/\/catolicanet.net\/wp-cnet\/wp-json\/wp\/v2\/types\/post"}],"author":[{"embeddable":true,"href":"https:\/\/catolicanet.net\/wp-cnet\/wp-json\/wp\/v2\/users\/1"}],"replies":[{"embeddable":true,"href":"https:\/\/catolicanet.net\/wp-cnet\/wp-json\/wp\/v2\/comments?post=89202"}],"version-history":[{"count":2,"href":"https:\/\/catolicanet.net\/wp-cnet\/wp-json\/wp\/v2\/posts\/89202\/revisions"}],"predecessor-version":[{"id":89206,"href":"https:\/\/catolicanet.net\/wp-cnet\/wp-json\/wp\/v2\/posts\/89202\/revisions\/89206"}],"wp:featuredmedia":[{"embeddable":true,"href":"https:\/\/catolicanet.net\/wp-cnet\/wp-json\/wp\/v2\/media\/89203"}],"wp:attachment":[{"href":"https:\/\/catolicanet.net\/wp-cnet\/wp-json\/wp\/v2\/media?parent=89202"}],"wp:term":[{"taxonomy":"category","embeddable":true,"href":"https:\/\/catolicanet.net\/wp-cnet\/wp-json\/wp\/v2\/categories?post=89202"},{"taxonomy":"post_tag","embeddable":true,"href":"https:\/\/catolicanet.net\/wp-cnet\/wp-json\/wp\/v2\/tags?post=89202"}],"curies":[{"name":"wp","href":"https:\/\/api.w.org\/{rel}","templated":true}]}}