{"id":89190,"date":"2024-07-04T09:47:41","date_gmt":"2024-07-04T12:47:41","guid":{"rendered":"https:\/\/catolicanet.net\/wp-cnet\/?p=89190"},"modified":"2024-07-04T15:48:41","modified_gmt":"2024-07-04T18:48:41","slug":"pastoral-familiar-reune-bispos-referenciais-e-assessores-para-estudar-os-desafios-da-evangelizacao-na-familia","status":"publish","type":"post","link":"https:\/\/catolicanet.net\/wp-cnet\/pastoral-familiar-reune-bispos-referenciais-e-assessores-para-estudar-os-desafios-da-evangelizacao-na-familia\/","title":{"rendered":"PASTORAL FAMILIAR RE\u00daNE BISPOS REFERENCIAIS E ASSESSORES PARA ESTUDAR OS DESAFIOS DA EVANGELIZA\u00c7\u00c3O NA FAM\u00cdLIA"},"content":{"rendered":"<p style=\"text-align: justify;\">Padres, di\u00e1conos, religiosas e nove bispos participam, em Bras\u00edlia (DF), do Encontro Nacional de Bispos Referenciais e Assessores Eclesi\u00e1sticos da Pastoral Familiar. Desde ter\u00e7a-feira, o grupo est\u00e1 reunido na Casa Dom Luciano Mendes de Almeida para aprofundar o tema \u201cOs desafios da evangeliza\u00e7\u00e3o na fam\u00edlia hoje\u201d.<\/p>\n<figure id=\"attachment_966197\" class=\"wp-caption aligncenter\" style=\"text-align: justify;\" aria-describedby=\"caption-attachment-966197\"><img loading=\"lazy\" decoding=\"async\" class=\"wp-image-966197 size-full\" src=\"https:\/\/www.cnbb.org.br\/wp-content\/uploads\/2024\/07\/Bispos-e-assessores-Pastoral-Familiar-2-portal.jpg\" sizes=\"auto, (max-width: 1080px) 100vw, 1080px\" srcset=\"https:\/\/www.cnbb.org.br\/wp-content\/uploads\/2024\/07\/Bispos-e-assessores-Pastoral-Familiar-2-portal.jpg 1080w, https:\/\/www.cnbb.org.br\/wp-content\/uploads\/2024\/07\/Bispos-e-assessores-Pastoral-Familiar-2-portal-300x129.jpg 300w, https:\/\/www.cnbb.org.br\/wp-content\/uploads\/2024\/07\/Bispos-e-assessores-Pastoral-Familiar-2-portal-1024x439.jpg 1024w, https:\/\/www.cnbb.org.br\/wp-content\/uploads\/2024\/07\/Bispos-e-assessores-Pastoral-Familiar-2-portal-768x329.jpg 768w, https:\/\/www.cnbb.org.br\/wp-content\/uploads\/2024\/07\/Bispos-e-assessores-Pastoral-Familiar-2-portal-500x214.jpg 500w\" alt=\"\" width=\"1080\" height=\"463\" \/><figcaption id=\"caption-attachment-966197\" class=\"wp-caption-text\">Participantes do Encontro de Bispos referenciais e Assessores da Pastoral Familiar | Foto: CNPF<\/figcaption><\/figure>\n<p style=\"text-align: justify;\">Na quarta-feira, 3, teve in\u00edcio \u00e0 jornada formativa do encontro, na qual os participantes puderam aprofundar tem\u00e1ticas relacionadas ao acompanhamento do trabalho pastoral junto \u00e0s fam\u00edlias. O arcebispo de Santa Maria (RS) e presidente da Comiss\u00e3o para a Anima\u00e7\u00e3o B\u00edblico-Catequ\u00e9tica da CNBB, dom Leomar Ant\u00f4nio Brustolin, conduz as reflex\u00f5es sobre a evangeliza\u00e7\u00e3o no contexto atual desde o in\u00edcio da tarde de ontem.<\/p>\n<p style=\"text-align: justify;\">No primeiro momento de sua exposi\u00e7\u00e3o, dom Leomar falou sobre a viv\u00eancia da f\u00e9 num mundo que se transforma e, em seguida, sobre a transmiss\u00e3o da f\u00e9 em tempos de pluralidade. Ao final das duas primeiras partilhas, a grande pergunta que fica, segundo o arcebispo, \u00e9: \u201cestamos formando adeptos de uma religi\u00e3o ou disc\u00edpulos do Mestre?\u201d.<\/p>\n<p style=\"text-align: justify;\">No contexto do mundo atual, com as mudan\u00e7as socioculturais e que influenciam tamb\u00e9m na viv\u00eancia da f\u00e9, o contexto de sociedade crist\u00e3 desapareceu. H\u00e1, nesse sentido, o fim de uma forma sociol\u00f3gica de compreender o cristianismo no ocidente. \u00c9 preciso, ent\u00e3o, uma nova incultura\u00e7\u00e3o que compreenda uma nova evangeliza\u00e7\u00e3o, um novo modo de estar neste mundo, um novo modo de ser, agir e comunicar a f\u00e9.<\/p>\n<p style=\"text-align: justify;\">Segundo dom Leomar, a situa\u00e7\u00e3o atual das comunidades \u201cn\u00e3o \u00e9 a causa dos sintomas da Igreja, mas sintoma da crise que vivemos\u201d e \u201ca pior resposta a ser dada a esta situa\u00e7\u00e3o \u00e9 a nostalgia, as saudades de um passado que n\u00e3o volta\u201d, salientou dom Leomar.<\/p>\n<figure id=\"attachment_966199\" class=\"wp-caption alignleft\" style=\"text-align: justify;\" aria-describedby=\"caption-attachment-966199\"><img loading=\"lazy\" decoding=\"async\" class=\"wp-image-966199\" src=\"https:\/\/www.cnbb.org.br\/wp-content\/uploads\/2024\/07\/Dom-Leomar-Bispos-e-assessores-Pastoral-Familiar.jpg\" sizes=\"auto, (max-width: 329px) 100vw, 329px\" srcset=\"https:\/\/www.cnbb.org.br\/wp-content\/uploads\/2024\/07\/Dom-Leomar-Bispos-e-assessores-Pastoral-Familiar.jpg 960w, https:\/\/www.cnbb.org.br\/wp-content\/uploads\/2024\/07\/Dom-Leomar-Bispos-e-assessores-Pastoral-Familiar-300x224.jpg 300w, https:\/\/www.cnbb.org.br\/wp-content\/uploads\/2024\/07\/Dom-Leomar-Bispos-e-assessores-Pastoral-Familiar-768x574.jpg 768w, https:\/\/www.cnbb.org.br\/wp-content\/uploads\/2024\/07\/Dom-Leomar-Bispos-e-assessores-Pastoral-Familiar-500x374.jpg 500w, https:\/\/www.cnbb.org.br\/wp-content\/uploads\/2024\/07\/Dom-Leomar-Bispos-e-assessores-Pastoral-Familiar-800x600.jpg 800w\" alt=\"\" width=\"329\" height=\"246\" \/><figcaption id=\"caption-attachment-966199\" class=\"wp-caption-text\">Dom Leomar Ant\u00f4nio Brustolin | Foto: Luiz Lopes Jr\/CNPF<\/figcaption><\/figure>\n<p style=\"text-align: justify;\">O desafio para a Igreja, no atual contexto, \u00e9 passar de uma religi\u00e3o de heran\u00e7a social para uma religi\u00e3o de op\u00e7\u00e3o pessoal. \u00c9 preciso tamb\u00e9m superar a ideia de uma sociedade unificada pela f\u00e9 cat\u00f3lica para compreender a sociedade constitu\u00edda na liberdade democr\u00e1tica e no pluralismo de ideologias. Assim, a Igreja precisa estar atenta e passar \u201cde uma igreja de massa a uma igreja diferenciada e articulada em pequenas comunidades de disc\u00edpulos mission\u00e1rios\u201d.<\/p>\n<p style=\"text-align: justify;\">Ao final de duas exposi\u00e7\u00f5es, dom Leomar abriu a palavra para ouvir as impress\u00f5es dos participantes, que puderam partilhar de situa\u00e7\u00f5es que chamam sua aten\u00e7\u00e3o e preocupam no trabalho junto \u00e0s fam\u00edlias. Como retorno, dom Leomar sugeriu escutar as situa\u00e7\u00f5es diversas e plurais, mas sem fazer concess\u00f5es sobre as verdades da f\u00e9. Diante do desafio da proximidade pastoral e da sinodalidade, a indica\u00e7\u00e3o \u00e9 fortalecer os conselhos e visitar as pessoas.\u00a0Outra luz indicativa para a realidade atual \u00e9 promover a Leitura Orante da Palavra de Deus nas comunidades e par\u00f3quias, o que vai ajudar a formar as pessoas.<\/p>\n<h3 style=\"text-align: justify;\">Adolesc\u00eancia e juventude<\/h3>\n<p style=\"text-align: justify;\">Pela manh\u00e3, quem contribuiu nos aprofundamentos do encontro foi a diretora nacional do Programa Teen STAR no Brasil, Fabiana Azambuja. Ela falou sobre Educa\u00e7\u00e3o Afetivo-sexual na perspectiva da adolesc\u00eancia e juventude.<\/p>\n<p style=\"text-align: justify;\">\u201cTratamos sobre a import\u00e2ncia de educar a pessoa a partir da sua sexualidade, que \u00e9 essa for\u00e7a fr\u00e1gil de amar e ser amado, e ensinar isso aos formadores, pastores, educadores, pais e a todos aqueles agentes que trabalham com crian\u00e7as, adolescentes, jovens, adultos. \u00c9 o grande compromisso que n\u00f3s temos: educar para criarmos uma cultura do amor\u201d, ressaltou Fabiana.<\/p>\n<p style=\"text-align: justify;\">\n<pre>Com Portal Vida e Fam\u00edlia<\/pre>\n","protected":false},"excerpt":{"rendered":"<p>Padres, di\u00e1conos, religiosas e nove bispos participam, em Bras\u00edlia (DF), do Encontro Nacional de Bispos Referenciais e Assessores Eclesi\u00e1sticos da Pastoral Familiar. Desde ter\u00e7a-feira, o grupo est\u00e1 reunido na Casa Dom Luciano Mendes de Almeida para aprofundar o tema \u201cOs desafios da evangeliza\u00e7\u00e3o na fam\u00edlia hoje\u201d. Participantes do Encontro de Bispos referenciais e Assessores da [&hellip;]<\/p>\n","protected":false},"author":1,"featured_media":89191,"comment_status":"open","ping_status":"closed","sticky":false,"template":"","format":"standard","meta":{"footnotes":""},"categories":[7],"tags":[],"class_list":["post-89190","post","type-post","status-publish","format-standard","has-post-thumbnail","hentry","category-cnbb"],"_links":{"self":[{"href":"https:\/\/catolicanet.net\/wp-cnet\/wp-json\/wp\/v2\/posts\/89190","targetHints":{"allow":["GET"]}}],"collection":[{"href":"https:\/\/catolicanet.net\/wp-cnet\/wp-json\/wp\/v2\/posts"}],"about":[{"href":"https:\/\/catolicanet.net\/wp-cnet\/wp-json\/wp\/v2\/types\/post"}],"author":[{"embeddable":true,"href":"https:\/\/catolicanet.net\/wp-cnet\/wp-json\/wp\/v2\/users\/1"}],"replies":[{"embeddable":true,"href":"https:\/\/catolicanet.net\/wp-cnet\/wp-json\/wp\/v2\/comments?post=89190"}],"version-history":[{"count":1,"href":"https:\/\/catolicanet.net\/wp-cnet\/wp-json\/wp\/v2\/posts\/89190\/revisions"}],"predecessor-version":[{"id":89193,"href":"https:\/\/catolicanet.net\/wp-cnet\/wp-json\/wp\/v2\/posts\/89190\/revisions\/89193"}],"wp:featuredmedia":[{"embeddable":true,"href":"https:\/\/catolicanet.net\/wp-cnet\/wp-json\/wp\/v2\/media\/89191"}],"wp:attachment":[{"href":"https:\/\/catolicanet.net\/wp-cnet\/wp-json\/wp\/v2\/media?parent=89190"}],"wp:term":[{"taxonomy":"category","embeddable":true,"href":"https:\/\/catolicanet.net\/wp-cnet\/wp-json\/wp\/v2\/categories?post=89190"},{"taxonomy":"post_tag","embeddable":true,"href":"https:\/\/catolicanet.net\/wp-cnet\/wp-json\/wp\/v2\/tags?post=89190"}],"curies":[{"name":"wp","href":"https:\/\/api.w.org\/{rel}","templated":true}]}}