{"id":89145,"date":"2024-07-03T09:57:56","date_gmt":"2024-07-03T12:57:56","guid":{"rendered":"https:\/\/catolicanet.net\/wp-cnet\/?p=89145"},"modified":"2024-07-03T17:00:26","modified_gmt":"2024-07-03T20:00:26","slug":"haiti-libertado-sacerdote-sequestrado-por-gangues-espiral-do-mal-devora-o-pais","status":"publish","type":"post","link":"https:\/\/catolicanet.net\/wp-cnet\/haiti-libertado-sacerdote-sequestrado-por-gangues-espiral-do-mal-devora-o-pais\/","title":{"rendered":"Haiti, libertado sacerdote sequestrado por gangues. Espiral do mal devora o pa\u00eds"},"content":{"rendered":"<figure class=\"article__image\" style=\"text-align: justify;\"><span class=\"didascalia_img\">Haiti, Pol\u00edcia patrulha \u00e1reas infestadas de gangues\u00a0 (Ricardo Arduengo)<\/span><\/figure>\n<div class=\"article__meta audioInside\" data-mediatype=\"\">\n<div class=\"article__subTitle\" style=\"text-align: justify;\">O padre Emmanuel Saint\u00e9liat, sequestrado no domingo passado, foi libertado pelos bandidos que atacaram o munic\u00edpio de Gressier e mataram vinte pessoas. A confirma\u00e7\u00e3o da liberta\u00e7\u00e3o foi feita pelo arcebispado, que numa nota pediu \u00e0s autoridades para por fim \u00e0 viol\u00eancia e restabelecer o direito \u00e0 vida.<\/div>\n<div class=\"title__separator\" style=\"text-align: justify;\"><\/div>\n<div class=\"article__text\">\n<p style=\"text-align: justify;\"><b>Vatican News<\/b><\/p>\n<p style=\"text-align: justify;\">Foi libertado o sacerdote da par\u00f3quia de S\u00e3o Jo\u00e3o Batista, padre Emmanuel Saint\u00e9liat, sequestrado no \u00faltimo domingo (30\/06) por integrantes de uma gangue que devastou uma \u00e1rea da regi\u00e3o metropolitana da capital Porto Pr\u00edncipe, o munic\u00edpio de Gressier, no Haiti. O arcebispado de Porto Pr\u00edncipe confirmou a liberta\u00e7\u00e3o e, segundo fontes jornal\u00edsticas, nenhum resgate foi pago. Pelo menos vinte pessoas morreram no ataque perpetrado pelas gangues armadas do Vivre Ensemble (Viver Juntos), lideradas pelo ex-policial Jimmy Cherizier, que atacaram a subesta\u00e7\u00e3o policial de Gressier.<\/p>\n<div style=\"text-align: justify;\">\n<div class=\"article__embed article__embed--unwrap article__embed--dark\">\n<div class=\"article__innerTitle\">Ou\u00e7a e compartilhe<\/div>\n<div>\n<!--[if lt IE 9]><script>document.createElement('audio');<\/script><![endif]-->\n<audio class=\"wp-audio-shortcode\" id=\"audio-89145-1\" preload=\"none\" style=\"width: 100%;\" controls=\"controls\"><source type=\"audio\/mpeg\" src=\"https:\/\/media.vaticannews.va\/media\/audio\/s1\/2024\/07\/03\/15\/138102912_F138102912.mp3?_=1\" \/><a href=\"https:\/\/media.vaticannews.va\/media\/audio\/s1\/2024\/07\/03\/15\/138102912_F138102912.mp3\">https:\/\/media.vaticannews.va\/media\/audio\/s1\/2024\/07\/03\/15\/138102912_F138102912.mp3<\/a><\/audio>\n<\/div>\n<\/div>\n<\/div>\n<p style=\"text-align: justify;\">Cherizier \u00e9 conhecido por estar na origem do caos no pa\u00eds e pelo pedido de demiss\u00e3o, em mar\u00e7o, do ent\u00e3o primeiro-ministro Ariel Henry. Em Gressier, grupos armados incendiaram casas e causaram p\u00e2nico na comunidade, n\u00e3o obstante a presen\u00e7a do contingente de manuten\u00e7\u00e3o da paz liderado pelo Qu\u00eania h\u00e1 v\u00e1rios dias. A Pol\u00edcia j\u00e1 retomou o controle da delegacia.<\/p>\n<h2 style=\"text-align: justify;\">A den\u00fancia da arquidiocese<\/h2>\n<p style=\"text-align: justify;\">Indigna\u00e7\u00e3o e pesar por uma situa\u00e7\u00e3o que demonstra um &#8220;aprisionamento passivo na espiral do mal&#8221;, que devora a sociedade haitiana, foram expressos pelo arcebispado de Porto Pr\u00edncipe num comunicado divulgado em 1\u00ba de julho, quando denunciou o ocorrido, definindo-os &#8220;atos indescrit\u00edveis de viol\u00eancia mortal&#8221;. O texto descreve o sacerdote sequestrado como um pastor, &#8220;que nunca abandonou a comunidade pela qual \u00e9 respons\u00e1vel&#8221;, ressalta a nota do arcebispado, &#8220;e que est\u00e1 sempre dispon\u00edvel para servir os outros&#8221;.<\/p>\n<h2 style=\"text-align: justify;\">Apelo pela liberta\u00e7\u00e3o do padre Saint\u00e9liat<\/h2>\n<p style=\"text-align: justify;\">O arcebispado de Porto Pr\u00edncipe tamb\u00e9m afirma que o fato ocorrido mostra que &#8220;algumas \u00e1reas da regi\u00e3o metropolitana de Porto Pr\u00edncipe ainda est\u00e3o fora do controle das for\u00e7as p\u00fablicas&#8221;, expressa sua indigna\u00e7\u00e3o &#8220;diante desses atos que violam deliberadamente os direitos dos membros da popula\u00e7\u00e3o&#8221; e reafirma &#8220;sua proximidade a todas as v\u00edtimas e suas fam\u00edlias&#8221;. O comunicado lembra &#8220;\u00e0s autoridades do Estado a urg\u00eancia de tomar medidas para p\u00f4r fim a essa situa\u00e7\u00e3o de viol\u00eancia e restabelecer o direito \u00e0 vida no pa\u00eds&#8221;.<\/p>\n<\/div>\n<\/div>\n","protected":false},"excerpt":{"rendered":"<p>Haiti, Pol\u00edcia patrulha \u00e1reas infestadas de gangues\u00a0 (Ricardo Arduengo) O padre Emmanuel Saint\u00e9liat, sequestrado no domingo passado, foi libertado pelos bandidos que atacaram o munic\u00edpio de Gressier e mataram vinte pessoas. A confirma\u00e7\u00e3o da liberta\u00e7\u00e3o foi feita pelo arcebispado, que numa nota pediu \u00e0s autoridades para por fim \u00e0 viol\u00eancia e restabelecer o direito \u00e0 [&hellip;]<\/p>\n","protected":false},"author":1,"featured_media":89146,"comment_status":"open","ping_status":"closed","sticky":false,"template":"","format":"standard","meta":{"footnotes":""},"categories":[3],"tags":[],"class_list":["post-89145","post","type-post","status-publish","format-standard","has-post-thumbnail","hentry","category-vaticano"],"_links":{"self":[{"href":"https:\/\/catolicanet.net\/wp-cnet\/wp-json\/wp\/v2\/posts\/89145","targetHints":{"allow":["GET"]}}],"collection":[{"href":"https:\/\/catolicanet.net\/wp-cnet\/wp-json\/wp\/v2\/posts"}],"about":[{"href":"https:\/\/catolicanet.net\/wp-cnet\/wp-json\/wp\/v2\/types\/post"}],"author":[{"embeddable":true,"href":"https:\/\/catolicanet.net\/wp-cnet\/wp-json\/wp\/v2\/users\/1"}],"replies":[{"embeddable":true,"href":"https:\/\/catolicanet.net\/wp-cnet\/wp-json\/wp\/v2\/comments?post=89145"}],"version-history":[{"count":1,"href":"https:\/\/catolicanet.net\/wp-cnet\/wp-json\/wp\/v2\/posts\/89145\/revisions"}],"predecessor-version":[{"id":89148,"href":"https:\/\/catolicanet.net\/wp-cnet\/wp-json\/wp\/v2\/posts\/89145\/revisions\/89148"}],"wp:featuredmedia":[{"embeddable":true,"href":"https:\/\/catolicanet.net\/wp-cnet\/wp-json\/wp\/v2\/media\/89146"}],"wp:attachment":[{"href":"https:\/\/catolicanet.net\/wp-cnet\/wp-json\/wp\/v2\/media?parent=89145"}],"wp:term":[{"taxonomy":"category","embeddable":true,"href":"https:\/\/catolicanet.net\/wp-cnet\/wp-json\/wp\/v2\/categories?post=89145"},{"taxonomy":"post_tag","embeddable":true,"href":"https:\/\/catolicanet.net\/wp-cnet\/wp-json\/wp\/v2\/tags?post=89145"}],"curies":[{"name":"wp","href":"https:\/\/api.w.org\/{rel}","templated":true}]}}