{"id":89130,"date":"2024-07-01T10:03:22","date_gmt":"2024-07-01T13:03:22","guid":{"rendered":"https:\/\/catolicanet.net\/wp-cnet\/?p=89130"},"modified":"2024-07-01T13:04:40","modified_gmt":"2024-07-01T16:04:40","slug":"5-razoes-para-envolver-um-adolescente-no-voluntariado","status":"publish","type":"post","link":"https:\/\/catolicanet.net\/wp-cnet\/5-razoes-para-envolver-um-adolescente-no-voluntariado\/","title":{"rendered":"5 raz\u00f5es para envolver um adolescente no voluntariado"},"content":{"rendered":"<div style=\"text-align: justify;\"><span class=\"SubHeading_subheading__NJ_eJ\" aria-label=\"postar legenda\"><span>As f\u00e9rias j\u00e1 come\u00e7aram e com elas muitos jovens ficam dias a fio trancados em seus quartos diante das telas.<\/span><\/span><\/div>\n<div style=\"text-align: justify;\">\n<div>\n<p><span>Os jovens n\u00e3o s\u00f3 carecem de autoconfian\u00e7a, mas tamb\u00e9m de ideias para a vida e at\u00e9 de como organizar as suas f\u00e9rias. Ao mesmo tempo, muitas vezes simplesmente n\u00e3o temos recursos financeiros para oferecer algo atraente aos nossos filhos. Como sair disso? Propomos&#8230; voluntariado. Isso \u00e9 por que.<\/span><\/p>\n<\/div>\n<\/div>\n<div style=\"text-align: justify;\">\n<div>\n<p><span>Os psicoterapeutas alertam que cada vez mais jovens apresentam humor deprimido e tendem a fugir para o mundo virtual dos jogos e das redes sociais.<\/span><\/p>\n<\/div>\n<\/div>\n<div style=\"text-align: justify;\">\n<h2 class=\"Heading_heading__PlVsb\"><span>Uma maneira de fugir da tela<\/span><\/h2>\n<\/div>\n<div style=\"text-align: justify;\">\n<div>\n<p><span>O principal benef\u00edcio de curto prazo do voluntariado \u00e9 simplesmente tirar seu filho adolescente de casa e da tela. Muitos jovens veem as f\u00e9rias como uma oportunidade para finalmente jogar v\u00e1rias horas de videogame ou assistir centenas de horas de s\u00e9ries de televis\u00e3o e filmes sem limites.<\/span><\/p>\n<\/div>\n<\/div>\n<div style=\"text-align: justify;\">\n<div>\n<p><span>Isto \u00e9 absolutamente terr\u00edvel para a sa\u00fade, como a Funda\u00e7\u00e3o para a Educa\u00e7\u00e3o para a Sa\u00fade e Psicoterapia vem alertando h\u00e1 anos. O voluntariado significar\u00e1 que n\u00e3o haver\u00e1 tempo para uma imers\u00e3o desenfreada no mundo virtual.<\/span><\/p>\n<\/div>\n<\/div>\n<div style=\"text-align: justify;\">\n<h2 class=\"Heading_heading__PlVsb\"><span>Melhorar a autoestima<\/span><\/h2>\n<\/div>\n<div style=\"text-align: justify;\">\n<figure class=\"ImageBlock_figure__x1S9e\"><img loading=\"lazy\" decoding=\"async\" class=\"ImageBlock_image__Y5gng\" src=\"https:\/\/wp.es.aleteia.org\/wp-content\/uploads\/sites\/7\/2024\/03\/shutterstock_2230295751.jpg?w=960&amp;q=75\" sizes=\"auto, (max-width: 500px) 400px, 800px\" srcset=\"https:\/\/wp.es.aleteia.org\/wp-content\/uploads\/sites\/7\/2024\/03\/shutterstock_2230295751.jpg?w=75&amp;q=75 75w, https:\/\/wp.es.aleteia.org\/wp-content\/uploads\/sites\/7\/2024\/03\/shutterstock_2230295751.jpg?w=95&amp;q=75 95w, https:\/\/wp.es.aleteia.org\/wp-content\/uploads\/sites\/7\/2024\/03\/shutterstock_2230295751.jpg?w=120&amp;q=75 120w, https:\/\/wp.es.aleteia.org\/wp-content\/uploads\/sites\/7\/2024\/03\/shutterstock_2230295751.jpg?w=240&amp;q=75 240w, https:\/\/wp.es.aleteia.org\/wp-content\/uploads\/sites\/7\/2024\/03\/shutterstock_2230295751.jpg?w=360&amp;q=75 360w, https:\/\/wp.es.aleteia.org\/wp-content\/uploads\/sites\/7\/2024\/03\/shutterstock_2230295751.jpg?w=360&amp;q=75 360w, https:\/\/wp.es.aleteia.org\/wp-content\/uploads\/sites\/7\/2024\/03\/shutterstock_2230295751.jpg?w=480&amp;q=75 480w, https:\/\/wp.es.aleteia.org\/wp-content\/uploads\/sites\/7\/2024\/03\/shutterstock_2230295751.jpg?w=480&amp;q=75 480w, https:\/\/wp.es.aleteia.org\/wp-content\/uploads\/sites\/7\/2024\/03\/shutterstock_2230295751.jpg?w=640&amp;q=75 640w, https:\/\/wp.es.aleteia.org\/wp-content\/uploads\/sites\/7\/2024\/03\/shutterstock_2230295751.jpg?w=640&amp;q=75 640w, https:\/\/wp.es.aleteia.org\/wp-content\/uploads\/sites\/7\/2024\/03\/shutterstock_2230295751.jpg?w=960&amp;q=75 960w\" alt=\"Volunt\u00e1rio\" width=\"1200\" height=\"675\" data-nimg=\"1\" \/><\/p>\n<div class=\"ImageBlock_copyright__mSdmK\"><span>Gorodenkoff | Obturador<\/span><\/div>\n<\/figure>\n<\/div>\n<div style=\"text-align: justify;\">\n<div>\n<p><span>O voluntariado geralmente est\u00e1 associado apenas \u00e0 ajuda aos idosos. Por\u00e9m, ajudar o pr\u00f3ximo tem muitas faces: cuidar dos animais, criar produtos art\u00edsticos para leil\u00f5es beneficentes, ajudar na organiza\u00e7\u00e3o de eventos, festivais, concertos e at\u00e9 realizar sonhos.<\/span><\/p>\n<\/div>\n<\/div>\n<div style=\"text-align: justify;\">\n<div>\n<p><span>O voluntariado durante as f\u00e9rias de ver\u00e3o, principalmente se voc\u00ea n\u00e3o sai de casa, pode ser um desafio interessante. Mas n\u00e3o \u00e9 apenas uma forma de ocupar o tempo livre. \u00c9 muito mais do que isso. N\u00e3o s\u00f3 mudamos o mundo para melhor, mas tamb\u00e9m nos ajudamos, \u00e9 uma das atividades mais valiosas e de desenvolvimento que podem ser realizadas.<\/span><\/p>\n<\/div>\n<\/div>\n<div style=\"text-align: justify;\">\n<h2 class=\"Heading_heading__PlVsb\"><span>O voluntariado melhora a sa\u00fade, tanto f\u00edsica como mental<\/span><\/h2>\n<\/div>\n<div style=\"text-align: justify;\">\n<div>\n<p><span>A pesquisa mostra que o voluntariado ajuda a combater o estresse, a raiva, a ansiedade e a depress\u00e3o. O contato social e o trabalho em equipe t\u00eam impacto positivo na sa\u00fade mental. O voluntariado permite que pessoas deprimidas expandam a sua rede de contactos sociais e obtenham apoio de outras pessoas. Fazer o bem aumenta o n\u00edvel dos horm\u00f4nios da felicidade e melhora a autoestima.<\/span><\/p>\n<\/div>\n<\/div>\n<div style=\"text-align: justify;\">\n<div>\n<p><span>Novos desafios exigem ir al\u00e9m da zona de conforto, o que promove o desenvolvimento. Segundo pesquisa do professor Mark Snyder, da Universidade de Minnesota, os volunt\u00e1rios desenvolvem f\u00e9 em suas habilidades, autoestima e melhoram a qualidade de vida.<\/span><\/p>\n<\/div>\n<\/div>\n<div style=\"text-align: justify;\">\n<h2 class=\"Heading_heading__PlVsb\"><span>Que tipo de voluntariado?<\/span><\/h2>\n<\/div>\n<div style=\"text-align: justify;\">\n<div>\n<p><span>Existem muitas oportunidades de voluntariado diferentes. Para restringir o campo de pesquisa, deixamos estas perguntas-chave para voc\u00ea fazer ao seu filho adolescente para que ele escolha o servi\u00e7o volunt\u00e1rio ideal de acordo com seu perfil:<\/span><\/p>\n<\/div>\n<\/div>\n<div style=\"text-align: justify;\">\n<ul>\n<li><span>Voc\u00ea prefere trabalhar sozinho ou em equipe?<\/span><\/li>\n<\/ul>\n<\/div>\n<div style=\"text-align: justify;\">\n<ul>\n<li><span>Voc\u00ea prefere trabalhar \u201cnos bastidores\u201d ou \u201cno palco\u201d, ou seja, prefere o trabalho org\u00e2nico, oculto (por exemplo, preparar pacotes para quem precisa) ou em contato com as pessoas (por exemplo, entregar pacotes para pessoas ?<\/span><\/li>\n<\/ul>\n<\/div>\n<div style=\"text-align: justify;\">\n<ul>\n<li><span>Quanto tempo por semana voc\u00ea gostaria de dedicar a trabalhos de caridade durante as f\u00e9rias?<\/span><\/li>\n<\/ul>\n<\/div>\n<div style=\"text-align: justify;\">\n<ul>\n<li><span>Quais de suas habilidades poderiam ser \u00fateis e quais voc\u00ea gostaria de desenvolver?<\/span><\/li>\n<\/ul>\n<\/div>\n<div>\n<ul>\n<li style=\"text-align: justify;\"><span>Qual t\u00f3pico est\u00e1 mais pr\u00f3ximo do seu cora\u00e7\u00e3o e sistema de valores?<\/span><\/li>\n<\/ul>\n<\/div>\n","protected":false},"excerpt":{"rendered":"<p>As f\u00e9rias j\u00e1 come\u00e7aram e com elas muitos jovens ficam dias a fio trancados em seus quartos diante das telas. Os jovens n\u00e3o s\u00f3 carecem de autoconfian\u00e7a, mas tamb\u00e9m de ideias para a vida e at\u00e9 de como organizar as suas f\u00e9rias. Ao mesmo tempo, muitas vezes simplesmente n\u00e3o temos recursos financeiros para oferecer algo [&hellip;]<\/p>\n","protected":false},"author":1,"featured_media":89131,"comment_status":"open","ping_status":"closed","sticky":false,"template":"","format":"standard","meta":{"footnotes":""},"categories":[4],"tags":[],"class_list":["post-89130","post","type-post","status-publish","format-standard","has-post-thumbnail","hentry","category-cotidiano"],"_links":{"self":[{"href":"https:\/\/catolicanet.net\/wp-cnet\/wp-json\/wp\/v2\/posts\/89130","targetHints":{"allow":["GET"]}}],"collection":[{"href":"https:\/\/catolicanet.net\/wp-cnet\/wp-json\/wp\/v2\/posts"}],"about":[{"href":"https:\/\/catolicanet.net\/wp-cnet\/wp-json\/wp\/v2\/types\/post"}],"author":[{"embeddable":true,"href":"https:\/\/catolicanet.net\/wp-cnet\/wp-json\/wp\/v2\/users\/1"}],"replies":[{"embeddable":true,"href":"https:\/\/catolicanet.net\/wp-cnet\/wp-json\/wp\/v2\/comments?post=89130"}],"version-history":[{"count":1,"href":"https:\/\/catolicanet.net\/wp-cnet\/wp-json\/wp\/v2\/posts\/89130\/revisions"}],"predecessor-version":[{"id":89133,"href":"https:\/\/catolicanet.net\/wp-cnet\/wp-json\/wp\/v2\/posts\/89130\/revisions\/89133"}],"wp:featuredmedia":[{"embeddable":true,"href":"https:\/\/catolicanet.net\/wp-cnet\/wp-json\/wp\/v2\/media\/89131"}],"wp:attachment":[{"href":"https:\/\/catolicanet.net\/wp-cnet\/wp-json\/wp\/v2\/media?parent=89130"}],"wp:term":[{"taxonomy":"category","embeddable":true,"href":"https:\/\/catolicanet.net\/wp-cnet\/wp-json\/wp\/v2\/categories?post=89130"},{"taxonomy":"post_tag","embeddable":true,"href":"https:\/\/catolicanet.net\/wp-cnet\/wp-json\/wp\/v2\/tags?post=89130"}],"curies":[{"name":"wp","href":"https:\/\/api.w.org\/{rel}","templated":true}]}}