{"id":89118,"date":"2024-07-01T09:56:06","date_gmt":"2024-07-01T12:56:06","guid":{"rendered":"https:\/\/catolicanet.net\/wp-cnet\/?p=89118"},"modified":"2024-07-01T12:56:54","modified_gmt":"2024-07-01T15:56:54","slug":"arcebispos-brasileiros-recebem-o-palio-arquiepiscopal-das-maos-do-papa-francisco","status":"publish","type":"post","link":"https:\/\/catolicanet.net\/wp-cnet\/arcebispos-brasileiros-recebem-o-palio-arquiepiscopal-das-maos-do-papa-francisco\/","title":{"rendered":"ARCEBISPOS BRASILEIROS RECEBEM O P\u00c1LIO ARQUIEPISCOPAL DAS M\u00c3OS DO PAPA FRANCISCO"},"content":{"rendered":"<p style=\"text-align: justify;\">Cinco arcebispos brasileiros, nomeados para o governo de arquidioceses desde julho do ano passado, receberam o P\u00e1lio das m\u00e3os do Papa Francisco, no \u00faltimo s\u00e1bado, durante a celebra\u00e7\u00e3o da Solenidade de S\u00e3o Pedro e S\u00e3o Paulo, na Bas\u00edlica de S\u00e3o Pedro. S\u00e3o eles: o arcebispo de Natal (RN), dom Jo\u00e3o Santos Cardoso; o arcebispo de Fortaleza (CE), dom Greg\u00f3rio Ben L\u00e2med Paix\u00e3o; o arcebispo de Aracaju (SE), dom Josaf\u00e1 Menezes da Silva; o arcebispo de Macei\u00f3 (AL), dom Carlos Alberto Breis Pereira; e arcebispo de Cascavel (PR), dom Jos\u00e9 M\u00e1rio Scalon Angonese. No total, foram 42 arcebispos de todo o mundo que receberam a ins\u00edgnia.<\/p>\n<h3 style=\"text-align: justify;\">O P\u00e1lio<\/h3>\n<p style=\"text-align: justify;\">Derivado do latim pallium, manto de l\u00e3, o P\u00e1lio \u00e9 uma vestimenta lit\u00fargica usada na Igreja Cat\u00f3lica e consiste de uma faixa de pano de l\u00e3 branca que \u00e9 colocada sobre ombros dos arcebispos. Essa l\u00e3 \u00e9 aben\u00e7oada todos os anos na Festa de Santa In\u00eas (21 janeiro).<\/p>\n<p style=\"text-align: justify;\">Tradicionalmente durante a Solenidade dos Santos Pedro e Paulo, em 29 de junho, o P\u00e1lio \u00e9 aben\u00e7oado pelo Santo Padre e entregue aos arcebispos. Posteriormente, o n\u00fancio ap\u00f3st\u00f3lico faz a imposi\u00e7\u00e3o a cada um dos novos arcebispos nas suas respectivas arquidioceses e na presen\u00e7a dos fi\u00e9is.<\/p>\n<p style=\"text-align: justify;\">Este pano representa a ovelha que o pastor carrega nos ombros, assim como fez Cristo com a ovelha perdida. Desta forma podemos dizer que o palio \u00e9 o s\u00edmbolo da miss\u00e3o pastoral do bispo. O P\u00e1lio \u00e9 tamb\u00e9m a prerrogativa dos arcebispos metropolitanos, como s\u00edmbolo de jurisdi\u00e7\u00e3o em comunh\u00e3o com a Santa S\u00e9.<\/p>\n<p style=\"text-align: justify;\"><img decoding=\"async\" src=\"https:\/\/www.vatican.va\/content\/dam\/francesco\/images\/omelie-2024\/pietro-paolo29giugno2024\/1719647620318.JPG\/_jcr_content\/renditions\/cq5dam.web.800.800.jpeg\" \/><\/p>\n<p style=\"text-align: justify;\">\n<h3 style=\"text-align: justify;\">Abrir as portas<\/h3>\n<p style=\"text-align: justify;\">Em sua homilia, na celebra\u00e7\u00e3o, o Papa Francisco recordou o exemplo dos ap\u00f3stolos Pedro e Paulo, que fizeram a experi\u00eancia de gra\u00e7a: \u201cTocaram a obra de Deus, que lhes abriu as portas da sua pris\u00e3o interior e tamb\u00e9m das pris\u00f5es reais onde estavam encerrados por causa do Evangelho. E abriu-lhes, igualmente, as portas da evangeliza\u00e7\u00e3o, para que pudessem experimentar a alegria do encontro com os irm\u00e3os e irm\u00e3s das comunidades nascentes e levar a todos a esperan\u00e7a do Evangelho\u201d.<\/p>\n<p style=\"text-align: justify;\">Aos novos arcebispos metropolitanos, Francisco disse que \u201cs\u00e3o chamados a ser pastores zelosos, que abrem as portas do Evangelho e que, com o seu minist\u00e9rio, ajudam a construir uma Igreja e uma sociedade de portas abertas\u201d.<\/p>\n<p style=\"text-align: justify;\">\n<div class=\"ast-oembed-container\" style=\"text-align: justify;\"><iframe loading=\"lazy\" title=\"29 de junho de 2023, Santa Missa na Solenidade dos Santos Pedro e Paulo Ap\u00f3stolos | Papa Francisco\" src=\"https:\/\/www.youtube.com\/embed\/gdweL8XVE0I?feature=oembed\" width=\"1200\" height=\"675\" frameborder=\"0\" allowfullscreen=\"allowfullscreen\" data-mce-fragment=\"1\"><\/iframe><\/div>\n<p style=\"text-align: justify;\">\n<pre>Com informa\u00e7\u00f5es e fotos de Vatican News e Vatican Media<\/pre>\n","protected":false},"excerpt":{"rendered":"<p>Cinco arcebispos brasileiros, nomeados para o governo de arquidioceses desde julho do ano passado, receberam o P\u00e1lio das m\u00e3os do Papa Francisco, no \u00faltimo s\u00e1bado, durante a celebra\u00e7\u00e3o da Solenidade de S\u00e3o Pedro e S\u00e3o Paulo, na Bas\u00edlica de S\u00e3o Pedro. S\u00e3o eles: o arcebispo de Natal (RN), dom Jo\u00e3o Santos Cardoso; o arcebispo de [&hellip;]<\/p>\n","protected":false},"author":1,"featured_media":89119,"comment_status":"open","ping_status":"closed","sticky":false,"template":"","format":"standard","meta":{"footnotes":""},"categories":[7,13],"tags":[],"class_list":["post-89118","post","type-post","status-publish","format-standard","has-post-thumbnail","hentry","category-cnbb","category-featured"],"_links":{"self":[{"href":"https:\/\/catolicanet.net\/wp-cnet\/wp-json\/wp\/v2\/posts\/89118","targetHints":{"allow":["GET"]}}],"collection":[{"href":"https:\/\/catolicanet.net\/wp-cnet\/wp-json\/wp\/v2\/posts"}],"about":[{"href":"https:\/\/catolicanet.net\/wp-cnet\/wp-json\/wp\/v2\/types\/post"}],"author":[{"embeddable":true,"href":"https:\/\/catolicanet.net\/wp-cnet\/wp-json\/wp\/v2\/users\/1"}],"replies":[{"embeddable":true,"href":"https:\/\/catolicanet.net\/wp-cnet\/wp-json\/wp\/v2\/comments?post=89118"}],"version-history":[{"count":1,"href":"https:\/\/catolicanet.net\/wp-cnet\/wp-json\/wp\/v2\/posts\/89118\/revisions"}],"predecessor-version":[{"id":89121,"href":"https:\/\/catolicanet.net\/wp-cnet\/wp-json\/wp\/v2\/posts\/89118\/revisions\/89121"}],"wp:featuredmedia":[{"embeddable":true,"href":"https:\/\/catolicanet.net\/wp-cnet\/wp-json\/wp\/v2\/media\/89119"}],"wp:attachment":[{"href":"https:\/\/catolicanet.net\/wp-cnet\/wp-json\/wp\/v2\/media?parent=89118"}],"wp:term":[{"taxonomy":"category","embeddable":true,"href":"https:\/\/catolicanet.net\/wp-cnet\/wp-json\/wp\/v2\/categories?post=89118"},{"taxonomy":"post_tag","embeddable":true,"href":"https:\/\/catolicanet.net\/wp-cnet\/wp-json\/wp\/v2\/tags?post=89118"}],"curies":[{"name":"wp","href":"https:\/\/api.w.org\/{rel}","templated":true}]}}