{"id":89098,"date":"2024-06-27T10:36:28","date_gmt":"2024-06-27T13:36:28","guid":{"rendered":"https:\/\/catolicanet.net\/wp-cnet\/?p=89098"},"modified":"2024-06-27T14:37:53","modified_gmt":"2024-06-27T17:37:53","slug":"sao-pedro-sao-paulo-e-a-igreja","status":"publish","type":"post","link":"https:\/\/catolicanet.net\/wp-cnet\/sao-pedro-sao-paulo-e-a-igreja\/","title":{"rendered":"S\u00e3o Pedro, S\u00e3o Paulo e a Igreja"},"content":{"rendered":"<p style=\"text-align: justify;\">\u00a0\u00a0\u00a0\u00a0\u00a0\u00a0\u00a0\u00a0\u00a0\u00a0\u00a0 O pref\u00e1cio da solenidade de S\u00e3o Pedro e S\u00e3o Paulo, deste domingo, reza: \u201cHoje, v\u00f3s concedeis a alegria de festejar os ap\u00f3stolos S\u00e3o Pedro e S\u00e3o Paulo. Pedro, o primeiro a confessar a f\u00e9 em Cristo, fundou a Igreja primitiva sobre a heran\u00e7a de Israel; Paulo, mestre e doutor da f\u00e9, iluminou as profundezas do mist\u00e9rio e anunciou o Evangelho a todas as na\u00e7\u00f5es. Assim, por diferentes meios, os dois congregaram a \u00fanica fam\u00edlia de Cristo, e unidos pela coroa do mart\u00edrio, recebem hoje, por toda a terra, a mesma venera\u00e7\u00e3o\u201d.<\/p>\n<p style=\"text-align: justify;\">\u00a0\u00a0\u00a0\u00a0\u00a0\u00a0\u00a0\u00a0\u00a0\u00a0\u00a0 O minist\u00e9rio apost\u00f3lico de S\u00e3o Pedro e S\u00e3o Paulo \u00e9 o mais amplamente relatado na Sagrada Escritura. Atrav\u00e9s deles podemos deduzir como foi o minist\u00e9rio fecundo dos outros ap\u00f3stolos. Jesus inicia a miss\u00e3o chamando doze ap\u00f3stolos para estarem com Ele e depois envi\u00e1-los para continuar a obra iniciada. Cada um deles tinha dons e carismas, mas tamb\u00e9m limita\u00e7\u00f5es. Um grupo heterog\u00eaneo preparado para mesma miss\u00e3o e para ser o fundamento da Igreja que \u00e9 uma comunidade de f\u00e9, de esperan\u00e7a e caridade. \u201cEdificados sobre o alicerce dos ap\u00f3stolos e profetas, tendo como pedra angular o pr\u00f3prio Cristo Jesus\u201d (Ef\u00e9sios 2,20). Porque S\u00e3o Pedro e S\u00e3o Paulo, junto com os outros ap\u00f3stolos, s\u00e3o o alicerce da Igreja e ela \u00e9 apost\u00f3lica.<\/p>\n<p style=\"text-align: justify;\">\u00a0\u00a0\u00a0\u00a0\u00a0\u00a0\u00a0\u00a0\u00a0\u00a0\u00a0 Em primeiro lugar, os ap\u00f3stolos tiveram um encontro pessoal e comunit\u00e1rio com Jesus Cristo que os levou a uma profunda convers\u00e3o de vida. Os textos b\u00edblicos testemunham o processo lento e cont\u00ednuo ocorrido neles. Tiveram que rever toda a vida a partir dos ensinamentos recebidos de Jesus. O modo como Jesus se relacionava com as pessoas nas diferentes situa\u00e7\u00f5es impressionava. A t\u00edtulo de exemplo, Pedro e Paulo confiavam e usaram m\u00e9todos violentos para resolver os conflitos e diverg\u00eancias de ideias, mas foram convencidos pelas palavras do mestre \u201cp\u00f5e a espada na bainha\u201d.<\/p>\n<p style=\"text-align: justify;\">\u00a0\u00a0\u00a0\u00a0\u00a0\u00a0\u00a0\u00a0\u00a0\u00a0\u00a0 O encontro com Cristo gerou neles a f\u00e9 fruto da revela\u00e7\u00e3o divina e n\u00e3o de teorias humanas. \u201cFeliz \u00e9s tu, Sim\u00e3o [&#8230;] porque n\u00e3o foi um ser humano que te revelou isso, mas o meu Pai que est\u00e1 no c\u00e9u\u201d (Mt 6,13-19). \u00c9 o elogio dirigido a Pedro ap\u00f3s declarar: \u201cTu \u00e9s o Messias, o Filho do Deus vivo\u201d.\u00a0 S\u00e3o Paulo na segunda Carta a Tim\u00f3teo 4,6-8.17-18 testemunha: \u201cCombati o bom combate, completei a corrida, guardei a f\u00e9\u201d.<\/p>\n<p style=\"text-align: justify;\">\u00a0\u00a0\u00a0\u00a0\u00a0\u00a0\u00a0\u00a0\u00a0\u00a0\u00a0 Outra marca dos ap\u00f3stolos foi cumprir o mandato recebido de Jesus anunciar o Evangelho por todo mundo. Nenhum obst\u00e1culo encontrado no caminho os fez recuar ou desistir. Atos dos Ap\u00f3stolos 12,1-11 relata a pris\u00e3o de Pedro. Est\u00e1 vigiado por \u201cquatro grupos de quatro soldados\u201d com se fosse o prisioneiro mais perigoso. Depois de libertado milagrosamente, imediatamente continua pregando. Paulo revela que \u201cj\u00e1 est\u00e1 para ser derramado em sacrif\u00edcio; aproxima-se o momento da minha partida\u201d. A convic\u00e7\u00e3o de que deveriam levar o Evangelho em todos os lugares os fez merecem o pr\u00eamio do mart\u00edrio.<\/p>\n<p style=\"text-align: justify;\">\u00a0\u00a0\u00a0\u00a0\u00a0\u00a0\u00a0\u00a0\u00a0\u00a0\u00a0 Todos eles tinham consci\u00eancia que estavam a servi\u00e7o de Cristo para edifica\u00e7\u00e3o da Igreja. Tendo Cristo por pedra angular e Pedro com o poder de governo: \u201cEu te darei as chaves do Reino dos C\u00e9us: tudo o que ligares na terra ser\u00e1 ligado nos c\u00e9us; tudo o que tu desligares na terra ser\u00e1 desligado nos c\u00e9us\u201d. E quando a comunh\u00e3o e a unidade estavam em perigo, os ap\u00f3stolos se re\u00fanem no Conc\u00edlio de Jerusal\u00e9m.<\/p>\n<p style=\"text-align: justify;\">\u00a0\u00a0\u00a0\u00a0\u00a0\u00a0\u00a0\u00a0\u00a0\u00a0\u00a0 \u201cEnquanto Pedro era mantido na pris\u00e3o, a Igreja rezava continuamente a Deus por ele\u201d. Toda a Igreja est\u00e1 convida a ter esta atitude orante: agradecer a Deus por S\u00e3o Pedro e S\u00e3o Paulo e rezar pelo minist\u00e9rio do Papa Francisco, o sucessor de S\u00e3o Pedro.<\/p>\n","protected":false},"excerpt":{"rendered":"<p>\u00a0\u00a0\u00a0\u00a0\u00a0\u00a0\u00a0\u00a0\u00a0\u00a0\u00a0 O pref\u00e1cio da solenidade de S\u00e3o Pedro e S\u00e3o Paulo, deste domingo, reza: \u201cHoje, v\u00f3s concedeis a alegria de festejar os ap\u00f3stolos S\u00e3o Pedro e S\u00e3o Paulo. Pedro, o primeiro a confessar a f\u00e9 em Cristo, fundou a Igreja primitiva sobre a heran\u00e7a de Israel; Paulo, mestre e doutor da f\u00e9, iluminou as profundezas [&hellip;]<\/p>\n","protected":false},"author":18,"featured_media":55821,"comment_status":"open","ping_status":"closed","sticky":false,"template":"","format":"standard","meta":{"footnotes":""},"categories":[9],"tags":[],"class_list":["post-89098","post","type-post","status-publish","format-standard","has-post-thumbnail","hentry","category-artigos"],"_links":{"self":[{"href":"https:\/\/catolicanet.net\/wp-cnet\/wp-json\/wp\/v2\/posts\/89098","targetHints":{"allow":["GET"]}}],"collection":[{"href":"https:\/\/catolicanet.net\/wp-cnet\/wp-json\/wp\/v2\/posts"}],"about":[{"href":"https:\/\/catolicanet.net\/wp-cnet\/wp-json\/wp\/v2\/types\/post"}],"author":[{"embeddable":true,"href":"https:\/\/catolicanet.net\/wp-cnet\/wp-json\/wp\/v2\/users\/18"}],"replies":[{"embeddable":true,"href":"https:\/\/catolicanet.net\/wp-cnet\/wp-json\/wp\/v2\/comments?post=89098"}],"version-history":[{"count":1,"href":"https:\/\/catolicanet.net\/wp-cnet\/wp-json\/wp\/v2\/posts\/89098\/revisions"}],"predecessor-version":[{"id":89100,"href":"https:\/\/catolicanet.net\/wp-cnet\/wp-json\/wp\/v2\/posts\/89098\/revisions\/89100"}],"wp:featuredmedia":[{"embeddable":true,"href":"https:\/\/catolicanet.net\/wp-cnet\/wp-json\/wp\/v2\/media\/55821"}],"wp:attachment":[{"href":"https:\/\/catolicanet.net\/wp-cnet\/wp-json\/wp\/v2\/media?parent=89098"}],"wp:term":[{"taxonomy":"category","embeddable":true,"href":"https:\/\/catolicanet.net\/wp-cnet\/wp-json\/wp\/v2\/categories?post=89098"},{"taxonomy":"post_tag","embeddable":true,"href":"https:\/\/catolicanet.net\/wp-cnet\/wp-json\/wp\/v2\/tags?post=89098"}],"curies":[{"name":"wp","href":"https:\/\/api.w.org\/{rel}","templated":true}]}}