{"id":89092,"date":"2024-06-27T14:34:00","date_gmt":"2024-06-27T17:34:00","guid":{"rendered":"https:\/\/catolicanet.net\/wp-cnet\/?p=89092"},"modified":"2024-06-27T14:34:00","modified_gmt":"2024-06-27T17:34:00","slug":"sao-pedro-e-sao-paulo-nos-inspiram-a-viver-nossa-fe-catolica","status":"publish","type":"post","link":"https:\/\/catolicanet.net\/wp-cnet\/sao-pedro-e-sao-paulo-nos-inspiram-a-viver-nossa-fe-catolica\/","title":{"rendered":"S\u00e3o Pedro e S\u00e3o Paulo nos inspiram a viver nossa f\u00e9 cat\u00f3lica!"},"content":{"rendered":"<p style=\"text-align: justify; text-indent: 35.4pt;\">Desde o s\u00e9culo III que a Liturgia une na mesma celebra\u00e7\u00e3o as duas colunas da Igreja, Pedro e Paulo. Mestres insepar\u00e1veis de f\u00e9 e de inspira\u00e7\u00e3o crist\u00e3 pela sua autoridade, simbolizam todo o Col\u00e9gio Apost\u00f3lico. Pedro era natural de Betsaida, onde exercia a profiss\u00e3o de pescador. Jesus chamou-o e confiou-lhe a miss\u00e3o de guiar e confirmar os irm\u00e3os na f\u00e9. \u00c9 uma das primeiras testemunhas de Jesus ressuscitado e, como arauto do Evangelho, toma consci\u00eancia da necessidade de abrir a Igreja aos gentios (At 10-11). Paulo de Tarso, perseguidor ac\u00e9rrimo da Igreja, converte-se no caminho de Damasco. A partir da\u00ed, a sua vivacidade e brilhantismo s\u00e3o postos ao servi\u00e7o do Evangelho. Fortemente apaixonado por Cristo, percorre o Mediterr\u00e2neo para anunciar o Evangelho da salva\u00e7\u00e3o, especialmente aos pag\u00e3os. Depois de terem sofrido toda a esp\u00e9cie de persegui\u00e7\u00f5es, ambos s\u00e3o martirizados em Roma. Regando com o seu sangue o mesmo terreno, \u201cplantaram\u201d a Igreja de Deus.<\/p>\n<p style=\"text-align: justify; text-indent: 35.4pt;\">A Primeira leitura \u2013 Atos, 12, 1-11 \u2013 mostra que pelos anos 41-44 da nossa era, reinava na Judeia Herodes Agripa, que moveu uma persegui\u00e7\u00e3o contra a Igreja. Foi por essa ocasi\u00e3o que Pedro foi preso, durante a P\u00e1scoa hebraica, e teria a mesma sorte de Jesus, se Deus n\u00e3o tivesse intervindo com um milagre (vv. 1-4): um anjo libertou Pedro da morte certa. Tal fato deixou os crist\u00e3os espantados e admirados com a benevol\u00eancia de Deus. No evento foi importante a ora\u00e7\u00e3o da Igreja, compenetrada da import\u00e2ncia \u00fanica da miss\u00e3o de Pedro. Mais tarde, tamb\u00e9m S\u00e3o Paulo recuperar\u00e1, de modo id\u00eantico, a sua liberdade (At 16, 25-34). A fiel testemunha de Jesus \u00e9 sempre algu\u00e9m que questiona quem se encontra bem instalado, sem receio de provocar-lhe a ira. A Igreja est\u00e1 unida aos perseguidos e reza por eles; assim recebe de Jesus for\u00e7a para superar os desafios e enfrentar as persegui\u00e7\u00f5es. Deus sempre providencia um anjo para encorajar os seguidores de Jesus e ajud\u00e1-los a superar o medo.<\/p>\n<p style=\"text-align: justify; text-indent: 35.4pt;\">Na Segunda leitura \u2013 2 Tim\u00f3teo 4, 6 \u2013 este texto apresenta-nos o que podemos chamar o testamento de Paulo. O Ap\u00f3stolo pressente pr\u00f3xima a sua morte e d\u00e1-nos a conhecer o seu estado de esp\u00edrito: sente-se s\u00f3 e abandonado pelos irm\u00e3os, mas n\u00e3o v\u00edtima, porque a sua consci\u00eancia est\u00e1 tranquila e o Senhor est\u00e1 com ele. Guardou a f\u00e9 e cumpriu a sua voca\u00e7\u00e3o mission\u00e1ria com fidelidade. Compara-se \u00e0 liba\u00e7\u00e3o derramada sobre as v\u00edtimas nos sacrif\u00edcios antigos. Quer morrer como viveu, isto \u00e9, como verdadeiro lutador, uma vez que se entregou a Deus e aos irm\u00e3os. A vit\u00f3ria \u00e9 certa! As suas palavras s\u00e3o j\u00e1 um c\u00e2ntico de vit\u00f3ria, porque est\u00e1 pr\u00f3ximo o seu encontro com Cristo Ressuscitado. S\u00e3o Paulo, ao fim de sua caminhada, com a imin\u00eancia do seu mart\u00edrio, faz um balan\u00e7o da pr\u00f3pria vida e reconhece que fez o bem, que cumpriu o seu \u201cdever\u201d e agora est\u00e1 preparada para ele \u201ca coroa prometida pelo Senhor!\u201d, ou seja, a vida junto de Deus.<\/p>\n<p style=\"text-align: justify; text-indent: 35.4pt;\">No Evangelho \u2013 Mateus 16, 13-19 \u2013 o trecho hodierno consta de duas partes: a resposta de Pedro acerca da messianidade de Jesus, Filho de Deus (vv. 13-16) e a promessa do primado que Jesus confere a Pedro (vv. 17-19). O povo reconhecia Jesus como um profeta. Mas os Doze t\u00eam uma opini\u00e3o muito pr\u00f3pria, que \u00e9 expressa por Pedro: \u201cJesus \u00e9 o Messias, o Filho do Deus vivo\u201d (cf. v. 16). Essa opini\u00e3o, mais do que baseada na experi\u00eancia que tinham de Jesus, era fruto da a\u00e7\u00e3o do Esp\u00edrito neles: \u201cn\u00e3o foi um ser humano que te revelou isso, mas o meu Pai que est\u00e1 no c\u00e9u.\u201d (v. 17). Por causa desta confiss\u00e3o, Pedro ser\u00e1 a rocha sobre a qual Cristo edificar\u00e1 a sua Igreja. A Pedro e aos seus sucessores \u00e9 confiada a miss\u00e3o de serem o fundamento vis\u00edvel da realidade invis\u00edvel que \u00e9 Cristo Ressuscitado. O poder de ligar e desligar, expresso na met\u00e1fora das chaves, indica a autoridade sobre a Igreja.<\/p>\n<p style=\"text-align: justify; text-indent: 35.4pt;\">Os ap\u00f3stolos de todos os tempos s\u00e3o respons\u00e1veis por manter a Igreja unida, no seguimento do Mestre. A confiss\u00e3o de Pedro \u00e9 compromisso assumido por todos o que se diem seguidores de Jesus. A pergunta dirigida aos ap\u00f3stolos tamb\u00e9m \u00e9 dirigida a cada um os que se consideram crist\u00e3os: Quem \u00e9 Jesus para n\u00f3s?<\/p>\n<p style=\"text-align: justify; text-indent: 35.4pt;\">S\u00e3o Pedro: O Ap\u00f3stolo Pedro era um pescador da Galileia. Passava os dias no lago de Tiber\u00edade, com o seu pai Jonas e com o seu irm\u00e3o Andr\u00e9. O seu trabalho consistia em lan\u00e7ar as redes, esperar, retir\u00e1-las e, depois, \u00e0 tarde, remend\u00e1-las, sentado na margem. Foi a\u00ed que, uma tarde, quando lan\u00e7ava as redes para uma \u00faltima pescaria, ouviu, com o seu irm\u00e3o, o chamamento de Jesus que passava: \u201cSegui-me; farei de v\u00f3s pescadores de homens\u201d (Mc 1, 17). Come\u00e7ou, assim, a sua extraordin\u00e1ria aventura; seguiu o Mestre da Galileia para a Judeia; da\u00ed, depois da morte de Jesus, percorreu a Palestina, at\u00e9 se mudar para Antioquia e, da\u00ed, chegou finalmente a Roma. Em Roma animou a f\u00e9 dos crentes, esteve preso, e foi morto no Vaticano, onde ficou para sempre, n\u00e3o s\u00f3 com o seu t\u00famulo, mas tamb\u00e9m com o seu mandato: ficou naqueles que lhe sucederam naquela que os crist\u00e3os chamaram sempre \u201ca c\u00e1tedra de Pedro\u201d, at\u00e9 ao Papa que hoje governa a Igreja. Nele, Pedro continua a ser \u201ca rocha\u201d, sobre a qual Cristo continua a edificar a sua Igreja, o sinal da unidade para \u201caqueles que invocam o nome do Senhor\u201d.<\/p>\n<p style=\"text-align: justify; text-indent: 35.4pt;\">S\u00e3o Paulo: S\u00e3o Paulo fala que foi zeloso no juda\u00edsmo e perseguidor da Igreja \u2013, a seguir lembra que sua voca\u00e7\u00e3o \u00e9 de origem divina, assim como o Evangelho por ele pregado. \u00c9 importante destacar a mudan\u00e7a de vida do ap\u00f3stolo: de perseguidor torna-se defensor do projeto de Jesus. Sempre \u00e9 tempo de transformar a vida para melhor, deixando para tr\u00e1s o que n\u00e3o \u00e9 da vontade de Deus. N\u00e3o muito longe de Pedro, repousa Paulo que, de perseguidor, se tornou o Ap\u00f3stolo dos Gentios, o mission\u00e1rio ardoroso do Evangelho. O seu mart\u00edrio revelou a subst\u00e2ncia da sua f\u00e9. A evangeliza\u00e7\u00e3o das duas colunas da Igreja apoia-se, n\u00e3o sobre uma mensagem intelectual, mas sobre uma pr\u00e1xis profunda, sofrida e testemunhada com a palavra de Jesus.<\/p>\n<p style=\"text-align: justify; text-indent: 35.4pt;\">Reafirmamos na celebra\u00e7\u00e3o dos Ap\u00f3stolos Pedro e Paulo nossa ades\u00e3o a um vivo e aut\u00eantico testemunho de f\u00e9 na Igreja \u201cuna, santa, cat\u00f3lica, apost\u00f3lica\u201d. Pedro \u00e9, efetivamente, a pedra que se apoia diretamente sobre a pedra angular que \u00e9 Cristo. Pedro, e Paulo s\u00e3o os \u00faltimos elos de uma corrente que nos liga a Jesus. Celebrando Pedro e Paulo celebramos os \u201cfundadores\u201d da nossa f\u00e9, os genearcas do povo crist\u00e3o. Ambos foram martirizados em Roma, na persegui\u00e7\u00e3o de Nero, por volta do ano 64 d. C.<\/p>\n<p style=\"text-align: justify; text-indent: 35.4pt;\">O lugar de Pedro e dos seus sucessores n\u00e3o \u00e9 um cargo honor\u00edfico ou uma recompensa de m\u00e9ritos. \u00c9 um servi\u00e7o, o servi\u00e7o de apascentar as ovelhas do Senhor: \u201cApascenta as minhas ovelhas\u201d, disse Jesus (Jo 21, 15ss). Com o dever de dar testemunho d\u2019Ele, Jesus confiou a Pedro a sua pr\u00f3pria miss\u00e3o de Servo e Pastor. Testemunha de Cristo, pastor e servo dos crentes s\u00e3o prerrogativas que, de Cristo passaram a Pedro e, de Pedro, aos seus sucessores, os bispos de Roma.<\/p>\n<p style=\"text-align: justify; text-indent: 35.4pt;\">Por isso neste final de semana \u00e9 tempo forte de rezar pelo Santo Padre o Papa Francisco, sucessor de Pedro, para que Ele, que o confiou uma tal miss\u00e3o, o ilumine e o torne, cada vez mais, capaz de confirmar na f\u00e9 os seus irm\u00e3os.<\/p>\n<p style=\"text-align: center; text-indent: 35.4pt;\" align=\"center\"><b>+ Anuar Battisti<\/b><\/p>\n<p style=\"text-align: center; text-indent: 35.4pt;\" align=\"center\"><b>Arcebispo Em\u00e9rito de Maring\u00e1, PR<\/b><\/p>\n","protected":false},"excerpt":{"rendered":"<p>Desde o s\u00e9culo III que a Liturgia une na mesma celebra\u00e7\u00e3o as duas colunas da Igreja, Pedro e Paulo. Mestres insepar\u00e1veis de f\u00e9 e de inspira\u00e7\u00e3o crist\u00e3 pela sua autoridade, simbolizam todo o Col\u00e9gio Apost\u00f3lico. Pedro era natural de Betsaida, onde exercia a profiss\u00e3o de pescador. Jesus chamou-o e confiou-lhe a miss\u00e3o de guiar e [&hellip;]<\/p>\n","protected":false},"author":1,"featured_media":55814,"comment_status":"open","ping_status":"closed","sticky":false,"template":"","format":"standard","meta":{"footnotes":""},"categories":[9],"tags":[],"class_list":["post-89092","post","type-post","status-publish","format-standard","has-post-thumbnail","hentry","category-artigos"],"_links":{"self":[{"href":"https:\/\/catolicanet.net\/wp-cnet\/wp-json\/wp\/v2\/posts\/89092","targetHints":{"allow":["GET"]}}],"collection":[{"href":"https:\/\/catolicanet.net\/wp-cnet\/wp-json\/wp\/v2\/posts"}],"about":[{"href":"https:\/\/catolicanet.net\/wp-cnet\/wp-json\/wp\/v2\/types\/post"}],"author":[{"embeddable":true,"href":"https:\/\/catolicanet.net\/wp-cnet\/wp-json\/wp\/v2\/users\/1"}],"replies":[{"embeddable":true,"href":"https:\/\/catolicanet.net\/wp-cnet\/wp-json\/wp\/v2\/comments?post=89092"}],"version-history":[{"count":1,"href":"https:\/\/catolicanet.net\/wp-cnet\/wp-json\/wp\/v2\/posts\/89092\/revisions"}],"predecessor-version":[{"id":89094,"href":"https:\/\/catolicanet.net\/wp-cnet\/wp-json\/wp\/v2\/posts\/89092\/revisions\/89094"}],"wp:featuredmedia":[{"embeddable":true,"href":"https:\/\/catolicanet.net\/wp-cnet\/wp-json\/wp\/v2\/media\/55814"}],"wp:attachment":[{"href":"https:\/\/catolicanet.net\/wp-cnet\/wp-json\/wp\/v2\/media?parent=89092"}],"wp:term":[{"taxonomy":"category","embeddable":true,"href":"https:\/\/catolicanet.net\/wp-cnet\/wp-json\/wp\/v2\/categories?post=89092"},{"taxonomy":"post_tag","embeddable":true,"href":"https:\/\/catolicanet.net\/wp-cnet\/wp-json\/wp\/v2\/tags?post=89092"}],"curies":[{"name":"wp","href":"https:\/\/api.w.org\/{rel}","templated":true}]}}