{"id":89071,"date":"2024-06-27T10:17:32","date_gmt":"2024-06-27T13:17:32","guid":{"rendered":"https:\/\/catolicanet.net\/wp-cnet\/?p=89071"},"modified":"2024-06-27T14:19:20","modified_gmt":"2024-06-27T17:19:20","slug":"comissao-episcopal-para-a-doutrina-da-fe-prepara-publicacao-sobre-o-concilio-ecumenico-de-niceia","status":"publish","type":"post","link":"https:\/\/catolicanet.net\/wp-cnet\/comissao-episcopal-para-a-doutrina-da-fe-prepara-publicacao-sobre-o-concilio-ecumenico-de-niceia\/","title":{"rendered":"COMISS\u00c3O EPISCOPAL PARA A DOUTRINA DA F\u00c9 PREPARA PUBLICA\u00c7\u00c3O SOBRE O CONC\u00cdLIO ECUM\u00caNICO DE NIC\u00c9IA"},"content":{"rendered":"<p style=\"text-align: justify;\">A Comiss\u00e3o Episcopal para a Doutrina da F\u00e9 da Confer\u00eancia Nacional dos Bispos do Brasil (CNBB) est\u00e1 reunida na sede da entidade, em Bras\u00edlia (DF), desde ter\u00e7a-feira, 25. O primeiro momento do encontro foi entre os bispos membros da Comiss\u00e3o e os assessores. E desde a manh\u00e3 de ontem, 26, at\u00e9 a tarde de hoje, o grupo recebe peritos que contribuem nas atividades relacionadas \u00e0s tem\u00e1ticas teol\u00f3gicas e doutrinais.<\/p>\n<p style=\"text-align: justify;\">De acordo com o bispo de Petr\u00f3polis (RJ) e presidente da Comiss\u00e3o para a Doutrina da F\u00e9, dom Joel Portella Amado, esta \u00e9 a segunda reuni\u00e3o presencial no ano, al\u00e9m dos encontros virtuais. Nesta ocasi\u00e3o, s\u00e3o duas finalidades: rever a caminhada desde que a Comiss\u00e3o foi formada, em maio de 2023, e tratar dos trabalhos que est\u00e3o sob os cuidados do grupo.<\/p>\n<p style=\"text-align: justify;\">Segundo dom Joel, a escolha de envolver os peritos na discuss\u00e3o sobre as tarefas da Comiss\u00e3o foi uma escolha positiva. \u201cO melhor caminho foi envolver tamb\u00e9m os peritos, e o resultado tem sido muito bom\u201d, avaliou.<\/p>\n<p style=\"text-align: justify;\"><img loading=\"lazy\" decoding=\"async\" class=\"aligncenter size-full wp-image-965830\" src=\"https:\/\/www.cnbb.org.br\/wp-content\/uploads\/2024\/06\/Comissao-Doutrina-da-Fe-jun24-1.jpg\" sizes=\"auto, (max-width: 960px) 100vw, 960px\" srcset=\"https:\/\/www.cnbb.org.br\/wp-content\/uploads\/2024\/06\/Comissao-Doutrina-da-Fe-jun24-1.jpg 960w, https:\/\/www.cnbb.org.br\/wp-content\/uploads\/2024\/06\/Comissao-Doutrina-da-Fe-jun24-1-300x169.jpg 300w, https:\/\/www.cnbb.org.br\/wp-content\/uploads\/2024\/06\/Comissao-Doutrina-da-Fe-jun24-1-768x432.jpg 768w, https:\/\/www.cnbb.org.br\/wp-content\/uploads\/2024\/06\/Comissao-Doutrina-da-Fe-jun24-1-500x281.jpg 500w\" alt=\"\" width=\"960\" height=\"540\" \/><\/p>\n<p style=\"text-align: justify;\">\n<h3 style=\"text-align: justify;\">Conc\u00edlio de Nic\u00e9ia<\/h3>\n<p style=\"text-align: justify;\">No ano em que a Igreja celebrar\u00e1 os 1700 anos do Conc\u00edlio Ecum\u00eanico de Nic\u00e9ia , o qual proclamou que \u201cJesus Cristo \u00e9 verdadeiro Deus e verdadeiro homem\u201d, v\u00e1rias a\u00e7\u00f5es da Igreja em todo o mundo v\u00e3o recordar essa marca. No Brasil, a Comiss\u00e3o Episcopal para a Doutrina da F\u00e9 prepara uma publica\u00e7\u00e3o a respeito.<\/p>\n<blockquote><p>\u201cO grande projeto no momento \u00e9 o Conc\u00edlio de Nic\u00e9ia, passamos quase um dia analisando um texto produzido por dois peritos e lido, analisado e revisto pelos demais, sobre o Conc\u00edlio de Nic\u00e9ia e as implica\u00e7\u00f5es pastorais e existenciais do conc\u00edlio\u201d, explicou dom Joel.<\/p><\/blockquote>\n<p style=\"text-align: justify;\">Outra a\u00e7\u00e3o preparada pela Comiss\u00e3o \u00e9 um projeto que visa estabelecer um v\u00ednculo com os programas de p\u00f3s-gradua\u00e7\u00e3o em Teologia e Ci\u00eancias da Religi\u00e3o das Universidades Cat\u00f3licas do Brasil.<\/p>\n<blockquote><p>\u201cN\u00f3s vamos ter uma reuni\u00e3o virtual que permitir\u00e1 conversar com as coordena\u00e7\u00f5es desses programas, ver o que est\u00e3o produzindo, ver por onde passa a Teologia, para estabelecer uma proximidade entre aquilo que a comiss\u00e3o, na sua miss\u00e3o, na sua identidade faz, e aquilo que est\u00e1 sendo estudado, pesquisado e divulgado no \u00e2mbito da Teologia\u201d, partilhou.<\/p><\/blockquote>\n<p style=\"text-align: justify;\"><img loading=\"lazy\" decoding=\"async\" class=\"aligncenter size-full wp-image-965829\" src=\"https:\/\/www.cnbb.org.br\/wp-content\/uploads\/2024\/06\/Comissao-Doutrina-da-Fe-jun24-4.jpg\" sizes=\"auto, (max-width: 960px) 100vw, 960px\" srcset=\"https:\/\/www.cnbb.org.br\/wp-content\/uploads\/2024\/06\/Comissao-Doutrina-da-Fe-jun24-4.jpg 960w, https:\/\/www.cnbb.org.br\/wp-content\/uploads\/2024\/06\/Comissao-Doutrina-da-Fe-jun24-4-300x169.jpg 300w, https:\/\/www.cnbb.org.br\/wp-content\/uploads\/2024\/06\/Comissao-Doutrina-da-Fe-jun24-4-768x432.jpg 768w, https:\/\/www.cnbb.org.br\/wp-content\/uploads\/2024\/06\/Comissao-Doutrina-da-Fe-jun24-4-500x281.jpg 500w\" alt=\"\" width=\"960\" height=\"540\" \/><\/p>\n<p style=\"text-align: justify;\">\n<p style=\"text-align: justify;\">Dom Joel tamb\u00e9m recordou a fun\u00e7\u00e3o da Comiss\u00e3o para a Doutrina da F\u00e9 com os pareceres sobre os textos publicados oficialmente pela Confer\u00eancia Nacional dos Bispos do Brasil e pela editora Edi\u00e7\u00f5es CNBB, um trabalho silencioso que a difere das outras comiss\u00f5es. Um exemplo de texto analisado deve ser publicado em breve: o texto-base da Campanha da Fraternidade 2025.<\/p>\n<p style=\"text-align: justify;\">\n<p style=\"text-align: justify;\"><img loading=\"lazy\" decoding=\"async\" class=\"aligncenter size-full wp-image-965832\" src=\"https:\/\/www.cnbb.org.br\/wp-content\/uploads\/2024\/06\/Comissao-Doutrina-da-Fe-jun24-3-scaled.jpg\" sizes=\"auto, (max-width: 2560px) 100vw, 2560px\" srcset=\"https:\/\/www.cnbb.org.br\/wp-content\/uploads\/2024\/06\/Comissao-Doutrina-da-Fe-jun24-3-scaled.jpg 2560w, https:\/\/www.cnbb.org.br\/wp-content\/uploads\/2024\/06\/Comissao-Doutrina-da-Fe-jun24-3-300x200.jpg 300w, https:\/\/www.cnbb.org.br\/wp-content\/uploads\/2024\/06\/Comissao-Doutrina-da-Fe-jun24-3-1024x682.jpg 1024w, https:\/\/www.cnbb.org.br\/wp-content\/uploads\/2024\/06\/Comissao-Doutrina-da-Fe-jun24-3-768x511.jpg 768w, https:\/\/www.cnbb.org.br\/wp-content\/uploads\/2024\/06\/Comissao-Doutrina-da-Fe-jun24-3-1536x1023.jpg 1536w, https:\/\/www.cnbb.org.br\/wp-content\/uploads\/2024\/06\/Comissao-Doutrina-da-Fe-jun24-3-2048x1363.jpg 2048w, https:\/\/www.cnbb.org.br\/wp-content\/uploads\/2024\/06\/Comissao-Doutrina-da-Fe-jun24-3-500x333.jpg 500w\" alt=\"\" width=\"2560\" height=\"1704\" \/><\/p>\n<p style=\"text-align: justify;\">\n<p style=\"text-align: justify;\">A Comiss\u00e3o Episcopal para a Doutrina da F\u00e9 \u00e9 presidida por dom Joel Portella Amado. S\u00e3o os outros membros dom Ant\u00f4nio Luiz Catelan Ferreira, auxiliar da arquidiocese do Rio de Janeiro (RJ); dom Francisco de Sales Alencar Batista, bispo de Mossor\u00f3 (RN), que n\u00e3o esteve presente na reuni\u00e3o; dom Magnus Henrique Lopes, bispo de Crato (CE); e dom Marcelo Ant\u00f4nio da Silva, bispo auxiliar de Santo Amaro (SP). S\u00e3o os assessores da Comiss\u00e3o os padres Douglas Alves Fontes e Thiago De Moliner Eufr\u00e1sio, recentemente confirmado pelo Conselho Permanente da CNBB.<\/p>\n","protected":false},"excerpt":{"rendered":"<p>A Comiss\u00e3o Episcopal para a Doutrina da F\u00e9 da Confer\u00eancia Nacional dos Bispos do Brasil (CNBB) est\u00e1 reunida na sede da entidade, em Bras\u00edlia (DF), desde ter\u00e7a-feira, 25. O primeiro momento do encontro foi entre os bispos membros da Comiss\u00e3o e os assessores. E desde a manh\u00e3 de ontem, 26, at\u00e9 a tarde de hoje, [&hellip;]<\/p>\n","protected":false},"author":1,"featured_media":89072,"comment_status":"open","ping_status":"closed","sticky":false,"template":"","format":"standard","meta":{"footnotes":""},"categories":[7],"tags":[],"class_list":["post-89071","post","type-post","status-publish","format-standard","has-post-thumbnail","hentry","category-cnbb"],"_links":{"self":[{"href":"https:\/\/catolicanet.net\/wp-cnet\/wp-json\/wp\/v2\/posts\/89071","targetHints":{"allow":["GET"]}}],"collection":[{"href":"https:\/\/catolicanet.net\/wp-cnet\/wp-json\/wp\/v2\/posts"}],"about":[{"href":"https:\/\/catolicanet.net\/wp-cnet\/wp-json\/wp\/v2\/types\/post"}],"author":[{"embeddable":true,"href":"https:\/\/catolicanet.net\/wp-cnet\/wp-json\/wp\/v2\/users\/1"}],"replies":[{"embeddable":true,"href":"https:\/\/catolicanet.net\/wp-cnet\/wp-json\/wp\/v2\/comments?post=89071"}],"version-history":[{"count":1,"href":"https:\/\/catolicanet.net\/wp-cnet\/wp-json\/wp\/v2\/posts\/89071\/revisions"}],"predecessor-version":[{"id":89074,"href":"https:\/\/catolicanet.net\/wp-cnet\/wp-json\/wp\/v2\/posts\/89071\/revisions\/89074"}],"wp:featuredmedia":[{"embeddable":true,"href":"https:\/\/catolicanet.net\/wp-cnet\/wp-json\/wp\/v2\/media\/89072"}],"wp:attachment":[{"href":"https:\/\/catolicanet.net\/wp-cnet\/wp-json\/wp\/v2\/media?parent=89071"}],"wp:term":[{"taxonomy":"category","embeddable":true,"href":"https:\/\/catolicanet.net\/wp-cnet\/wp-json\/wp\/v2\/categories?post=89071"},{"taxonomy":"post_tag","embeddable":true,"href":"https:\/\/catolicanet.net\/wp-cnet\/wp-json\/wp\/v2\/tags?post=89071"}],"curies":[{"name":"wp","href":"https:\/\/api.w.org\/{rel}","templated":true}]}}