{"id":89051,"date":"2024-06-27T09:56:25","date_gmt":"2024-06-27T12:56:25","guid":{"rendered":"https:\/\/catolicanet.net\/wp-cnet\/?p=89051"},"modified":"2024-06-27T13:01:10","modified_gmt":"2024-06-27T16:01:10","slug":"poder-descontrolado-sobre-a-natureza-gera-monstros-adverte-o-papa","status":"publish","type":"post","link":"https:\/\/catolicanet.net\/wp-cnet\/poder-descontrolado-sobre-a-natureza-gera-monstros-adverte-o-papa\/","title":{"rendered":"Poder descontrolado sobre a natureza gera monstros, adverte o Papa"},"content":{"rendered":"<div class=\"mediaContent__inner \">\n<figure class=\"article__image\" style=\"text-align: justify;\"><span class=\"didascalia_img\">2024.06.27 Mensagem do Papa para o Dia Mundial de Ora\u00e7\u00e3o pela Cria\u00e7\u00e3o<\/span><\/figure>\n<\/div>\n<article class=\"article \">\n<div class=\"article__meta audioInside\" data-mediatype=\"foto\">\n<div class=\"article__subTitle\" style=\"text-align: justify;\">Para o Dia Mundial de Ora\u00e7\u00e3o pelo Cuidado da Cria\u00e7\u00e3o, Francisco prop\u00f5e repensar a quest\u00e3o do poder humano, do seu significado e dos seus limites, &#8220;pois um poder descontrolado gera monstros e volta-se contra n\u00f3s mesmos&#8221;.<\/div>\n<div class=\"title__separator\" style=\"text-align: justify;\"><\/div>\n<div class=\"article__text\">\n<p style=\"text-align: justify;\"><b>Vatican News<\/b><\/p>\n<p style=\"text-align: justify;\">&#8220;Espera e age com a cria\u00e7\u00e3o&#8221; \u00e9 o tema do Dia de Ora\u00e7\u00e3o pelo Cuidado da Cria\u00e7\u00e3o, que se realizar\u00e1 no pr\u00f3ximo 1 de setembro.<\/p>\n<p style=\"text-align: justify;\">A\u00a0<a href=\"https:\/\/press.vatican.va\/content\/salastampa\/it\/bollettino\/pubblico\/2024\/06\/27\/0533\/01097.html#po\" target=\"_blank\" rel=\"external noopener\">mensagem do Papa<\/a>\u00a0para a ocasi\u00e3o foi divulgada esta quinta-feira (27\/06), e refere-se \u00e0 Carta de S\u00e3o Paulo aos Romanos 8, 19-25. O Ap\u00f3stolo, ao esclarecer o significado de viver segundo o Esp\u00edrito, concentra-se na esperan\u00e7a firme da salva\u00e7\u00e3o pela f\u00e9, que \u00e9 vida nova em Cristo.<\/p>\n<div style=\"text-align: justify;\">\n<div class=\"article__embed article__embed--unwrap article__embed--dark\">\n<div class=\"article__innerTitle\">Ou\u00e7a a reportagem<\/div>\n<div>\n<!--[if lt IE 9]><script>document.createElement('audio');<\/script><![endif]-->\n<audio class=\"wp-audio-shortcode\" id=\"audio-89051-1\" preload=\"none\" style=\"width: 100%;\" controls=\"controls\"><source type=\"audio\/mpeg\" src=\"https:\/\/media.vaticannews.va\/media\/audio\/s1\/2024\/06\/27\/10\/138071089_F138071089.mp3?_=1\" \/><a href=\"https:\/\/media.vaticannews.va\/media\/audio\/s1\/2024\/06\/27\/10\/138071089_F138071089.mp3\">https:\/\/media.vaticannews.va\/media\/audio\/s1\/2024\/06\/27\/10\/138071089_F138071089.mp3<\/a><\/audio>\n<\/div>\n<\/div>\n<\/div>\n<p style=\"text-align: justify;\">Para Francisco, a esperan\u00e7a \u00e9 a possibilidade de permanecer firme no meio das adversidades, de n\u00e3o desanimar nos momentos de tribula\u00e7\u00e3o ou diante da barb\u00e1rie humana.<\/p>\n<p style=\"text-align: justify;\">A esperan\u00e7a crist\u00e3 n\u00e3o desilude, mas tamb\u00e9m n\u00e3o ilude, ressalva o Papa. A cria\u00e7\u00e3o geme e o vemos atrav\u00e9s de tanta injusti\u00e7a, tantas guerras fratricidas que provocam a morte de crian\u00e7as, destroem cidades, poluem o ambiente em que vive o homem.<\/p>\n<p style=\"text-align: justify;\">A luta moral dos crist\u00e3os est\u00e1 ligada ao \u201cgemido\u201d da cria\u00e7\u00e3o, que est\u00e1 sujeita \u00e0 dissolu\u00e7\u00e3o e \u00e0 morte, agravadas pelos abusos humanos sobre a natureza.<\/p>\n<p style=\"text-align: justify;\">Por isso, permanece v\u00e1lido o convite \u00e0 convers\u00e3o dos estilos de vida, a resistir \u00e0 degrada\u00e7\u00e3o humana do meio ambiente e a manifestar aquela cr\u00edtica social que \u00e9, em primeiro lugar, testemunho da possibilidade de mudan\u00e7a.<\/p>\n<p style=\"text-align: justify;\">Esta convers\u00e3o, explica Francisco, consiste em passar da arrog\u00e2ncia de quem quer dominar os outros e a natureza \u00e0 humildade de quem cuida dos outros e da cria\u00e7\u00e3o. E cita a famosa frase da Exorta\u00e7\u00e3o Apost\u00f3lica Laudate Deum: \u201cUm ser humano que pretenda tomar o lugar de Deus torna-se o pior perigo para si mesmo\u201d.<\/p>\n<p style=\"text-align: justify;\">O Papa prop\u00f5e que se repense a quest\u00e3o do poder humano, do seu significado e dos seus limites, pois um poder descontrolado gera monstros e volta-se contra n\u00f3s mesmos.<\/p>\n<p style=\"text-align: justify;\">O Pont\u00edfice volta a afirmar que \u00e9 urgente colocar limites \u00e9ticos ao desenvolvimento da intelig\u00eancia artificial, que com a sua capacidade de c\u00e1lculo e de simula\u00e7\u00e3o poderia ser utilizada para dominar o homem e a natureza, em vez de estar ao servi\u00e7o da paz e do desenvolvimento integral.<\/p>\n<p style=\"text-align: justify;\">De \u201cpredador\u201d, portanto, o homem deve ser \u201ccultivador\u201d do jardim. J\u00e1 a tradi\u00e7\u00e3o judaico-crist\u00e3 recorda que terra est\u00e1 confiada ao homem, mas continua a ser de Deus. Por isso, pretender possuir e dominar a natureza, manipulando-a a seu bel-prazer, \u00e9 uma forma de idolatria.<\/p>\n<p style=\"text-align: justify;\">\u201c\u00c9 o homem embriagado com o seu pr\u00f3prio poder tecnocr\u00e1tico, que com arrog\u00e2ncia coloca a terra numa condi\u00e7\u00e3o de \u2018des-gra\u00e7a\u2019, isto \u00e9, privada da gra\u00e7a de Deus\u201d, escreve Francisco.<\/p>\n<p style=\"text-align: justify;\">Por conseguinte, a salvaguarda da cria\u00e7\u00e3o n\u00e3o \u00e9 apenas uma quest\u00e3o \u00e9tica, mas \u00e9 eminentemente teol\u00f3gica: diz respeito ao entrela\u00e7amento entre o mist\u00e9rio do homem e o mist\u00e9rio de Deus. Nesta hist\u00f3ria, n\u00e3o est\u00e1 em jogo apenas a vida terrena do homem, est\u00e1 sobretudo em jogo o seu destino na eternidade.<\/p>\n<p style=\"text-align: justify;\">O Papa recorda que h\u00e1 uma motiva\u00e7\u00e3o transcendente (teol\u00f3gico-\u00e9tica) que compromete o crist\u00e3o a promover a justi\u00e7a e a paz no mundo, tamb\u00e9m atrav\u00e9s do destino universal dos bens.<\/p>\n<p style=\"text-align: justify;\">Esperar e agir com a cria\u00e7\u00e3o significa, ent\u00e3o, viver uma f\u00e9 encarnada, que sabe entrar na carne sofredora e esperan\u00e7osa das pessoas, partilhando a expectativa da ressurrei\u00e7\u00e3o corporal a que os fi\u00e9is est\u00e3o predestinados em Cristo.<\/p>\n<p style=\"text-align: justify;\">\u00c9 no interior dos dramas da carne humana que sofre que a esperan\u00e7a deve ser testemunhada. E se algu\u00e9m sonha, afirma Francisco, \u201cent\u00e3o que sonhe com os olhos abertos, animados por vis\u00f5es de amor, fraternidade, amizade e justi\u00e7a para todos\u201d.<\/p>\n<\/div>\n<\/div>\n<\/article>\n","protected":false},"excerpt":{"rendered":"<p>2024.06.27 Mensagem do Papa para o Dia Mundial de Ora\u00e7\u00e3o pela Cria\u00e7\u00e3o Para o Dia Mundial de Ora\u00e7\u00e3o pelo Cuidado da Cria\u00e7\u00e3o, Francisco prop\u00f5e repensar a quest\u00e3o do poder humano, do seu significado e dos seus limites, &#8220;pois um poder descontrolado gera monstros e volta-se contra n\u00f3s mesmos&#8221;. Vatican News &#8220;Espera e age com a [&hellip;]<\/p>\n","protected":false},"author":1,"featured_media":89052,"comment_status":"open","ping_status":"closed","sticky":false,"template":"","format":"standard","meta":{"footnotes":""},"categories":[13,3],"tags":[],"class_list":["post-89051","post","type-post","status-publish","format-standard","has-post-thumbnail","hentry","category-featured","category-vaticano"],"_links":{"self":[{"href":"https:\/\/catolicanet.net\/wp-cnet\/wp-json\/wp\/v2\/posts\/89051","targetHints":{"allow":["GET"]}}],"collection":[{"href":"https:\/\/catolicanet.net\/wp-cnet\/wp-json\/wp\/v2\/posts"}],"about":[{"href":"https:\/\/catolicanet.net\/wp-cnet\/wp-json\/wp\/v2\/types\/post"}],"author":[{"embeddable":true,"href":"https:\/\/catolicanet.net\/wp-cnet\/wp-json\/wp\/v2\/users\/1"}],"replies":[{"embeddable":true,"href":"https:\/\/catolicanet.net\/wp-cnet\/wp-json\/wp\/v2\/comments?post=89051"}],"version-history":[{"count":1,"href":"https:\/\/catolicanet.net\/wp-cnet\/wp-json\/wp\/v2\/posts\/89051\/revisions"}],"predecessor-version":[{"id":89054,"href":"https:\/\/catolicanet.net\/wp-cnet\/wp-json\/wp\/v2\/posts\/89051\/revisions\/89054"}],"wp:featuredmedia":[{"embeddable":true,"href":"https:\/\/catolicanet.net\/wp-cnet\/wp-json\/wp\/v2\/media\/89052"}],"wp:attachment":[{"href":"https:\/\/catolicanet.net\/wp-cnet\/wp-json\/wp\/v2\/media?parent=89051"}],"wp:term":[{"taxonomy":"category","embeddable":true,"href":"https:\/\/catolicanet.net\/wp-cnet\/wp-json\/wp\/v2\/categories?post=89051"},{"taxonomy":"post_tag","embeddable":true,"href":"https:\/\/catolicanet.net\/wp-cnet\/wp-json\/wp\/v2\/tags?post=89051"}],"curies":[{"name":"wp","href":"https:\/\/api.w.org\/{rel}","templated":true}]}}