{"id":89041,"date":"2024-06-24T10:57:40","date_gmt":"2024-06-24T13:57:40","guid":{"rendered":"https:\/\/catolicanet.net\/wp-cnet\/?p=89041"},"modified":"2024-06-24T15:59:17","modified_gmt":"2024-06-24T18:59:17","slug":"cinco-citacoes-de-sao-joao-batista-para-conhecer-melhor-a-voz-que-clama-no-deserto","status":"publish","type":"post","link":"https:\/\/catolicanet.net\/wp-cnet\/cinco-citacoes-de-sao-joao-batista-para-conhecer-melhor-a-voz-que-clama-no-deserto\/","title":{"rendered":"Cinco cita\u00e7\u00f5es de s\u00e3o Jo\u00e3o Batista para conhecer melhor &#8220;a voz que clama no deserto&#8221;"},"content":{"rendered":"<p style=\"text-align: justify;\">S\u00e3o Jo\u00e3o Batista est\u00e1, sem d\u00favida, muito bem acompanhado. Ele e a Virgem Maria s\u00e3o os \u00fanicos santos que t\u00eam celebra\u00e7\u00f5es de sua data de nascimento.<\/p>\n<p style=\"text-align: justify;\">Cinco cita\u00e7\u00f5es b\u00edblicas ajudam a conhecer melhor o homem sobre quem Jesus disse: \u201centre todos os nascidos de mulher, n\u00e3o h\u00e1 ningu\u00e9m maior do que Jo\u00e3o\u201d (Lc 7, 28).<\/p>\n<p style=\"text-align: justify;\"><strong>1. \u201cEle vos batizar\u00e1 com o Esp\u00edrito Santo e com fogo\u201d (Mt 3, 11)<\/strong><\/p>\n<p style=\"text-align: justify;\">John Bergsma, especialista em B\u00edblia e professor de teologia na Universidade Franciscana de Steubenville, nos Estados Unidos, escreveu sobre a possibilidade de Jo\u00e3o Batista ter feito parte da comunidade judaica dos ess\u00eanios, que vinculavam intimamente o Esp\u00edrito Santo \u00e0 \u00e1gua.<\/p>\n<p style=\"text-align: justify;\">Bergsma, que \u00e9 doutor em Teologia e especialista no Antigo Testamento, afirma que Jo\u00e3o Batista foi mais al\u00e9m e n\u00e3o conectou o batismo do Messias apenas com a \u00e1gua e o Esp\u00edrito Santo, mas tamb\u00e9m com o fogo.<\/p>\n<p style=\"text-align: justify;\"><strong>2. \u201c\u00c9 preciso que Ele cres\u00e7a, e eu diminua\u201d (Jo 3, 30)<\/strong><\/p>\n<p style=\"text-align: justify;\">O nascimento de Jo\u00e3o \u00e9 celebrado perto do auge da luz do sol no hemisf\u00e9rio norte, o solst\u00edcio de ver\u00e3o, que no hemisf\u00e9rio sul corresponde ao solst\u00edcio de inverno.<\/p>\n<p style=\"text-align: justify;\">O calend\u00e1rio lit\u00fargico revela um aspecto da miss\u00e3o de Jo\u00e3o como precursor do Messias, o Filho de Deus encarnado: Ele \u00e9 \u201ca luz que brilha nas trevas\u201d (Jo 1, 5).<\/p>\n<p style=\"text-align: justify;\">A cada ano, ap\u00f3s o solst\u00edcio de ver\u00e3o, a luz do sol come\u00e7a a diminuir. Assim tamb\u00e9m Jo\u00e3o decresce antecipando a vinda do Messias, at\u00e9 tocar o seu ponto mais baixo na v\u00e9spera do Natal, no hemisf\u00e9rio norte. Esse \u00e9 o momento no qual Jesus, \u201ca luz das luzes, desce do c\u00e9u e a pr\u00f3pria luz f\u00edsica come\u00e7a a crescer\u201d.<\/p>\n<p style=\"text-align: justify;\"><strong>3. \u201cArrependei-vos, pois o Reino dos C\u00e9us est\u00e1 pr\u00f3ximo\u201d (Mt 4, 17)<\/strong><\/p>\n<p style=\"text-align: justify;\">S\u00e3o Jo\u00e3o Batista foi um verdadeiro m\u00edstico. Sua vitalidade interior e sua vis\u00e3o sobrenatural da realidade permitiram-lhe guiar outras pessoas na convic\u00e7\u00e3o de uma mudan\u00e7a de vida que lhes possibilitasse ver o C\u00e9u.<\/p>\n<p style=\"text-align: justify;\">\u201cBatizado pelo Esp\u00edrito Santo no ventre de sua m\u00e3e, a vida de Jo\u00e3o foi marcada pela chegada do Reino do C\u00e9u desde seus primeiros dias. Suas palavras registram a realidade das primeiras palavras de Jesus no Evangelho de Marcos: \u00b4Arrependei-vos, pois o Reino dos C\u00e9us est\u00e1 pr\u00f3ximo\u00b4\u201d, afirma Bergsma.<\/p>\n<p style=\"text-align: justify;\"><strong>4. \u201cCrias de v\u00edboras! Como podeis falar coisas boas, sendo maus?\u201d (Mt 12, 34)<\/strong><\/p>\n<p style=\"text-align: justify;\">Jo\u00e3o Batista n\u00e3o gostava da hipocrisia. As palavras que ele escolheu para dirigir-se aos fariseus e aos saduceus deixam isso claro. \u201cSuas palavras s\u00e3o um lembrete, n\u00e3o t\u00e3o am\u00e1vel, de que o humilde reconhecimento de nossos pecados \u00e9 mais importante que as apar\u00eancias\u201d, afirma o especialista em B\u00edblia.<\/p>\n<p style=\"text-align: justify;\"><strong>5. \u201cEis o Cordeiro de Deus\u201d (Jo 1, 29)<\/strong><\/p>\n<p style=\"text-align: justify;\">Jo\u00e3o Batista foi um dos primeiros a reconhecer a divindade de Jesus. \u201cEle n\u00e3o apenas salta no ventre de sua m\u00e3e. Ele tamb\u00e9m instrui seus disc\u00edpulos Andr\u00e9 e Jo\u00e3o para que sigam Jesus, chamando-o de Cordeiro de Deus\u201d.<\/p>\n<p style=\"text-align: justify;\">Bergsma lembra que essas palavras s\u00e3o repetidas pelos sacerdotes em cada missa: \u201cEis o Cordeiro de Deus que tira o pecado do mundo\u201d.<\/p>\n<p style=\"text-align: justify;\">\u201cQue, nesta festa, as palavras de Jo\u00e3o Batista acendam o fogo em voc\u00ea\u201d e que voc\u00ea \u201cveja o C\u00e9u na sua vida cotidiana, viva com integridade e contemple o Cordeiro de Deus\u201d, conclui o especialista.<\/p>\n","protected":false},"excerpt":{"rendered":"<p>S\u00e3o Jo\u00e3o Batista est\u00e1, sem d\u00favida, muito bem acompanhado. Ele e a Virgem Maria s\u00e3o os \u00fanicos santos que t\u00eam celebra\u00e7\u00f5es de sua data de nascimento. Cinco cita\u00e7\u00f5es b\u00edblicas ajudam a conhecer melhor o homem sobre quem Jesus disse: \u201centre todos os nascidos de mulher, n\u00e3o h\u00e1 ningu\u00e9m maior do que Jo\u00e3o\u201d (Lc 7, 28). [&hellip;]<\/p>\n","protected":false},"author":1,"featured_media":89042,"comment_status":"open","ping_status":"closed","sticky":false,"template":"","format":"standard","meta":{"footnotes":""},"categories":[4,13],"tags":[],"class_list":["post-89041","post","type-post","status-publish","format-standard","has-post-thumbnail","hentry","category-cotidiano","category-featured"],"_links":{"self":[{"href":"https:\/\/catolicanet.net\/wp-cnet\/wp-json\/wp\/v2\/posts\/89041","targetHints":{"allow":["GET"]}}],"collection":[{"href":"https:\/\/catolicanet.net\/wp-cnet\/wp-json\/wp\/v2\/posts"}],"about":[{"href":"https:\/\/catolicanet.net\/wp-cnet\/wp-json\/wp\/v2\/types\/post"}],"author":[{"embeddable":true,"href":"https:\/\/catolicanet.net\/wp-cnet\/wp-json\/wp\/v2\/users\/1"}],"replies":[{"embeddable":true,"href":"https:\/\/catolicanet.net\/wp-cnet\/wp-json\/wp\/v2\/comments?post=89041"}],"version-history":[{"count":1,"href":"https:\/\/catolicanet.net\/wp-cnet\/wp-json\/wp\/v2\/posts\/89041\/revisions"}],"predecessor-version":[{"id":89044,"href":"https:\/\/catolicanet.net\/wp-cnet\/wp-json\/wp\/v2\/posts\/89041\/revisions\/89044"}],"wp:featuredmedia":[{"embeddable":true,"href":"https:\/\/catolicanet.net\/wp-cnet\/wp-json\/wp\/v2\/media\/89042"}],"wp:attachment":[{"href":"https:\/\/catolicanet.net\/wp-cnet\/wp-json\/wp\/v2\/media?parent=89041"}],"wp:term":[{"taxonomy":"category","embeddable":true,"href":"https:\/\/catolicanet.net\/wp-cnet\/wp-json\/wp\/v2\/categories?post=89041"},{"taxonomy":"post_tag","embeddable":true,"href":"https:\/\/catolicanet.net\/wp-cnet\/wp-json\/wp\/v2\/tags?post=89041"}],"curies":[{"name":"wp","href":"https:\/\/api.w.org\/{rel}","templated":true}]}}